{"id":22573,"date":"2025-04-13T12:23:46","date_gmt":"2025-04-13T18:23:46","guid":{"rendered":"https:\/\/periodiconuevomilenio.com\/?p=22573"},"modified":"2025-04-13T12:23:48","modified_gmt":"2025-04-13T18:23:48","slug":"la-fiscalia-de-guanajuato-esclarece-homicidio-en-san-miguel-de-allende-con-la-captura-del-presunto-responsable","status":"publish","type":"post","link":"https:\/\/periodiconuevomilenio.com\/index.php\/2025\/04\/13\/la-fiscalia-de-guanajuato-esclarece-homicidio-en-san-miguel-de-allende-con-la-captura-del-presunto-responsable\/","title":{"rendered":"La Fiscal\u00eda \u00a0de Guanajuato esclarece \u00a0homicidio \u00a0en \u00a0San Miguel de \u00a0Allende \u00a0con la captura del presunto responsable"},"content":{"rendered":"\n<p>La Fiscal\u00eda General del Estado de Guanajuato esclareci\u00f3 un homicidio registrado el<\/p>\n\n\n\n<p>30 de septiembre de 2023, en el municipio de San Miguel de Allende.<\/p>\n\n\n\n<p>Los hechos ocurrieron alrededor de las 04:00 horas&nbsp; de la madrugada, en la calle Relox, donde &nbsp;se &nbsp;tuvo &nbsp;conocimiento &nbsp;de &nbsp;una &nbsp;persona&nbsp; sin signos &nbsp;vitales, &nbsp;quien presentaba lesiones en el cuello provocadas por arma blanca.<\/p>\n\n\n\n<p>En el lugar se encontraba otra persona que acompa\u00f1aba al hoy occiso y tambi\u00e9n fue lesionada pero momentos despu\u00e9s recibi\u00f3 atenci\u00f3n m\u00e9dica, mientras elementos de seguridad acordonaban la zona para preservar los indicios del crimen.<\/p>\n\n\n\n<p>Peritos&nbsp; &nbsp;criminalistas&nbsp;&nbsp; realizaron&nbsp; &nbsp;el&nbsp; &nbsp;procesamiento&nbsp; &nbsp;del&nbsp; &nbsp;lugar&nbsp; &nbsp;de&nbsp; &nbsp;los &nbsp;hechos, recolectando&nbsp; pruebas para establecer &nbsp;la mec\u00e1nica&nbsp; de &nbsp;la agresi\u00f3n; &nbsp;La evidencia gr\u00e1fica y el an\u00e1lisis de trayectorias para perfilar al agresor, quien huy\u00f3 del lugar.<\/p>\n\n\n\n<p>Con base en estas pruebas, el Ministerio P\u00fablico solicit\u00f3 y&nbsp; obtuvo una orden de aprehensi\u00f3n en contra de LUIS FERNANDO \u201cN\u201d, quien fue capturado por agentes de Investigaci\u00f3n Criminal para dar continuidad al procedimiento judicial.<\/p>\n\n\n\n<p>Tras analizar los elementos aportados, el Juez de Control resolvi\u00f3 vincular a proceso penal al presunto criminal por el delito de homicidio calificado. En atenci\u00f3n a la gravedad del delito y el riesgo procesal, se le impuso como medida cautelar la prisi\u00f3n preventiva oficiosa, que se mantendr\u00e1 vigente durante todo el proceso penal.<\/p>\n\n\n\n<p>La Fiscal\u00eda de Guanajuato esclarece homicidio en San Miguel de Allende con la captura del presunto responsable<\/p>\n\n\n\n<p>La Fiscal\u00eda General del Estado de Guanajuato esclareci\u00f3 un homicidio registrado el 30 de septiembre de 2023, en el municipio de San Miguel de Allende.<\/p>\n\n\n\n<p>Los hechos ocurrieron alrededor de las 04:00 horas de la madrugada, en la calle Relox, donde&nbsp; se tuvo conocimiento &nbsp;de una persona sin &nbsp;signos &nbsp;vitales, &nbsp;quien &nbsp;presentaba lesiones en el cuello provocadas por arma blanca.<\/p>\n\n\n\n<p>En &nbsp;el&nbsp; lugar se encontraba otra persona que acompa\u00f1aba al hoy occiso y tambi\u00e9n fue lesionada &nbsp;pero momentos despu\u00e9s recibi\u00f3 atenci\u00f3n &nbsp;m\u00e9dica, &nbsp;mientras elementos &nbsp;de seguridad acordonaban la zona para preservar los indicios del crimen.<\/p>\n\n\n\n<p>Peritos criminalistas realizaron el procesamiento del lugar de los hechos, recolectando pruebas para establecer la mec\u00e1nica de la agresi\u00f3n; La evidencia gr\u00e1fica y el an\u00e1lisis de trayectorias para perfilar al agresor, quien huy\u00f3 del lugar.<\/p>\n\n\n\n<p>Con base&nbsp; en &nbsp;estas &nbsp;pruebas, &nbsp;el &nbsp;Ministerio &nbsp;P\u00fablico &nbsp;solicit\u00f3 &nbsp;y &nbsp;obtuvo una orden de aprehensi\u00f3n en contra de LUIS&nbsp; FERNANDO \u201cN\u201d, quien fue capturado por agentes de Investigaci\u00f3n Criminal para dar continuidad al procedimiento judicial.<\/p>\n\n\n\n<p>Tras &nbsp;analizar &nbsp;los elementos &nbsp;aportados, el &nbsp;Juez &nbsp;de Control resolvi\u00f3 vincular &nbsp;a proceso penal al presunto criminal por el delito de homicidio calificado. En atenci\u00f3n a la gravedad del delito y el riesgo procesal, se le impuso como medida cautelar la prisi\u00f3n preventiva oficiosa, que se mantendr\u00e1 vigente durante todo el proceso penal.<\/p>\n\n\n\n<figure class=\"wp-block-image size-large\"><img loading=\"lazy\" decoding=\"async\" width=\"825\" height=\"1024\" src=\"https:\/\/periodiconuevomilenio.com\/wp-content\/uploads\/2025\/04\/IMAGEN-FGE-242-2025-825x1024.jpg\" alt=\"\" class=\"wp-image-22574\" srcset=\"https:\/\/periodiconuevomilenio.com\/wp-content\/uploads\/2025\/04\/IMAGEN-FGE-242-2025-825x1024.jpg 825w, https:\/\/periodiconuevomilenio.com\/wp-content\/uploads\/2025\/04\/IMAGEN-FGE-242-2025-242x300.jpg 242w, https:\/\/periodiconuevomilenio.com\/wp-content\/uploads\/2025\/04\/IMAGEN-FGE-242-2025-768x953.jpg 768w, https:\/\/periodiconuevomilenio.com\/wp-content\/uploads\/2025\/04\/IMAGEN-FGE-242-2025-1237x1536.jpg 1237w, https:\/\/periodiconuevomilenio.com\/wp-content\/uploads\/2025\/04\/IMAGEN-FGE-242-2025-1024x1271.jpg 1024w, https:\/\/periodiconuevomilenio.com\/wp-content\/uploads\/2025\/04\/IMAGEN-FGE-242-2025.jpg 1289w\" sizes=\"auto, (max-width: 825px) 100vw, 825px\" \/><\/figure>\n\n\n","protected":false},"excerpt":{"rendered":"<p>La Fiscal\u00eda General del Estado de Guanajuato esclareci\u00f3 un homicidio registrado el 30 de septiembre de 2023, en<\/p>\n","protected":false},"author":1,"featured_media":22574,"comment_status":"open","ping_status":"open","sticky":false,"template":"","format":"standard","meta":{"jetpack_post_was_ever_published":false,"_jetpack_newsletter_access":"","_jetpack_dont_email_post_to_subs":false,"_jetpack_newsletter_tier_id":0,"_jetpack_memberships_contains_paywalled_content":false,"_jetpack_memberships_contains_paid_content":false,"footnotes":"","jetpack_publicize_message":"","jetpack_publicize_feature_enabled":false,"jetpack_social_post_already_shared":false,"jetpack_social_options":{"image_generator_settings":{"template":"highway","enabled":false},"version":2}},"categories":[31,48],"tags":[51],"class_list":["post-22573","post","type-post","status-publish","format-standard","has-post-thumbnail","hentry","category-estado","category-policiaca","tag-estado"],"jetpack_publicize_connections":[],"jetpack_sharing_enabled":true,"jetpack_featured_media_url":"https:\/\/periodiconuevomilenio.com\/wp-content\/uploads\/2025\/04\/IMAGEN-FGE-242-2025.jpg","_links":{"self":[{"href":"https:\/\/periodiconuevomilenio.com\/index.php\/wp-json\/wp\/v2\/posts\/22573","targetHints":{"allow":["GET"]}}],"collection":[{"href":"https:\/\/periodiconuevomilenio.com\/index.php\/wp-json\/wp\/v2\/posts"}],"about":[{"href":"https:\/\/periodiconuevomilenio.com\/index.php\/wp-json\/wp\/v2\/types\/post"}],"author":[{"embeddable":true,"href":"https:\/\/periodiconuevomilenio.com\/index.php\/wp-json\/wp\/v2\/users\/1"}],"replies":[{"embeddable":true,"href":"https:\/\/periodiconuevomilenio.com\/index.php\/wp-json\/wp\/v2\/comments?post=22573"}],"version-history":[{"count":1,"href":"https:\/\/periodiconuevomilenio.com\/index.php\/wp-json\/wp\/v2\/posts\/22573\/revisions"}],"predecessor-version":[{"id":22575,"href":"https:\/\/periodiconuevomilenio.com\/index.php\/wp-json\/wp\/v2\/posts\/22573\/revisions\/22575"}],"wp:featuredmedia":[{"embeddable":true,"href":"https:\/\/periodiconuevomilenio.com\/index.php\/wp-json\/wp\/v2\/media\/22574"}],"wp:attachment":[{"href":"https:\/\/periodiconuevomilenio.com\/index.php\/wp-json\/wp\/v2\/media?parent=22573"}],"wp:term":[{"taxonomy":"category","embeddable":true,"href":"https:\/\/periodiconuevomilenio.com\/index.php\/wp-json\/wp\/v2\/categories?post=22573"},{"taxonomy":"post_tag","embeddable":true,"href":"https:\/\/periodiconuevomilenio.com\/index.php\/wp-json\/wp\/v2\/tags?post=22573"}],"curies":[{"name":"wp","href":"https:\/\/api.w.org\/{rel}","templated":true}]}}