{"id":22576,"date":"2025-04-13T23:21:13","date_gmt":"2025-04-14T05:21:13","guid":{"rendered":"https:\/\/periodiconuevomilenio.com\/?p=22576"},"modified":"2025-04-13T23:21:16","modified_gmt":"2025-04-14T05:21:16","slug":"joven-es-detenido-y-procesado-por-homicidio-en-razon-de-parentesco-en-leon","status":"publish","type":"post","link":"https:\/\/periodiconuevomilenio.com\/index.php\/2025\/04\/13\/joven-es-detenido-y-procesado-por-homicidio-en-razon-de-parentesco-en-leon\/","title":{"rendered":"JOVEN ES DETENIDO \u00a0Y PROCESADO POR HOMICIDIO EN RAZ\u00d3N DE PARENTESCO EN LE\u00d3N"},"content":{"rendered":"\n<p><strong>J<\/strong><strong>UA<\/strong><strong>N &nbsp;JOS\u00c9 \u201cN\u201d <\/strong>enfrenta un proceso penal por su probable responsabilidad en el delito de homicidio en raz\u00f3n de parentesco, tras ser acusado de privar de la vida a su propio padre en la colonia Popular Anaya en Le\u00f3n. El Ministerio P\u00fablico investig\u00f3 el crimen y logr\u00f3 que permanezca en prisi\u00f3n mientras recibe su sentencia.<\/p>\n\n\n\n<p>Los hechos ocurrieron la &nbsp;noche del 5 de abril &nbsp;de 2025, &nbsp;entre las 20:30 y 21:30 horas, el ofendido se encontraba en su domicilio cuando de manera violenta y repentina, su hijo, <strong>JUAN &nbsp;JOS\u00c9 &nbsp;\u201cN\u201d <\/strong>lo atac\u00f3 con un objeto punzocortante, propin\u00e1ndole m\u00faltiples lesiones en t\u00f3rax y abdomen. Las heridas fueron de tal gravedad que, a pesar de haber sido trasladado con urgencia a una cl\u00ednica, perdi\u00f3 la vida mientras recib\u00eda atenci\u00f3n m\u00e9dica.<\/p>\n\n\n\n<p>Desde que se tuvo conocimiento de los hechos, agentes de Investigaci\u00f3n Criminal de la Fiscal\u00eda se desplazaron al lugar para realizar el trabajo pericial correspondiente. Peritos forenses procesaron la escena, levantaron indicios y recolectaron pruebas que fueron integradas a la carpeta de investigaci\u00f3n. Los testimonios fueron fundamentales para reconstruir con precisi\u00f3n lo sucedido.<\/p>\n\n\n\n<p>Las investigaciones tambi\u00e9n permitieron obtener una orden de aprehensi\u00f3n para la captura del presunto homicida debido a que despu\u00e9s de cometer la agresi\u00f3n, huy\u00f3 del lugar a trav\u00e9s de las&nbsp; azoteas de los domicilios&nbsp; aleda\u00f1os,&nbsp; pero en breve tiempo &nbsp;fue detenido por agentes de Investigaci\u00f3n Criminal.<\/p>\n\n\n\n<p>Al ser llevado ante la autoridad judicial, el Ministerio P\u00fablico le formul\u00f3 la imputaci\u00f3n por el delito de homicidio en raz\u00f3n de parentesco y solicit\u00f3 su vinculaci\u00f3n a proceso penal. El Juez de Control, al conocer los elementos de prueba presentados, resolvi\u00f3 en favor de la Fiscal\u00eda y decret\u00f3 como medida cautelar la prisi\u00f3n preventiva oficiosa.<\/p>\n\n\n\n<figure class=\"wp-block-image size-large\"><img loading=\"lazy\" decoding=\"async\" width=\"825\" height=\"1024\" src=\"https:\/\/periodiconuevomilenio.com\/wp-content\/uploads\/2025\/04\/thumbnail-7-825x1024.jpg\" alt=\"\" class=\"wp-image-22577\" srcset=\"https:\/\/periodiconuevomilenio.com\/wp-content\/uploads\/2025\/04\/thumbnail-7-825x1024.jpg 825w, https:\/\/periodiconuevomilenio.com\/wp-content\/uploads\/2025\/04\/thumbnail-7-242x300.jpg 242w, https:\/\/periodiconuevomilenio.com\/wp-content\/uploads\/2025\/04\/thumbnail-7-768x954.jpg 768w, https:\/\/periodiconuevomilenio.com\/wp-content\/uploads\/2025\/04\/thumbnail-7-1024x1271.jpg 1024w, https:\/\/periodiconuevomilenio.com\/wp-content\/uploads\/2025\/04\/thumbnail-7.jpg 1080w\" sizes=\"auto, (max-width: 825px) 100vw, 825px\" \/><\/figure>\n\n\n","protected":false},"excerpt":{"rendered":"<p>JUAN &nbsp;JOS\u00c9 \u201cN\u201d enfrenta un proceso penal por su probable responsabilidad en el delito de homicidio en raz\u00f3n<\/p>\n","protected":false},"author":1,"featured_media":22577,"comment_status":"open","ping_status":"open","sticky":false,"template":"","format":"standard","meta":{"jetpack_post_was_ever_published":false,"_jetpack_newsletter_access":"","_jetpack_dont_email_post_to_subs":false,"_jetpack_newsletter_tier_id":0,"_jetpack_memberships_contains_paywalled_content":false,"_jetpack_memberships_contains_paid_content":false,"footnotes":"","jetpack_publicize_message":"","jetpack_publicize_feature_enabled":false,"jetpack_social_post_already_shared":false,"jetpack_social_options":{"image_generator_settings":{"template":"highway","enabled":false},"version":2}},"categories":[31,48],"tags":[51],"class_list":["post-22576","post","type-post","status-publish","format-standard","has-post-thumbnail","hentry","category-estado","category-policiaca","tag-estado"],"jetpack_publicize_connections":[],"jetpack_sharing_enabled":true,"jetpack_featured_media_url":"https:\/\/periodiconuevomilenio.com\/wp-content\/uploads\/2025\/04\/thumbnail-7.jpg","_links":{"self":[{"href":"https:\/\/periodiconuevomilenio.com\/index.php\/wp-json\/wp\/v2\/posts\/22576","targetHints":{"allow":["GET"]}}],"collection":[{"href":"https:\/\/periodiconuevomilenio.com\/index.php\/wp-json\/wp\/v2\/posts"}],"about":[{"href":"https:\/\/periodiconuevomilenio.com\/index.php\/wp-json\/wp\/v2\/types\/post"}],"author":[{"embeddable":true,"href":"https:\/\/periodiconuevomilenio.com\/index.php\/wp-json\/wp\/v2\/users\/1"}],"replies":[{"embeddable":true,"href":"https:\/\/periodiconuevomilenio.com\/index.php\/wp-json\/wp\/v2\/comments?post=22576"}],"version-history":[{"count":1,"href":"https:\/\/periodiconuevomilenio.com\/index.php\/wp-json\/wp\/v2\/posts\/22576\/revisions"}],"predecessor-version":[{"id":22578,"href":"https:\/\/periodiconuevomilenio.com\/index.php\/wp-json\/wp\/v2\/posts\/22576\/revisions\/22578"}],"wp:featuredmedia":[{"embeddable":true,"href":"https:\/\/periodiconuevomilenio.com\/index.php\/wp-json\/wp\/v2\/media\/22577"}],"wp:attachment":[{"href":"https:\/\/periodiconuevomilenio.com\/index.php\/wp-json\/wp\/v2\/media?parent=22576"}],"wp:term":[{"taxonomy":"category","embeddable":true,"href":"https:\/\/periodiconuevomilenio.com\/index.php\/wp-json\/wp\/v2\/categories?post=22576"},{"taxonomy":"post_tag","embeddable":true,"href":"https:\/\/periodiconuevomilenio.com\/index.php\/wp-json\/wp\/v2\/tags?post=22576"}],"curies":[{"name":"wp","href":"https:\/\/api.w.org\/{rel}","templated":true}]}}