{"id":22626,"date":"2025-04-14T14:20:41","date_gmt":"2025-04-14T20:20:41","guid":{"rendered":"https:\/\/periodiconuevomilenio.com\/?p=22626"},"modified":"2025-04-14T14:20:42","modified_gmt":"2025-04-14T20:20:42","slug":"dos-dec4pitados-en-el-perico","status":"publish","type":"post","link":"https:\/\/periodiconuevomilenio.com\/index.php\/2025\/04\/14\/dos-dec4pitados-en-el-perico\/","title":{"rendered":"Dos dec4pitados en el Perico"},"content":{"rendered":"\n<p>VALLE DE SANTIAGO, GTO.- Esta ma\u00f1ana fueron localizados dos cuerpos s1n vida, seg\u00fan los primeros reportes, adem\u00e1s de presentar huellas de tortur4 y disp4ros de arm4 de fu3go, fueron deg0llad0s.<\/p>\n\n\n\n<p>De acuerdo con los primeros&nbsp; informes, en las primeras horas de este lunes 14 de abril, en plena Semana Santa, a eso de las siete de la ma\u00f1ana con quince minutos, reportaron al sistema de emergencia 911 la presencia de dos cuerpos s1n vida, esto a un costado de la carretera Jaral \u2013 Valle,&nbsp; en el camino que conduce a la comunidad del Perico a San Joaqu\u00edn de Arriba .<\/p>\n\n\n\n<p>Elementos de la Comisar\u00eda de Seguridad P\u00fablica fueron comisionados para trasladarse al lugar, confirmando la presencia de dos cuerpos s1n vida, que estaban &nbsp;decapitad0s.<\/p>\n\n\n\n<p>Uno de ellos vest\u00eda pantal\u00f3n de mezclilla en color negro, tenis rojos, calcetas en color azul, una sudadera en color verde fosforescente, en mano derecha en dedo con un anillo.<\/p>\n\n\n\n<p>El otro masculino&nbsp; vest\u00eda pantal\u00f3n de mezclilla en color negro, camisa manga corta en color azul, sin calzado.<\/p>\n\n\n\n<p>Ambos se encuentran sin cabeza, las mismas se encuentran junto con una cartulina.<\/p>\n\n\n\n<p>&nbsp;Se acordon\u00f3 el \u00e1rea y la zona fue resguardad por los preventivos despu\u00e9s se sumaron a esta labor elementos de la Guardia Nacional y del ej\u00e9rcito, informaron este hecho a la Fiscal\u00eda&nbsp; del estado quien envi\u00f3 al lugar a peritos a los agentes de investigaci\u00f3n&nbsp; y al ministerio p\u00fablico para que diera fe de los hechos.&nbsp;<\/p>\n\n\n\n<p>Los cuerpos ya fueron enviados al servicio M\u00e9dico Forense donde se contin\u00faa con las investigaciones y mediante m\u00e9todos&nbsp; cient\u00edficos poder primero conocer la identidad de las dos personas y despu\u00e9s la mec\u00e1nica de los hechos para poder dar con los responsables de este delit0 de alto impacto.<\/p>\n\n\n\n<figure class=\"wp-block-image size-large\"><img loading=\"lazy\" decoding=\"async\" width=\"1024\" height=\"830\" src=\"https:\/\/periodiconuevomilenio.com\/wp-content\/uploads\/2025\/04\/f5b90b6a-34ec-4307-852b-30733e020bf3-1024x830.jpg\" alt=\"\" class=\"wp-image-22627\" srcset=\"https:\/\/periodiconuevomilenio.com\/wp-content\/uploads\/2025\/04\/f5b90b6a-34ec-4307-852b-30733e020bf3-1024x830.jpg 1024w, https:\/\/periodiconuevomilenio.com\/wp-content\/uploads\/2025\/04\/f5b90b6a-34ec-4307-852b-30733e020bf3-300x243.jpg 300w, https:\/\/periodiconuevomilenio.com\/wp-content\/uploads\/2025\/04\/f5b90b6a-34ec-4307-852b-30733e020bf3-768x623.jpg 768w, https:\/\/periodiconuevomilenio.com\/wp-content\/uploads\/2025\/04\/f5b90b6a-34ec-4307-852b-30733e020bf3.jpg 1205w\" sizes=\"auto, (max-width: 1024px) 100vw, 1024px\" \/><\/figure>\n\n\n","protected":false},"excerpt":{"rendered":"<p>VALLE DE SANTIAGO, GTO.- Esta ma\u00f1ana fueron localizados dos cuerpos s1n vida, seg\u00fan los primeros reportes, adem\u00e1s de<\/p>\n","protected":false},"author":1,"featured_media":22627,"comment_status":"open","ping_status":"open","sticky":false,"template":"","format":"standard","meta":{"jetpack_post_was_ever_published":false,"_jetpack_newsletter_access":"","_jetpack_dont_email_post_to_subs":false,"_jetpack_newsletter_tier_id":0,"_jetpack_memberships_contains_paywalled_content":false,"_jetpack_memberships_contains_paid_content":false,"footnotes":"","jetpack_publicize_message":"","jetpack_publicize_feature_enabled":false,"jetpack_social_post_already_shared":false,"jetpack_social_options":{"image_generator_settings":{"template":"highway","enabled":false},"version":2}},"categories":[31,48,39],"tags":[51,22],"class_list":["post-22626","post","type-post","status-publish","format-standard","has-post-thumbnail","hentry","category-estado","category-policiaca","category-valle-de-santiago","tag-estado","tag-valle"],"jetpack_publicize_connections":[],"jetpack_sharing_enabled":true,"jetpack_featured_media_url":"https:\/\/periodiconuevomilenio.com\/wp-content\/uploads\/2025\/04\/f5b90b6a-34ec-4307-852b-30733e020bf3.jpg","_links":{"self":[{"href":"https:\/\/periodiconuevomilenio.com\/index.php\/wp-json\/wp\/v2\/posts\/22626","targetHints":{"allow":["GET"]}}],"collection":[{"href":"https:\/\/periodiconuevomilenio.com\/index.php\/wp-json\/wp\/v2\/posts"}],"about":[{"href":"https:\/\/periodiconuevomilenio.com\/index.php\/wp-json\/wp\/v2\/types\/post"}],"author":[{"embeddable":true,"href":"https:\/\/periodiconuevomilenio.com\/index.php\/wp-json\/wp\/v2\/users\/1"}],"replies":[{"embeddable":true,"href":"https:\/\/periodiconuevomilenio.com\/index.php\/wp-json\/wp\/v2\/comments?post=22626"}],"version-history":[{"count":1,"href":"https:\/\/periodiconuevomilenio.com\/index.php\/wp-json\/wp\/v2\/posts\/22626\/revisions"}],"predecessor-version":[{"id":22628,"href":"https:\/\/periodiconuevomilenio.com\/index.php\/wp-json\/wp\/v2\/posts\/22626\/revisions\/22628"}],"wp:featuredmedia":[{"embeddable":true,"href":"https:\/\/periodiconuevomilenio.com\/index.php\/wp-json\/wp\/v2\/media\/22627"}],"wp:attachment":[{"href":"https:\/\/periodiconuevomilenio.com\/index.php\/wp-json\/wp\/v2\/media?parent=22626"}],"wp:term":[{"taxonomy":"category","embeddable":true,"href":"https:\/\/periodiconuevomilenio.com\/index.php\/wp-json\/wp\/v2\/categories?post=22626"},{"taxonomy":"post_tag","embeddable":true,"href":"https:\/\/periodiconuevomilenio.com\/index.php\/wp-json\/wp\/v2\/tags?post=22626"}],"curies":[{"name":"wp","href":"https:\/\/api.w.org\/{rel}","templated":true}]}}