{"id":22708,"date":"2025-04-16T23:01:20","date_gmt":"2025-04-17T05:01:20","guid":{"rendered":"https:\/\/periodiconuevomilenio.com\/?p=22708"},"modified":"2025-04-16T23:01:22","modified_gmt":"2025-04-17T05:01:22","slug":"se-llamo-gustavo-la-persona-asesin4da-en-mogotes","status":"publish","type":"post","link":"https:\/\/periodiconuevomilenio.com\/index.php\/2025\/04\/16\/se-llamo-gustavo-la-persona-asesin4da-en-mogotes\/","title":{"rendered":"Se llam\u00f3 Gustavo la persona asesin4da en Mogotes."},"content":{"rendered":"\n<p><br>VALLE DE SANTIAGO, GTO.- Plenamente identificada la persona que fue asesin4da a bal4zos la tarde-noche de ayer en la comunidad de los Mogotes, la fiscal\u00eda del estado, aunque tienen en sus manos el caso, nos dio a conocer este d\u00eda los avances de la investigaci\u00f3n y se mantienen herm\u00e9ticos.<br>De acuerdo con los informes preliminares minutos antes de las siete, vecinos de la calle Rub\u00e9n Armenta, comunidad de San Antonio de Mogotes, reportaron a la cabina de emergencia de la Direcci\u00f3n de Seguridad P\u00fablica Municipal, deton4ciones de 4rma de fueg0 y una persona lesionad4.<br>Elementos de Seguridad P\u00fablica y de la Guardia Nacional, atendieron el reporte como primeros respondientes y en la v\u00eda p\u00fablica encontraron a un hombre de aproximadamente 50 a\u00f1os, lesionado por impact0s de arm4 de fueg0.<br>Al lugar tambi\u00e9n arribaron param\u00e9dicos de la Cruz Roja local, los socorristas, al revisar a la v\u00edctima, confirmaron que ya no contaba con signos vitales; presentaba varias herid4s de b4la, incluso en la cabeza.<br>El hombre fue identificado por familiares de la comunidad e informaron que respond\u00eda al nombre de Gustavo \u00abN\u00bb.<br>Trascendi\u00f3 que el hombre se encontraba frente a su domicilio, cuando fue abordado por un sujeto arm4do, quien sin mediar palabra le disp4r\u00f3 en repetidas ocasiones, hasta privarlos de la vida, para despu\u00e9s huir con rumbo desconocido.<br>La zona fue resguardada por polic\u00edas municipales, mientras que Agentes de Investigaci\u00f3n Criminal (AIC) de la Fiscal\u00eda Regional del Estado, iniciaron con las primeras indagatorias y la recolecci\u00f3n de indicios.<br>El cuerpo fue trasladado a las instalaciones del Servicio M\u00e9dico Forense a la ciudad de Guanajuato capital, para practicarle la necropsia de rigor.<\/p>\n\n\n\n<figure class=\"wp-block-image size-large\"><img loading=\"lazy\" decoding=\"async\" width=\"787\" height=\"1024\" src=\"https:\/\/periodiconuevomilenio.com\/wp-content\/uploads\/2025\/04\/img_1031-787x1024.jpg\" alt=\"\" class=\"wp-image-22709\" srcset=\"https:\/\/periodiconuevomilenio.com\/wp-content\/uploads\/2025\/04\/img_1031-787x1024.jpg 787w, https:\/\/periodiconuevomilenio.com\/wp-content\/uploads\/2025\/04\/img_1031-231x300.jpg 231w, https:\/\/periodiconuevomilenio.com\/wp-content\/uploads\/2025\/04\/img_1031-768x999.jpg 768w, https:\/\/periodiconuevomilenio.com\/wp-content\/uploads\/2025\/04\/img_1031-1180x1536.jpg 1180w, https:\/\/periodiconuevomilenio.com\/wp-content\/uploads\/2025\/04\/img_1031-1574x2048.jpg 1574w, https:\/\/periodiconuevomilenio.com\/wp-content\/uploads\/2025\/04\/img_1031-1024x1333.jpg 1024w, https:\/\/periodiconuevomilenio.com\/wp-content\/uploads\/2025\/04\/img_1031.jpg 1576w\" sizes=\"auto, (max-width: 787px) 100vw, 787px\" \/><\/figure>\n\n\n","protected":false},"excerpt":{"rendered":"<p>VALLE DE SANTIAGO, GTO.- Plenamente identificada la persona que fue asesin4da a bal4zos la tarde-noche de ayer en<\/p>\n","protected":false},"author":1,"featured_media":22709,"comment_status":"open","ping_status":"open","sticky":false,"template":"","format":"standard","meta":{"jetpack_post_was_ever_published":false,"_jetpack_newsletter_access":"","_jetpack_dont_email_post_to_subs":false,"_jetpack_newsletter_tier_id":0,"_jetpack_memberships_contains_paywalled_content":false,"_jetpack_memberships_contains_paid_content":false,"footnotes":"","jetpack_publicize_message":"","jetpack_publicize_feature_enabled":false,"jetpack_social_post_already_shared":false,"jetpack_social_options":{"image_generator_settings":{"template":"highway","enabled":false},"version":2}},"categories":[31,48,39],"tags":[51,22],"class_list":["post-22708","post","type-post","status-publish","format-standard","has-post-thumbnail","hentry","category-estado","category-policiaca","category-valle-de-santiago","tag-estado","tag-valle"],"jetpack_publicize_connections":[],"jetpack_sharing_enabled":true,"jetpack_featured_media_url":"https:\/\/periodiconuevomilenio.com\/wp-content\/uploads\/2025\/04\/img_1031.jpg","_links":{"self":[{"href":"https:\/\/periodiconuevomilenio.com\/index.php\/wp-json\/wp\/v2\/posts\/22708","targetHints":{"allow":["GET"]}}],"collection":[{"href":"https:\/\/periodiconuevomilenio.com\/index.php\/wp-json\/wp\/v2\/posts"}],"about":[{"href":"https:\/\/periodiconuevomilenio.com\/index.php\/wp-json\/wp\/v2\/types\/post"}],"author":[{"embeddable":true,"href":"https:\/\/periodiconuevomilenio.com\/index.php\/wp-json\/wp\/v2\/users\/1"}],"replies":[{"embeddable":true,"href":"https:\/\/periodiconuevomilenio.com\/index.php\/wp-json\/wp\/v2\/comments?post=22708"}],"version-history":[{"count":1,"href":"https:\/\/periodiconuevomilenio.com\/index.php\/wp-json\/wp\/v2\/posts\/22708\/revisions"}],"predecessor-version":[{"id":22710,"href":"https:\/\/periodiconuevomilenio.com\/index.php\/wp-json\/wp\/v2\/posts\/22708\/revisions\/22710"}],"wp:featuredmedia":[{"embeddable":true,"href":"https:\/\/periodiconuevomilenio.com\/index.php\/wp-json\/wp\/v2\/media\/22709"}],"wp:attachment":[{"href":"https:\/\/periodiconuevomilenio.com\/index.php\/wp-json\/wp\/v2\/media?parent=22708"}],"wp:term":[{"taxonomy":"category","embeddable":true,"href":"https:\/\/periodiconuevomilenio.com\/index.php\/wp-json\/wp\/v2\/categories?post=22708"},{"taxonomy":"post_tag","embeddable":true,"href":"https:\/\/periodiconuevomilenio.com\/index.php\/wp-json\/wp\/v2\/tags?post=22708"}],"curies":[{"name":"wp","href":"https:\/\/api.w.org\/{rel}","templated":true}]}}