{"id":22715,"date":"2025-04-17T10:37:44","date_gmt":"2025-04-17T16:37:44","guid":{"rendered":"https:\/\/periodiconuevomilenio.com\/?p=22715"},"modified":"2025-04-17T10:37:45","modified_gmt":"2025-04-17T16:37:45","slug":"el-meno-es-procesado-por-homicidio-y-lesiones-en-valle-de-santiago","status":"publish","type":"post","link":"https:\/\/periodiconuevomilenio.com\/index.php\/2025\/04\/17\/el-meno-es-procesado-por-homicidio-y-lesiones-en-valle-de-santiago\/","title":{"rendered":"\u201cEL ME\u00d1O\u201d ES PROCESADO POR HOMICIDIO Y LESIONES EN VALLE DE SANTIAGO"},"content":{"rendered":"\n<p>Agentes de Investigaci\u00f3n Criminal ubicaron y capturaron a <strong>MANUEL \u201cN\u201d <\/strong>alias \u201cEl Me\u00f1o\u201d por su presunta participaci\u00f3n en los delitos de homicidio calificado y lesiones calificadas cometidas en el municipio de Valle de Santiago.<\/p>\n\n\n\n<p>Los hechos ocurrieron el 21 de diciembre de 2024, alrededor de las 10:30 de la ma\u00f1ana. Los ofendidos caminaban por un camino de terracer\u00eda paralelo a la calle Paulino Alcocer, una zona rural rodeada de tierras de cultivo que se encuentra en la comunidad Las Ra\u00edces. En ese trayecto se cruzaron con el agresor, quien portaba un arma de fuego.<\/p>\n\n\n\n<p>La agresi\u00f3n fue inmediata. Seg\u00fan la investigaci\u00f3n del Ministerio P\u00fablico, utilizando el arma para amenazar a las v\u00edctimas, \u201cEl Me\u00f1o\u201d los golpe\u00f3 en repetidas ocasiones y en determinado momento accion\u00f3 el &nbsp;arma &nbsp;en &nbsp;contra &nbsp;de&nbsp; uno &nbsp;de &nbsp;ellos, quien falleci\u00f3 al instante. &nbsp;Antes&nbsp; de retirarse,&nbsp; el &nbsp;imputado&nbsp; amenaz\u00f3 al lesionado&nbsp; para que guardara silencio o sufrir\u00eda el mismo destino.<\/p>\n\n\n\n<p>Las acciones delictivas fueron documentadas a trav\u00e9s de una investigaci\u00f3n criminal encabezada por la Fiscal\u00eda. &nbsp;Peritos &nbsp;forenses, agentes de investigaci\u00f3n &nbsp;y &nbsp;analistas &nbsp;de informaci\u00f3n&nbsp; &nbsp;recolectaron&nbsp; &nbsp;testimonios,&nbsp; &nbsp;pruebas &nbsp;periciales&nbsp; &nbsp;y&nbsp;&nbsp;&nbsp; otros &nbsp;indicios&nbsp; &nbsp;que permitieron &nbsp;construir&nbsp; una narrativa &nbsp;detallada &nbsp;de &nbsp;los hechos y &nbsp;acreditar la &nbsp;probable responsabilidad de <strong>MANUEL \u201cN\u201d <\/strong>como part\u00edcipe en los hechos.<\/p>\n\n\n\n<p>Durante la continuaci\u00f3n de la audiencia inicial, el agente del Ministerio P\u00fablico present\u00f3 los datos de prueba para que el Juez de Control determinara la vinculaci\u00f3n a proceso penal, &nbsp;y \u201cEl Me\u00f1o\u201d quedara en prisi\u00f3n &nbsp;preventiva oficiosa &nbsp;hasta que se determine su sentencia.<\/p>\n\n\n\n<figure class=\"wp-block-image size-large\"><img loading=\"lazy\" decoding=\"async\" width=\"825\" height=\"1024\" src=\"https:\/\/periodiconuevomilenio.com\/wp-content\/uploads\/2025\/04\/df19684b-0056-4817-ac13-e6e654b9e65f-825x1024.jpg\" alt=\"\" class=\"wp-image-22716\" srcset=\"https:\/\/periodiconuevomilenio.com\/wp-content\/uploads\/2025\/04\/df19684b-0056-4817-ac13-e6e654b9e65f-825x1024.jpg 825w, https:\/\/periodiconuevomilenio.com\/wp-content\/uploads\/2025\/04\/df19684b-0056-4817-ac13-e6e654b9e65f-242x300.jpg 242w, https:\/\/periodiconuevomilenio.com\/wp-content\/uploads\/2025\/04\/df19684b-0056-4817-ac13-e6e654b9e65f-768x953.jpg 768w, https:\/\/periodiconuevomilenio.com\/wp-content\/uploads\/2025\/04\/df19684b-0056-4817-ac13-e6e654b9e65f-1237x1536.jpg 1237w, https:\/\/periodiconuevomilenio.com\/wp-content\/uploads\/2025\/04\/df19684b-0056-4817-ac13-e6e654b9e65f-1024x1271.jpg 1024w, https:\/\/periodiconuevomilenio.com\/wp-content\/uploads\/2025\/04\/df19684b-0056-4817-ac13-e6e654b9e65f.jpg 1289w\" sizes=\"auto, (max-width: 825px) 100vw, 825px\" \/><\/figure>\n\n\n","protected":false},"excerpt":{"rendered":"<p>Agentes de Investigaci\u00f3n Criminal ubicaron y capturaron a MANUEL \u201cN\u201d alias \u201cEl Me\u00f1o\u201d por su presunta participaci\u00f3n en<\/p>\n","protected":false},"author":1,"featured_media":22716,"comment_status":"open","ping_status":"open","sticky":false,"template":"","format":"standard","meta":{"jetpack_post_was_ever_published":false,"_jetpack_newsletter_access":"","_jetpack_dont_email_post_to_subs":false,"_jetpack_newsletter_tier_id":0,"_jetpack_memberships_contains_paywalled_content":false,"_jetpack_memberships_contains_paid_content":false,"footnotes":"","jetpack_publicize_message":"","jetpack_publicize_feature_enabled":false,"jetpack_social_post_already_shared":false,"jetpack_social_options":{"image_generator_settings":{"template":"highway","enabled":false},"version":2}},"categories":[31,48,39],"tags":[22],"class_list":["post-22715","post","type-post","status-publish","format-standard","has-post-thumbnail","hentry","category-estado","category-policiaca","category-valle-de-santiago","tag-valle"],"jetpack_publicize_connections":[],"jetpack_sharing_enabled":true,"jetpack_featured_media_url":"https:\/\/periodiconuevomilenio.com\/wp-content\/uploads\/2025\/04\/df19684b-0056-4817-ac13-e6e654b9e65f.jpg","_links":{"self":[{"href":"https:\/\/periodiconuevomilenio.com\/index.php\/wp-json\/wp\/v2\/posts\/22715","targetHints":{"allow":["GET"]}}],"collection":[{"href":"https:\/\/periodiconuevomilenio.com\/index.php\/wp-json\/wp\/v2\/posts"}],"about":[{"href":"https:\/\/periodiconuevomilenio.com\/index.php\/wp-json\/wp\/v2\/types\/post"}],"author":[{"embeddable":true,"href":"https:\/\/periodiconuevomilenio.com\/index.php\/wp-json\/wp\/v2\/users\/1"}],"replies":[{"embeddable":true,"href":"https:\/\/periodiconuevomilenio.com\/index.php\/wp-json\/wp\/v2\/comments?post=22715"}],"version-history":[{"count":1,"href":"https:\/\/periodiconuevomilenio.com\/index.php\/wp-json\/wp\/v2\/posts\/22715\/revisions"}],"predecessor-version":[{"id":22717,"href":"https:\/\/periodiconuevomilenio.com\/index.php\/wp-json\/wp\/v2\/posts\/22715\/revisions\/22717"}],"wp:featuredmedia":[{"embeddable":true,"href":"https:\/\/periodiconuevomilenio.com\/index.php\/wp-json\/wp\/v2\/media\/22716"}],"wp:attachment":[{"href":"https:\/\/periodiconuevomilenio.com\/index.php\/wp-json\/wp\/v2\/media?parent=22715"}],"wp:term":[{"taxonomy":"category","embeddable":true,"href":"https:\/\/periodiconuevomilenio.com\/index.php\/wp-json\/wp\/v2\/categories?post=22715"},{"taxonomy":"post_tag","embeddable":true,"href":"https:\/\/periodiconuevomilenio.com\/index.php\/wp-json\/wp\/v2\/tags?post=22715"}],"curies":[{"name":"wp","href":"https:\/\/api.w.org\/{rel}","templated":true}]}}