{"id":2272,"date":"2023-04-13T20:25:26","date_gmt":"2023-04-14T02:25:26","guid":{"rendered":"https:\/\/periodiconuevomilenio.com\/?p=2272"},"modified":"2023-04-13T20:25:30","modified_gmt":"2023-04-14T02:25:30","slug":"fortalecen-a-las-comunidades-de-15-municipios-del-estado-a-traves-de-red-movil-salud-y-bienestar-comunitario","status":"publish","type":"post","link":"https:\/\/periodiconuevomilenio.com\/index.php\/2023\/04\/13\/fortalecen-a-las-comunidades-de-15-municipios-del-estado-a-traves-de-red-movil-salud-y-bienestar-comunitario\/","title":{"rendered":"<strong>Fortalecen a las Comunidades de 15 Municipios del Estado a trav\u00e9s de Red M\u00f3vil: Salud y Bienestar Comunitario.<\/strong>"},"content":{"rendered":"\n<ul class=\"wp-block-list\">\n<li><strong>Invierten m\u00e1s de 12 millones de pesos para Generar Familias Fuertes y Autosustentables de la Regi\u00f3n 3 y 4.<\/strong><\/li>\n\n\n\n<li><strong>Entregan Equipamiento y Mobiliario en Comedores Comunitarios de Valle de Santiago.<\/strong><\/li>\n<\/ul>\n\n\n\n<p><strong>Valle de Santiago, Gto; 13 de abril del 2023.- <\/strong>El Sistema para el Desarrollo Integral de la Familia (DIF), fortalece a las familias para generar comunidades sustentables y autosuficientes de la regi\u00f3n 3 y 4 a trav\u00e9s del programa de Salud y Bienestar Comunitario; para ello, se han invertido m\u00e1s de 12 millones 345 mil pesos.<\/p>\n\n\n\n<p>El Director General del Sistema DIF Estatal, <strong>Gerardo Trujillo Flores<\/strong> y autoridades municipales de Valle de Santiago participaron en el cierre de los grupos de desarrollo de Red M\u00f3vil con la participaci\u00f3n de 15 municipios del Estado, donde se realiz\u00f3 una muestra general de los trabajos exitosos realizados por las manos de las y los beneficiarios.<\/p>\n\n\n\n<p>\u201cLas y los felicito por la uni\u00f3n, por mejorar su calidad de vida y desarrollo, adem\u00e1s de que hoy se han convertido en un ejemplo para sus hijas e hijos, les est\u00e1n ense\u00f1ando que vivir en comunidad significa salir adelante juntos, con esfuerzo y dedicaci\u00f3n\u201d, expres\u00f3.<\/p>\n\n\n\n<p>Los municipios de la regi\u00f3n 3 y 4 participantes son: Abasolo, Ciudad Manuel Doblado, Cuer\u00e1maro, Guanajuato, Huan\u00edmaro, Irapuato, Le\u00f3n, P\u00e9njamo, Pueblo Nuevo, Pur\u00edsima del Rinc\u00f3n, Romita, Salamanca, San Francisco del Rinc\u00f3n, Silao de la Victoria y Valle de Santiago.<\/p>\n\n\n\n<p>\u201cS\u00e9 que tienen trabajando desde 2019 y que poco a poco, gracias a sus cursos y talleres hoy ya tienen nuevos conocimientos, oportunidades y capacidades, eso nos demuestra que vamos por buen camino, que Guanajuato es grande por su gente\u201d, agreg\u00f3.<\/p>\n\n\n\n<p><strong>Apoyos Entregados<\/strong><\/p>\n\n\n\n<p>Cabe mencionar que durante este tiempo se han logrado 85 grupos de desarrollo con los siguientes apoyos: &nbsp;26 equipamientos de parques comunitarios; 3 mil 837 paquetes de aves de doble prop\u00f3sito;&nbsp;suman m\u00e1s de 4 mil 462 paquetes de plantas medicinales; 1 mil 48 equipamientos de estufas (Tubos\/Comales); 2 mil 793 paquete de semillas para instalaci\u00f3n de huertos familiares; 58 proyectos comunitarios y m\u00e1s de 255 capacitaciones, todo esto con una inversi\u00f3n total de 12 millones 345 mil 681 pesos.<\/p>\n\n\n\n<p>\u201cEsto tiene el \u00fanico objetivo de que tengan una vida mejor, que en su comunidad cuenten con lo necesario para desarrollarse, para vivir felices y con oportunidades para sus familias;&nbsp;por ello, les pedimos que no dejen de asistir a sus reuniones, que sigan siendo una comunidad unida, participativa y con muchas ganas de salir adelante, mientras ustedes nos los permitan, nosotros seguiremos trabajando de la mano\u201d, agreg\u00f3.<\/p>\n\n\n\n<p>El funcionario estatal explic\u00f3 que&nbsp;cada una de las acciones que realiza el programa garantiza brindar herramientas de desarrollo sostenible a las familias, para fortalecer a los integrantes y as\u00ed beneficiar a sus comunidades en colaboraci\u00f3n con el estado y los municipios.&nbsp;<\/p>\n\n\n\n<p>Mencion\u00f3 que los integrantes de los grupos de desarrollo reciben talleres, pl\u00e1ticas y conferencias durante un a\u00f1o, mediante las cuales aprenden temas como alimentaci\u00f3n,&nbsp;salud, educaci\u00f3n, as\u00ed como impulso y fortalecimiento de la econom\u00eda en el hogar a trav\u00e9s de la impartici\u00f3n de cursos de manualidades, bisuter\u00eda, producci\u00f3n de hortalizas y la cosecha en un huerto familiar&nbsp;dentro de su hogar.&nbsp;<\/p>\n\n\n\n<p>El Director General del Sistema DIF Estatal, <strong>Gerardo Trujillo Flores<\/strong> entreg\u00f3 equipamiento, mobiliario y utensilios de cocina, para garantizar una alimentaci\u00f3n saludable a m\u00e1s de 2 mil 512 beneficiarios del municipio de Valle de Santiago y en el que se invirtieron m\u00e1s de 50 mil pesos.<\/p>\n\n\n\n<p>\u201cHoy es un d\u00eda importante para el fortalecimiento de los espacios alimentarios de Valle de Santiago, los 43 comit\u00e9s ser\u00e1n beneficiados y esto tiene como objetivo mejorar su funcionamiento\u201d, concluy\u00f3.<\/p>\n\n\n\n<figure class=\"wp-block-gallery has-nested-images columns-default is-cropped wp-block-gallery-1 is-layout-flex wp-block-gallery-is-layout-flex\">\n<figure class=\"wp-block-image size-large\"><img loading=\"lazy\" decoding=\"async\" width=\"1024\" height=\"683\" data-id=\"2276\" src=\"https:\/\/periodiconuevomilenio.com\/wp-content\/uploads\/2023\/04\/Gira-Valle-de-Santiago-5-1024x683.jpg\" alt=\"\" class=\"wp-image-2276\" srcset=\"https:\/\/periodiconuevomilenio.com\/wp-content\/uploads\/2023\/04\/Gira-Valle-de-Santiago-5-1024x683.jpg 1024w, https:\/\/periodiconuevomilenio.com\/wp-content\/uploads\/2023\/04\/Gira-Valle-de-Santiago-5-300x200.jpg 300w, https:\/\/periodiconuevomilenio.com\/wp-content\/uploads\/2023\/04\/Gira-Valle-de-Santiago-5-768x512.jpg 768w, https:\/\/periodiconuevomilenio.com\/wp-content\/uploads\/2023\/04\/Gira-Valle-de-Santiago-5.jpg 1280w\" sizes=\"auto, (max-width: 1024px) 100vw, 1024px\" \/><\/figure>\n\n\n\n<figure class=\"wp-block-image size-large\"><img loading=\"lazy\" decoding=\"async\" width=\"1024\" height=\"653\" data-id=\"2275\" src=\"https:\/\/periodiconuevomilenio.com\/wp-content\/uploads\/2023\/04\/Gira-Valle-de-Santiago-4-1024x653.jpg\" alt=\"\" class=\"wp-image-2275\" srcset=\"https:\/\/periodiconuevomilenio.com\/wp-content\/uploads\/2023\/04\/Gira-Valle-de-Santiago-4-1024x653.jpg 1024w, https:\/\/periodiconuevomilenio.com\/wp-content\/uploads\/2023\/04\/Gira-Valle-de-Santiago-4-300x191.jpg 300w, https:\/\/periodiconuevomilenio.com\/wp-content\/uploads\/2023\/04\/Gira-Valle-de-Santiago-4-768x490.jpg 768w, https:\/\/periodiconuevomilenio.com\/wp-content\/uploads\/2023\/04\/Gira-Valle-de-Santiago-4.jpg 1280w\" sizes=\"auto, (max-width: 1024px) 100vw, 1024px\" \/><\/figure>\n\n\n\n<figure class=\"wp-block-image size-large\"><img loading=\"lazy\" decoding=\"async\" width=\"1024\" height=\"667\" data-id=\"2274\" src=\"https:\/\/periodiconuevomilenio.com\/wp-content\/uploads\/2023\/04\/Gira-Valle-de-Santiago-7-1024x667.jpg\" alt=\"\" class=\"wp-image-2274\" srcset=\"https:\/\/periodiconuevomilenio.com\/wp-content\/uploads\/2023\/04\/Gira-Valle-de-Santiago-7-1024x667.jpg 1024w, https:\/\/periodiconuevomilenio.com\/wp-content\/uploads\/2023\/04\/Gira-Valle-de-Santiago-7-300x195.jpg 300w, https:\/\/periodiconuevomilenio.com\/wp-content\/uploads\/2023\/04\/Gira-Valle-de-Santiago-7-768x500.jpg 768w, https:\/\/periodiconuevomilenio.com\/wp-content\/uploads\/2023\/04\/Gira-Valle-de-Santiago-7.jpg 1280w\" sizes=\"auto, (max-width: 1024px) 100vw, 1024px\" \/><\/figure>\n\n\n\n<figure class=\"wp-block-image size-large\"><img loading=\"lazy\" decoding=\"async\" width=\"1024\" height=\"670\" data-id=\"2273\" src=\"https:\/\/periodiconuevomilenio.com\/wp-content\/uploads\/2023\/04\/Gira-Valle-de-Santiago-6-1024x670.jpg\" alt=\"\" class=\"wp-image-2273\" srcset=\"https:\/\/periodiconuevomilenio.com\/wp-content\/uploads\/2023\/04\/Gira-Valle-de-Santiago-6-1024x670.jpg 1024w, https:\/\/periodiconuevomilenio.com\/wp-content\/uploads\/2023\/04\/Gira-Valle-de-Santiago-6-300x196.jpg 300w, https:\/\/periodiconuevomilenio.com\/wp-content\/uploads\/2023\/04\/Gira-Valle-de-Santiago-6-768x503.jpg 768w, https:\/\/periodiconuevomilenio.com\/wp-content\/uploads\/2023\/04\/Gira-Valle-de-Santiago-6.jpg 1280w\" sizes=\"auto, (max-width: 1024px) 100vw, 1024px\" \/><\/figure>\n<\/figure>\n","protected":false},"excerpt":{"rendered":"<p>Valle de Santiago, Gto; 13 de abril del 2023.- El Sistema para el Desarrollo Integral de la Familia<\/p>\n","protected":false},"author":1,"featured_media":2275,"comment_status":"open","ping_status":"open","sticky":false,"template":"","format":"standard","meta":{"jetpack_post_was_ever_published":false,"_jetpack_newsletter_access":"","_jetpack_dont_email_post_to_subs":false,"_jetpack_newsletter_tier_id":0,"_jetpack_memberships_contains_paywalled_content":false,"_jetpack_memberships_contains_paid_content":false,"footnotes":"","jetpack_publicize_message":"","jetpack_publicize_feature_enabled":false,"jetpack_social_post_already_shared":false,"jetpack_social_options":{"image_generator_settings":{"template":"highway","enabled":false},"version":2}},"categories":[31,39],"tags":[22],"class_list":["post-2272","post","type-post","status-publish","format-standard","has-post-thumbnail","hentry","category-estado","category-valle-de-santiago","tag-valle"],"jetpack_publicize_connections":[],"jetpack_sharing_enabled":true,"jetpack_featured_media_url":"https:\/\/periodiconuevomilenio.com\/wp-content\/uploads\/2023\/04\/Gira-Valle-de-Santiago-4.jpg","_links":{"self":[{"href":"https:\/\/periodiconuevomilenio.com\/index.php\/wp-json\/wp\/v2\/posts\/2272","targetHints":{"allow":["GET"]}}],"collection":[{"href":"https:\/\/periodiconuevomilenio.com\/index.php\/wp-json\/wp\/v2\/posts"}],"about":[{"href":"https:\/\/periodiconuevomilenio.com\/index.php\/wp-json\/wp\/v2\/types\/post"}],"author":[{"embeddable":true,"href":"https:\/\/periodiconuevomilenio.com\/index.php\/wp-json\/wp\/v2\/users\/1"}],"replies":[{"embeddable":true,"href":"https:\/\/periodiconuevomilenio.com\/index.php\/wp-json\/wp\/v2\/comments?post=2272"}],"version-history":[{"count":1,"href":"https:\/\/periodiconuevomilenio.com\/index.php\/wp-json\/wp\/v2\/posts\/2272\/revisions"}],"predecessor-version":[{"id":2277,"href":"https:\/\/periodiconuevomilenio.com\/index.php\/wp-json\/wp\/v2\/posts\/2272\/revisions\/2277"}],"wp:featuredmedia":[{"embeddable":true,"href":"https:\/\/periodiconuevomilenio.com\/index.php\/wp-json\/wp\/v2\/media\/2275"}],"wp:attachment":[{"href":"https:\/\/periodiconuevomilenio.com\/index.php\/wp-json\/wp\/v2\/media?parent=2272"}],"wp:term":[{"taxonomy":"category","embeddable":true,"href":"https:\/\/periodiconuevomilenio.com\/index.php\/wp-json\/wp\/v2\/categories?post=2272"},{"taxonomy":"post_tag","embeddable":true,"href":"https:\/\/periodiconuevomilenio.com\/index.php\/wp-json\/wp\/v2\/tags?post=2272"}],"curies":[{"name":"wp","href":"https:\/\/api.w.org\/{rel}","templated":true}]}}