{"id":22752,"date":"2025-04-19T11:29:39","date_gmt":"2025-04-19T17:29:39","guid":{"rendered":"https:\/\/periodiconuevomilenio.com\/?p=22752"},"modified":"2025-04-19T11:29:41","modified_gmt":"2025-04-19T17:29:41","slug":"fgeg-pareja-va-a-prision-por-robo-de-vehiculo-en-salamanca","status":"publish","type":"post","link":"https:\/\/periodiconuevomilenio.com\/index.php\/2025\/04\/19\/fgeg-pareja-va-a-prision-por-robo-de-vehiculo-en-salamanca\/","title":{"rendered":"FGEG: PAREJA \u00a0VA \u00a0A \u00a0PRISI\u00d3N \u00a0POR \u00a0ROBO \u00a0DE \u00a0VEHICULO\u00a0 EN SALAMANCA"},"content":{"rendered":"\n<p>La Fiscal\u00eda General del Estado de Guanajuato logr\u00f3 vinculaci\u00f3n a proceso penal contra <strong>JOS\u00c9 &nbsp;JAVIER \u201cN\u201d <\/strong>y <strong>ADRIANA &nbsp;ELIZABETH \u201cN\u201d<\/strong>, por el delito de &nbsp;robo &nbsp;calificado cometido &nbsp;el &nbsp;8 de&nbsp; abril &nbsp;de &nbsp;2025, en &nbsp;la &nbsp;ciudad&nbsp; de Salamanca.<\/p>\n\n\n\n<p>Los &nbsp;hechos se desencadenaron a las &nbsp;12:40 &nbsp;horas, cuando elementos de seguridad &nbsp;p\u00fablica &nbsp;que &nbsp;patrullaban &nbsp;por &nbsp;el&nbsp;&nbsp; bulevar &nbsp;Faja&nbsp;&nbsp; de &nbsp;Oro&nbsp;&nbsp; &nbsp;en Salamanca, recibieron el &nbsp;reporte de una persona que hab\u00eda sido v\u00edctima de un violento asalto.<\/p>\n\n\n\n<p>De acuerdo a la&nbsp; carpeta, &nbsp;los &nbsp;imputados, portando un arma de fuego interceptaron &nbsp;al &nbsp;ofendido y lo despojaron de su camioneta, as\u00ed como de una carga de mercanc\u00eda. Durante el robo, uno de los &nbsp;agresores lo golpe\u00f3 en la nuca con el arma.<\/p>\n\n\n\n<p>Ante &nbsp;el &nbsp;reporte, &nbsp;se activ\u00f3 un operativo de b\u00fasqueda &nbsp;que permiti\u00f3 a la polic\u00eda interceptar &nbsp;la &nbsp;camioneta por la &nbsp;carretera Salamanca\u2013Irapuato. A pesar de las&nbsp; &nbsp;instrucciones verbales para &nbsp;detenerse, &nbsp;los&nbsp;&nbsp; ocupantes del veh\u00edculo intentaron darse a la &nbsp;fuga, meti\u00e9ndose en el &nbsp;fraccionamiento Villas de San Cayetano, en Irapuato.<\/p>\n\n\n\n<p>Al verse acorralados, &nbsp;descendieron del &nbsp;veh\u00edculo e intentaron huir a pie, pero&nbsp; fueron alcanzados y &nbsp;detenidos &nbsp;por los&nbsp; &nbsp;elementos de seguridad. Ambos &nbsp;imputados fueron puestos a disposici\u00f3n del &nbsp;Ministerio P\u00fablico, quien integr\u00f3 la carpeta de investigaci\u00f3n correspondiente.<\/p>\n\n\n\n<p>Durante&nbsp; la&nbsp; &nbsp;audiencia &nbsp;inicial, &nbsp;el &nbsp;Juez &nbsp;de &nbsp;Control conoci\u00f3 las &nbsp;pruebas recabadas durante la investigaci\u00f3n, por lo que resolvi\u00f3 vincular a proceso penal &nbsp;a <strong>JOS\u00c9 &nbsp;JAVIER \u201cN\u201d &nbsp;<\/strong>y <strong>ADRIANA &nbsp;ELIZABETH \u201cN\u201d &nbsp;<\/strong>por el &nbsp;delito de robo calificado.<\/p>\n\n\n\n<figure class=\"wp-block-image size-large\"><img loading=\"lazy\" decoding=\"async\" width=\"825\" height=\"1024\" src=\"https:\/\/periodiconuevomilenio.com\/wp-content\/uploads\/2025\/04\/Comunicado_FGE_254_2025_Salamanca-825x1024.jpeg\" alt=\"\" class=\"wp-image-22753\" srcset=\"https:\/\/periodiconuevomilenio.com\/wp-content\/uploads\/2025\/04\/Comunicado_FGE_254_2025_Salamanca-825x1024.jpeg 825w, https:\/\/periodiconuevomilenio.com\/wp-content\/uploads\/2025\/04\/Comunicado_FGE_254_2025_Salamanca-242x300.jpeg 242w, https:\/\/periodiconuevomilenio.com\/wp-content\/uploads\/2025\/04\/Comunicado_FGE_254_2025_Salamanca-768x953.jpeg 768w, https:\/\/periodiconuevomilenio.com\/wp-content\/uploads\/2025\/04\/Comunicado_FGE_254_2025_Salamanca-1237x1536.jpeg 1237w, https:\/\/periodiconuevomilenio.com\/wp-content\/uploads\/2025\/04\/Comunicado_FGE_254_2025_Salamanca-1024x1271.jpeg 1024w, https:\/\/periodiconuevomilenio.com\/wp-content\/uploads\/2025\/04\/Comunicado_FGE_254_2025_Salamanca.jpeg 1289w\" sizes=\"auto, (max-width: 825px) 100vw, 825px\" \/><\/figure>\n\n\n","protected":false},"excerpt":{"rendered":"<p>La Fiscal\u00eda General del Estado de Guanajuato logr\u00f3 vinculaci\u00f3n a proceso penal contra JOS\u00c9 &nbsp;JAVIER \u201cN\u201d y ADRIANA<\/p>\n","protected":false},"author":1,"featured_media":22753,"comment_status":"open","ping_status":"open","sticky":false,"template":"","format":"standard","meta":{"jetpack_post_was_ever_published":false,"_jetpack_newsletter_access":"","_jetpack_dont_email_post_to_subs":false,"_jetpack_newsletter_tier_id":0,"_jetpack_memberships_contains_paywalled_content":false,"_jetpack_memberships_contains_paid_content":false,"footnotes":"","jetpack_publicize_message":"","jetpack_publicize_feature_enabled":false,"jetpack_social_post_already_shared":false,"jetpack_social_options":{"image_generator_settings":{"template":"highway","enabled":false},"version":2}},"categories":[31,48],"tags":[51],"class_list":["post-22752","post","type-post","status-publish","format-standard","has-post-thumbnail","hentry","category-estado","category-policiaca","tag-estado"],"jetpack_publicize_connections":[],"jetpack_sharing_enabled":true,"jetpack_featured_media_url":"https:\/\/periodiconuevomilenio.com\/wp-content\/uploads\/2025\/04\/Comunicado_FGE_254_2025_Salamanca.jpeg","_links":{"self":[{"href":"https:\/\/periodiconuevomilenio.com\/index.php\/wp-json\/wp\/v2\/posts\/22752","targetHints":{"allow":["GET"]}}],"collection":[{"href":"https:\/\/periodiconuevomilenio.com\/index.php\/wp-json\/wp\/v2\/posts"}],"about":[{"href":"https:\/\/periodiconuevomilenio.com\/index.php\/wp-json\/wp\/v2\/types\/post"}],"author":[{"embeddable":true,"href":"https:\/\/periodiconuevomilenio.com\/index.php\/wp-json\/wp\/v2\/users\/1"}],"replies":[{"embeddable":true,"href":"https:\/\/periodiconuevomilenio.com\/index.php\/wp-json\/wp\/v2\/comments?post=22752"}],"version-history":[{"count":1,"href":"https:\/\/periodiconuevomilenio.com\/index.php\/wp-json\/wp\/v2\/posts\/22752\/revisions"}],"predecessor-version":[{"id":22754,"href":"https:\/\/periodiconuevomilenio.com\/index.php\/wp-json\/wp\/v2\/posts\/22752\/revisions\/22754"}],"wp:featuredmedia":[{"embeddable":true,"href":"https:\/\/periodiconuevomilenio.com\/index.php\/wp-json\/wp\/v2\/media\/22753"}],"wp:attachment":[{"href":"https:\/\/periodiconuevomilenio.com\/index.php\/wp-json\/wp\/v2\/media?parent=22752"}],"wp:term":[{"taxonomy":"category","embeddable":true,"href":"https:\/\/periodiconuevomilenio.com\/index.php\/wp-json\/wp\/v2\/categories?post=22752"},{"taxonomy":"post_tag","embeddable":true,"href":"https:\/\/periodiconuevomilenio.com\/index.php\/wp-json\/wp\/v2\/tags?post=22752"}],"curies":[{"name":"wp","href":"https:\/\/api.w.org\/{rel}","templated":true}]}}