{"id":22775,"date":"2025-04-19T14:34:04","date_gmt":"2025-04-19T20:34:04","guid":{"rendered":"https:\/\/periodiconuevomilenio.com\/?p=22775"},"modified":"2025-04-19T14:34:08","modified_gmt":"2025-04-19T20:34:08","slug":"alcanza-70-liquidacion-del-incendio-forestal-en-la-sierra-de-los-agustinos","status":"publish","type":"post","link":"https:\/\/periodiconuevomilenio.com\/index.php\/2025\/04\/19\/alcanza-70-liquidacion-del-incendio-forestal-en-la-sierra-de-los-agustinos\/","title":{"rendered":"Alcanza 70% liquidaci\u00f3n del incendio forestal en la Sierra de los Agustinos"},"content":{"rendered":"\n<ul class=\"wp-block-list\">\n<li><strong>El control del siniestro avanza a un 75%, con una afectaci\u00f3n estimada de 715 hect\u00e1reas de vegetaci\u00f3n.<\/strong><\/li>\n<\/ul>\n\n\n\n<ul class=\"wp-block-list\">\n<li><strong>Participan 196 combatientes de los tres \u00f3rdenes de gobierno, brigadas comunitarias y voluntarias.<\/strong><\/li>\n<\/ul>\n\n\n\n<p><strong>Silao de la Victoria, Gto., a 19 de abril de 2025<\/strong>.- Como parte de las labores conjuntas para contener y extinguir el incendio forestal intermunicipal en la Sierra de los Agustinos, el Comando Unificado reporta un avance del 75% en el control y 70% en la liquidaci\u00f3n del siniestro.&nbsp;<\/p>\n\n\n\n<p>La superficie afectada alcanza las 715 hect\u00e1reas, de acuerdo con la validaci\u00f3n t\u00e9cnica en campo y los an\u00e1lisis de puntos de calor del Sistema de Predicci\u00f3n de Peligro de Incendios Forestales de M\u00e9xico.<\/p>\n\n\n\n<p>Durante el periodo operativo del 18 de abril participaron 196 personas, entre personal t\u00e9cnico y combatientes, provenientes de los tres \u00f3rdenes de gobierno, as\u00ed como brigadas voluntarias y comunitarias.&nbsp;<\/p>\n\n\n\n<p>Las dependencias involucradas incluyen a la Secretar\u00eda de Seguridad P\u00fablica y Paz del Estado de Guanajuato, Coordinaci\u00f3n Estatal de Protecci\u00f3n Civil (CEPC), Direcci\u00f3n General del Sistema Estatal C5i, Comisar\u00eda General de las Fuerzas de Seguridad P\u00fablica del Estado (FSPE), Secretar\u00eda del Agua y Medio Ambiente (SAMA), la Comisi\u00f3n Nacional Forestal (CONAFOR), Secretar\u00eda de la Defensa Nacional (Defensa), Guardia Nacional, as\u00ed como cuerpos de bomberos y coordinaciones municipales de Protecci\u00f3n Civil y Medio Ambiente de Jer\u00e9cuaro, Tarimoro y Ac\u00e1mbaro.<\/p>\n\n\n\n<p>Tambi\u00e9n han colaborado voluntarios de comunidades y ejidos afectados.<\/p>\n\n\n\n<p>Las acciones de combate contin\u00faan en las divisiones Alpha, Bravo, Charly y Delta, donde se realizan trabajos de contrafuegos a distancia, aplicaci\u00f3n de agua mediante equipo especializado, construcci\u00f3n, ampliaci\u00f3n y rehabilitaci\u00f3n de brechas cortafuego, adem\u00e1s de vigilancia permanente y monitoreo en la l\u00ednea de control.<\/p>\n\n\n\n<p>La Secretar\u00eda de Seguridad y Paz mantiene su compromiso de operar de forma continua hasta lograr la extinci\u00f3n total del incendio, a fin de proteger la biodiversidad, el patrimonio natural y la seguridad de las comunidades aleda\u00f1as.<\/p>\n\n\n\n<figure class=\"wp-block-gallery has-nested-images columns-default is-cropped wp-block-gallery-1 is-layout-flex wp-block-gallery-is-layout-flex\">\n<figure class=\"wp-block-image size-large\"><img loading=\"lazy\" decoding=\"async\" width=\"1024\" height=\"768\" data-id=\"22780\" src=\"https:\/\/periodiconuevomilenio.com\/wp-content\/uploads\/2025\/04\/Incendio-Sierra-Agustinos-07-1024x768.jpg\" alt=\"\" class=\"wp-image-22780\" srcset=\"https:\/\/periodiconuevomilenio.com\/wp-content\/uploads\/2025\/04\/Incendio-Sierra-Agustinos-07-1024x768.jpg 1024w, https:\/\/periodiconuevomilenio.com\/wp-content\/uploads\/2025\/04\/Incendio-Sierra-Agustinos-07-300x225.jpg 300w, https:\/\/periodiconuevomilenio.com\/wp-content\/uploads\/2025\/04\/Incendio-Sierra-Agustinos-07-768x576.jpg 768w, https:\/\/periodiconuevomilenio.com\/wp-content\/uploads\/2025\/04\/Incendio-Sierra-Agustinos-07.jpg 1280w\" sizes=\"auto, (max-width: 1024px) 100vw, 1024px\" \/><\/figure>\n\n\n\n<figure class=\"wp-block-image size-large\"><img loading=\"lazy\" decoding=\"async\" width=\"768\" height=\"1024\" data-id=\"22782\" src=\"https:\/\/periodiconuevomilenio.com\/wp-content\/uploads\/2025\/04\/Incendio-Sierra-Agustinos-06-768x1024.jpg\" alt=\"\" class=\"wp-image-22782\" srcset=\"https:\/\/periodiconuevomilenio.com\/wp-content\/uploads\/2025\/04\/Incendio-Sierra-Agustinos-06-768x1024.jpg 768w, https:\/\/periodiconuevomilenio.com\/wp-content\/uploads\/2025\/04\/Incendio-Sierra-Agustinos-06-225x300.jpg 225w, https:\/\/periodiconuevomilenio.com\/wp-content\/uploads\/2025\/04\/Incendio-Sierra-Agustinos-06.jpg 960w\" sizes=\"auto, (max-width: 768px) 100vw, 768px\" \/><\/figure>\n\n\n\n<figure class=\"wp-block-image size-large\"><img loading=\"lazy\" decoding=\"async\" width=\"1024\" height=\"683\" data-id=\"22781\" src=\"https:\/\/periodiconuevomilenio.com\/wp-content\/uploads\/2025\/04\/Incendio-Sierra-Agustinos-05-1024x683.jpg\" alt=\"\" class=\"wp-image-22781\" srcset=\"https:\/\/periodiconuevomilenio.com\/wp-content\/uploads\/2025\/04\/Incendio-Sierra-Agustinos-05-1024x683.jpg 1024w, https:\/\/periodiconuevomilenio.com\/wp-content\/uploads\/2025\/04\/Incendio-Sierra-Agustinos-05-300x200.jpg 300w, https:\/\/periodiconuevomilenio.com\/wp-content\/uploads\/2025\/04\/Incendio-Sierra-Agustinos-05-768x512.jpg 768w, https:\/\/periodiconuevomilenio.com\/wp-content\/uploads\/2025\/04\/Incendio-Sierra-Agustinos-05.jpg 1200w\" sizes=\"auto, (max-width: 1024px) 100vw, 1024px\" \/><\/figure>\n<\/figure>\n\n\n\n<figure class=\"wp-block-gallery has-nested-images columns-default is-cropped wp-block-gallery-2 is-layout-flex wp-block-gallery-is-layout-flex\">\n<figure class=\"wp-block-image size-large\"><img loading=\"lazy\" decoding=\"async\" width=\"1024\" height=\"683\" data-id=\"22778\" src=\"https:\/\/periodiconuevomilenio.com\/wp-content\/uploads\/2025\/04\/Incendio-Sierra-Agustinos-03-1024x683.jpg\" alt=\"\" class=\"wp-image-22778\" srcset=\"https:\/\/periodiconuevomilenio.com\/wp-content\/uploads\/2025\/04\/Incendio-Sierra-Agustinos-03-1024x683.jpg 1024w, https:\/\/periodiconuevomilenio.com\/wp-content\/uploads\/2025\/04\/Incendio-Sierra-Agustinos-03-300x200.jpg 300w, https:\/\/periodiconuevomilenio.com\/wp-content\/uploads\/2025\/04\/Incendio-Sierra-Agustinos-03-768x512.jpg 768w, https:\/\/periodiconuevomilenio.com\/wp-content\/uploads\/2025\/04\/Incendio-Sierra-Agustinos-03.jpg 1200w\" sizes=\"auto, (max-width: 1024px) 100vw, 1024px\" \/><\/figure>\n\n\n\n<figure class=\"wp-block-image size-large\"><img loading=\"lazy\" decoding=\"async\" width=\"1024\" height=\"683\" data-id=\"22777\" src=\"https:\/\/periodiconuevomilenio.com\/wp-content\/uploads\/2025\/04\/Incendio-Sierra-Agustinos-01-1024x683.jpg\" alt=\"\" class=\"wp-image-22777\" srcset=\"https:\/\/periodiconuevomilenio.com\/wp-content\/uploads\/2025\/04\/Incendio-Sierra-Agustinos-01-1024x683.jpg 1024w, https:\/\/periodiconuevomilenio.com\/wp-content\/uploads\/2025\/04\/Incendio-Sierra-Agustinos-01-300x200.jpg 300w, https:\/\/periodiconuevomilenio.com\/wp-content\/uploads\/2025\/04\/Incendio-Sierra-Agustinos-01-768x512.jpg 768w, https:\/\/periodiconuevomilenio.com\/wp-content\/uploads\/2025\/04\/Incendio-Sierra-Agustinos-01.jpg 1200w\" sizes=\"auto, (max-width: 1024px) 100vw, 1024px\" \/><\/figure>\n\n\n\n<figure class=\"wp-block-image size-large\"><img loading=\"lazy\" decoding=\"async\" width=\"1024\" height=\"683\" data-id=\"22779\" src=\"https:\/\/periodiconuevomilenio.com\/wp-content\/uploads\/2025\/04\/Incendio-Sierra-Agustinos-02-1024x683.jpg\" alt=\"\" class=\"wp-image-22779\" srcset=\"https:\/\/periodiconuevomilenio.com\/wp-content\/uploads\/2025\/04\/Incendio-Sierra-Agustinos-02-1024x683.jpg 1024w, https:\/\/periodiconuevomilenio.com\/wp-content\/uploads\/2025\/04\/Incendio-Sierra-Agustinos-02-300x200.jpg 300w, https:\/\/periodiconuevomilenio.com\/wp-content\/uploads\/2025\/04\/Incendio-Sierra-Agustinos-02-768x512.jpg 768w, https:\/\/periodiconuevomilenio.com\/wp-content\/uploads\/2025\/04\/Incendio-Sierra-Agustinos-02.jpg 1200w\" sizes=\"auto, (max-width: 1024px) 100vw, 1024px\" \/><\/figure>\n\n\n\n<figure class=\"wp-block-image size-large\"><img loading=\"lazy\" decoding=\"async\" width=\"1024\" height=\"683\" data-id=\"22776\" src=\"https:\/\/periodiconuevomilenio.com\/wp-content\/uploads\/2025\/04\/Incendio-Sierra-Agustinos-04-1024x683.jpg\" alt=\"\" class=\"wp-image-22776\" srcset=\"https:\/\/periodiconuevomilenio.com\/wp-content\/uploads\/2025\/04\/Incendio-Sierra-Agustinos-04-1024x683.jpg 1024w, https:\/\/periodiconuevomilenio.com\/wp-content\/uploads\/2025\/04\/Incendio-Sierra-Agustinos-04-300x200.jpg 300w, https:\/\/periodiconuevomilenio.com\/wp-content\/uploads\/2025\/04\/Incendio-Sierra-Agustinos-04-768x512.jpg 768w, https:\/\/periodiconuevomilenio.com\/wp-content\/uploads\/2025\/04\/Incendio-Sierra-Agustinos-04.jpg 1200w\" sizes=\"auto, (max-width: 1024px) 100vw, 1024px\" \/><\/figure>\n<\/figure>\n\n\n","protected":false},"excerpt":{"rendered":"<p>Silao de la Victoria, Gto., a 19 de abril de 2025.- Como parte de las labores conjuntas para<\/p>\n","protected":false},"author":1,"featured_media":22781,"comment_status":"open","ping_status":"open","sticky":false,"template":"","format":"standard","meta":{"jetpack_post_was_ever_published":false,"_jetpack_newsletter_access":"","_jetpack_dont_email_post_to_subs":false,"_jetpack_newsletter_tier_id":0,"_jetpack_memberships_contains_paywalled_content":false,"_jetpack_memberships_contains_paid_content":false,"footnotes":"","jetpack_publicize_message":"","jetpack_publicize_feature_enabled":false,"jetpack_social_post_already_shared":false,"jetpack_social_options":{"image_generator_settings":{"template":"highway","enabled":false},"version":2}},"categories":[31,48],"tags":[51],"class_list":["post-22775","post","type-post","status-publish","format-standard","has-post-thumbnail","hentry","category-estado","category-policiaca","tag-estado"],"jetpack_publicize_connections":[],"jetpack_sharing_enabled":true,"jetpack_featured_media_url":"https:\/\/periodiconuevomilenio.com\/wp-content\/uploads\/2025\/04\/Incendio-Sierra-Agustinos-05.jpg","_links":{"self":[{"href":"https:\/\/periodiconuevomilenio.com\/index.php\/wp-json\/wp\/v2\/posts\/22775","targetHints":{"allow":["GET"]}}],"collection":[{"href":"https:\/\/periodiconuevomilenio.com\/index.php\/wp-json\/wp\/v2\/posts"}],"about":[{"href":"https:\/\/periodiconuevomilenio.com\/index.php\/wp-json\/wp\/v2\/types\/post"}],"author":[{"embeddable":true,"href":"https:\/\/periodiconuevomilenio.com\/index.php\/wp-json\/wp\/v2\/users\/1"}],"replies":[{"embeddable":true,"href":"https:\/\/periodiconuevomilenio.com\/index.php\/wp-json\/wp\/v2\/comments?post=22775"}],"version-history":[{"count":1,"href":"https:\/\/periodiconuevomilenio.com\/index.php\/wp-json\/wp\/v2\/posts\/22775\/revisions"}],"predecessor-version":[{"id":22783,"href":"https:\/\/periodiconuevomilenio.com\/index.php\/wp-json\/wp\/v2\/posts\/22775\/revisions\/22783"}],"wp:featuredmedia":[{"embeddable":true,"href":"https:\/\/periodiconuevomilenio.com\/index.php\/wp-json\/wp\/v2\/media\/22781"}],"wp:attachment":[{"href":"https:\/\/periodiconuevomilenio.com\/index.php\/wp-json\/wp\/v2\/media?parent=22775"}],"wp:term":[{"taxonomy":"category","embeddable":true,"href":"https:\/\/periodiconuevomilenio.com\/index.php\/wp-json\/wp\/v2\/categories?post=22775"},{"taxonomy":"post_tag","embeddable":true,"href":"https:\/\/periodiconuevomilenio.com\/index.php\/wp-json\/wp\/v2\/tags?post=22775"}],"curies":[{"name":"wp","href":"https:\/\/api.w.org\/{rel}","templated":true}]}}