{"id":22799,"date":"2025-04-21T09:11:56","date_gmt":"2025-04-21T15:11:56","guid":{"rendered":"https:\/\/periodiconuevomilenio.com\/?p=22799"},"modified":"2025-04-21T09:11:58","modified_gmt":"2025-04-21T15:11:58","slug":"semana-nacional-de-vacunacion-2025-protegiendo-la-salud-de-adolescentes","status":"publish","type":"post","link":"https:\/\/periodiconuevomilenio.com\/index.php\/2025\/04\/21\/semana-nacional-de-vacunacion-2025-protegiendo-la-salud-de-adolescentes\/","title":{"rendered":"Semana Nacional de Vacunaci\u00f3n 2025: Protegiendo la salud de adolescentes\u00a0"},"content":{"rendered":"\n<figure class=\"wp-block-image\"><img decoding=\"async\" src=\"https:\/\/static.xx.fbcdn.net\/images\/emoji.php\/v9\/tcd\/1\/16\/1f489.png\" alt=\"\ud83d\udc89\"\/><\/figure>\n\n\n\n<figure class=\"wp-block-image\"><img decoding=\"async\" src=\"https:\/\/static.xx.fbcdn.net\/images\/emoji.php\/v9\/tf4\/1\/16\/2728.png\" alt=\"\u2728\"\/><\/figure>\n\n\n\n<p>Del 26 de abril al 3 de mayo, se promueve la vacunaci\u00f3n para adolescentes con dosis clave para su protecci\u00f3n:<\/p>\n\n\n\n<figure class=\"wp-block-image\"><img decoding=\"async\" src=\"https:\/\/static.xx.fbcdn.net\/images\/emoji.php\/v9\/t33\/1\/16\/2705.png\" alt=\"\u2705\"\/><\/figure>\n\n\n\n<p>&nbsp;Virus del Papiloma Humano (VPH): Aplicada a ni\u00f1as y ni\u00f1os en 5\u00b0 grado de primaria y adolescentes de 11 a\u00f1os no escolarizados.<\/p>\n\n\n\n<figure class=\"wp-block-image\"><img decoding=\"async\" src=\"https:\/\/static.xx.fbcdn.net\/images\/emoji.php\/v9\/t33\/1\/16\/2705.png\" alt=\"\u2705\"\/><\/figure>\n\n\n\n<p>&nbsp;T\u00e9tanos y Difteria (Td): Refuerzo cada 10 a\u00f1os.<\/p>\n\n\n\n<figure class=\"wp-block-image\"><img decoding=\"async\" src=\"https:\/\/static.xx.fbcdn.net\/images\/emoji.php\/v9\/t33\/1\/16\/2705.png\" alt=\"\u2705\"\/><\/figure>\n\n\n\n<p>&nbsp;Sarampi\u00f3n y Rub\u00e9ola (SR): A partir de los 10 a\u00f1os, si no cuentan con el esquema completo.<\/p>\n\n\n\n<figure class=\"wp-block-image\"><img decoding=\"async\" src=\"https:\/\/static.xx.fbcdn.net\/images\/emoji.php\/v9\/t33\/1\/16\/2705.png\" alt=\"\u2705\"\/><\/figure>\n\n\n\n<p>&nbsp;Hepatitis B: Para adolescentes de 11 a\u00f1os, si no tienen antecedente de vacunaci\u00f3n o presentan factores de riesgo.<\/p>\n\n\n\n<figure class=\"wp-block-image\"><img decoding=\"async\" src=\"https:\/\/static.xx.fbcdn.net\/images\/emoji.php\/v9\/t2d\/1\/16\/1f4cd.png\" alt=\"\ud83d\udccd\"\/><\/figure>\n\n\n\n<p>&nbsp;Acude a tu unidad de salud m\u00e1s cercana y protege tu bienestar.<br>M\u00e1s informaci\u00f3n en:&nbsp;<a href=\"http:\/\/gob.mx\/salud?fbclid=IwZXh0bgNhZW0CMTAAAR5IBnZvmHjYdfDSGAFy0jsRHLI1tjZnklX6S4fEKL84Q1Ki3GKptSJ5m9nCbA_aem_cHz3Qnd4ZWGajWnWjbUjXA\" rel=\"noreferrer noopener\" target=\"_blank\">gob.mx\/salud<\/a><\/p>\n\n\n\n<p>\u00a1Vacunarse es salud y prevenci\u00f3n!&nbsp;<\/p>\n\n\n\n<figure class=\"wp-block-image\"><img decoding=\"async\" src=\"https:\/\/static.xx.fbcdn.net\/images\/emoji.php\/v9\/t6c\/1\/16\/1f499.png\" alt=\"\ud83d\udc99\"\/><\/figure>\n\n\n\n<p><a href=\"https:\/\/www.facebook.com\/hashtag\/semanadevacunaci%C3%B3n?__eep__=6&amp;__cft__[0]=AZUC9dIaNHOLjJgjdIYBrUj72cxaqFniP13Ftte1_SBmwcXe9pGXsokp6wjpsbbbRs5xhcFCYfS2IfnhwYzn77Qc_OEidIlmnhYPsqQtSbwfjgENz2oBao20zxHuDsaCkBgHSNWFXleuTuTMKMeB-fBZkUxJuWJ8UBRjZb8gKdhjpyzhsgEfVblAn34vK7VzEL8-E6FSWFGvxTMP4xbVfoywcCOm6mcDCqvx_NQE5SXhpA&amp;__tn__=*NK*F\">#SemanaDeVacunaci\u00f3n<\/a><a href=\"https:\/\/www.facebook.com\/hashtag\/saludjuvenil?__eep__=6&amp;__cft__[0]=AZUC9dIaNHOLjJgjdIYBrUj72cxaqFniP13Ftte1_SBmwcXe9pGXsokp6wjpsbbbRs5xhcFCYfS2IfnhwYzn77Qc_OEidIlmnhYPsqQtSbwfjgENz2oBao20zxHuDsaCkBgHSNWFXleuTuTMKMeB-fBZkUxJuWJ8UBRjZb8gKdhjpyzhsgEfVblAn34vK7VzEL8-E6FSWFGvxTMP4xbVfoywcCOm6mcDCqvx_NQE5SXhpA&amp;__tn__=*NK*F\">#SaludJuvenil<\/a><a href=\"https:\/\/www.facebook.com\/hashtag\/unvalledetodos?__eep__=6&amp;__cft__[0]=AZUC9dIaNHOLjJgjdIYBrUj72cxaqFniP13Ftte1_SBmwcXe9pGXsokp6wjpsbbbRs5xhcFCYfS2IfnhwYzn77Qc_OEidIlmnhYPsqQtSbwfjgENz2oBao20zxHuDsaCkBgHSNWFXleuTuTMKMeB-fBZkUxJuWJ8UBRjZb8gKdhjpyzhsgEfVblAn34vK7VzEL8-E6FSWFGvxTMP4xbVfoywcCOm6mcDCqvx_NQE5SXhpA&amp;__tn__=*NK*F\">#UnValleDeTodos<\/a><\/p>\n\n\n\n<figure class=\"wp-block-image size-large\"><img loading=\"lazy\" decoding=\"async\" width=\"697\" height=\"1024\" src=\"https:\/\/periodiconuevomilenio.com\/wp-content\/uploads\/2025\/04\/490822851_122147624102559866_898358957450868486_n-697x1024.jpg\" alt=\"\" class=\"wp-image-22800\" srcset=\"https:\/\/periodiconuevomilenio.com\/wp-content\/uploads\/2025\/04\/490822851_122147624102559866_898358957450868486_n-697x1024.jpg 697w, https:\/\/periodiconuevomilenio.com\/wp-content\/uploads\/2025\/04\/490822851_122147624102559866_898358957450868486_n-204x300.jpg 204w, https:\/\/periodiconuevomilenio.com\/wp-content\/uploads\/2025\/04\/490822851_122147624102559866_898358957450868486_n-768x1128.jpg 768w, https:\/\/periodiconuevomilenio.com\/wp-content\/uploads\/2025\/04\/490822851_122147624102559866_898358957450868486_n.jpg 973w\" sizes=\"auto, (max-width: 697px) 100vw, 697px\" \/><\/figure>\n\n\n","protected":false},"excerpt":{"rendered":"<p>Del 26 de abril al 3 de mayo, se promueve la vacunaci\u00f3n para adolescentes con dosis clave para<\/p>\n","protected":false},"author":1,"featured_media":22800,"comment_status":"open","ping_status":"open","sticky":false,"template":"","format":"standard","meta":{"jetpack_post_was_ever_published":false,"_jetpack_newsletter_access":"","_jetpack_dont_email_post_to_subs":false,"_jetpack_newsletter_tier_id":0,"_jetpack_memberships_contains_paywalled_content":false,"_jetpack_memberships_contains_paid_content":false,"footnotes":"","jetpack_publicize_message":"","jetpack_publicize_feature_enabled":false,"jetpack_social_post_already_shared":false,"jetpack_social_options":{"image_generator_settings":{"template":"highway","enabled":false},"version":2}},"categories":[31,47],"tags":[51,50],"class_list":["post-22799","post","type-post","status-publish","format-standard","has-post-thumbnail","hentry","category-estado","category-nacional","tag-estado","tag-nacional"],"jetpack_publicize_connections":[],"jetpack_sharing_enabled":true,"jetpack_featured_media_url":"https:\/\/periodiconuevomilenio.com\/wp-content\/uploads\/2025\/04\/490822851_122147624102559866_898358957450868486_n.jpg","_links":{"self":[{"href":"https:\/\/periodiconuevomilenio.com\/index.php\/wp-json\/wp\/v2\/posts\/22799","targetHints":{"allow":["GET"]}}],"collection":[{"href":"https:\/\/periodiconuevomilenio.com\/index.php\/wp-json\/wp\/v2\/posts"}],"about":[{"href":"https:\/\/periodiconuevomilenio.com\/index.php\/wp-json\/wp\/v2\/types\/post"}],"author":[{"embeddable":true,"href":"https:\/\/periodiconuevomilenio.com\/index.php\/wp-json\/wp\/v2\/users\/1"}],"replies":[{"embeddable":true,"href":"https:\/\/periodiconuevomilenio.com\/index.php\/wp-json\/wp\/v2\/comments?post=22799"}],"version-history":[{"count":1,"href":"https:\/\/periodiconuevomilenio.com\/index.php\/wp-json\/wp\/v2\/posts\/22799\/revisions"}],"predecessor-version":[{"id":22801,"href":"https:\/\/periodiconuevomilenio.com\/index.php\/wp-json\/wp\/v2\/posts\/22799\/revisions\/22801"}],"wp:featuredmedia":[{"embeddable":true,"href":"https:\/\/periodiconuevomilenio.com\/index.php\/wp-json\/wp\/v2\/media\/22800"}],"wp:attachment":[{"href":"https:\/\/periodiconuevomilenio.com\/index.php\/wp-json\/wp\/v2\/media?parent=22799"}],"wp:term":[{"taxonomy":"category","embeddable":true,"href":"https:\/\/periodiconuevomilenio.com\/index.php\/wp-json\/wp\/v2\/categories?post=22799"},{"taxonomy":"post_tag","embeddable":true,"href":"https:\/\/periodiconuevomilenio.com\/index.php\/wp-json\/wp\/v2\/tags?post=22799"}],"curies":[{"name":"wp","href":"https:\/\/api.w.org\/{rel}","templated":true}]}}