{"id":22831,"date":"2025-04-22T15:56:30","date_gmt":"2025-04-22T21:56:30","guid":{"rendered":"https:\/\/periodiconuevomilenio.com\/?p=22831"},"modified":"2025-04-22T15:56:34","modified_gmt":"2025-04-22T21:56:34","slug":"objetivo-prioritario-fue-capturado-por-hechos-violentos-en-san-luis-de-la-paz","status":"publish","type":"post","link":"https:\/\/periodiconuevomilenio.com\/index.php\/2025\/04\/22\/objetivo-prioritario-fue-capturado-por-hechos-violentos-en-san-luis-de-la-paz\/","title":{"rendered":"OBJETIVO PRIORITARIO FUE CAPTURADO POR HECHOS \u00a0VIOLENTOS EN SAN LUIS DE LA PAZ"},"content":{"rendered":"\n<p><strong>MAURICIO \u201cN\u201d <\/strong>alias \u201cEl Kilos\u201d, considerado por la Fiscal\u00eda General del Estado como un generador de violencia en la regi\u00f3n noreste del estado ha sido capturado por agentes de Investigaci\u00f3n Criminal durante un sigiloso operativo.<\/p>\n\n\n\n<p>El&nbsp; &nbsp;Ministerio &nbsp;P\u00fablico &nbsp;inici\u00f3 &nbsp;y&nbsp;&nbsp; dio &nbsp;seguimiento &nbsp;de &nbsp;manera ininterrumpida &nbsp;a &nbsp;una investigaci\u00f3n para esclarecer una emboscada a dos personas, que deriv\u00f3 en el asesinato de una de ellas y lesiones que pusieron en riesgo la vida de la otra, en hechos ocurridos en el municipio de San Luis de la Paz.<\/p>\n\n\n\n<p>El 7 de octubre de 2024, entre las 9:00 y las 10:15 horas, los ofendidos fueron interceptados y privados de su libertad mientras se encontraban en un veh\u00edculo. Tras ser sometidos de manera violenta,&nbsp; fueron llevados&nbsp; hacia un camino de terracer\u00eda &nbsp;que conduce a la comunidad Mesas del Pueblo donde les provoc\u00f3 lesiones con arma de fuego.<\/p>\n\n\n\n<p>Un disparo en el cr\u00e1neo provoc\u00f3 la muerte de una de las v\u00edctimas mientras que la otra sobrevivi\u00f3 a los impactos de bala en la regi\u00f3n supraclavicular y brazo derecho.<\/p>\n\n\n\n<p>Derivado &nbsp;de la investigaci\u00f3n, &nbsp;un agente del Ministerio P\u00fablico &nbsp;compil\u00f3 &nbsp;elementos &nbsp;de prueba &nbsp;para &nbsp;solicitar&nbsp;&nbsp; una &nbsp;orden &nbsp;de &nbsp;aprehensi\u00f3n, contra &nbsp;el&nbsp; &nbsp;presunto &nbsp;homicida, identificado como <strong>MAURICIO \u201cN\u201d <\/strong>alias \u201cEl Kilos\u201d, generador de violencia en la regi\u00f3n.<\/p>\n\n\n\n<p>Fue gracias &nbsp;a un operativo &nbsp;desplegado por agentes de Investigaci\u00f3n &nbsp;Criminal, &nbsp;que se logr\u00f3 ubicar y capturar al imputado, quien fue presentado ante un Tribunal, donde se sustent\u00f3 la &nbsp;acusaci\u00f3n &nbsp;con&nbsp; pruebas &nbsp;forenses, testimonios &nbsp;y &nbsp;peritajes &nbsp;bal\u00edsticos &nbsp;que consolidaron la narrativa de los hechos.<\/p>\n\n\n\n<p>Ante la veracidad de las pruebas, \u201cEl Kilos\u201d fue vinculado a proceso penal por su probable responsabilidad en los delitos de homicidio calificado y homicidio calificado en grado de tentativa. Adem\u00e1s se le impuso prisi\u00f3n preventiva justificada durante el tiempo que dure el proceso penal.<\/p>\n\n\n\n<p>Importante es mencionar que por este crimen, LORENA JAZM\u00cdN \u201cN\u201d fue procesada en noviembre &nbsp;de &nbsp;2024, como&nbsp; presunta &nbsp;part\u00edcipe &nbsp;e integrante &nbsp;de la &nbsp;c\u00e9lula &nbsp;delictiva implicada.<\/p>\n\n\n\n<figure class=\"wp-block-image size-large\"><img loading=\"lazy\" decoding=\"async\" width=\"825\" height=\"1024\" src=\"https:\/\/periodiconuevomilenio.com\/wp-content\/uploads\/2025\/04\/thumbnail-10-825x1024.jpg\" alt=\"\" class=\"wp-image-22832\" srcset=\"https:\/\/periodiconuevomilenio.com\/wp-content\/uploads\/2025\/04\/thumbnail-10-825x1024.jpg 825w, https:\/\/periodiconuevomilenio.com\/wp-content\/uploads\/2025\/04\/thumbnail-10-242x300.jpg 242w, https:\/\/periodiconuevomilenio.com\/wp-content\/uploads\/2025\/04\/thumbnail-10-768x954.jpg 768w, https:\/\/periodiconuevomilenio.com\/wp-content\/uploads\/2025\/04\/thumbnail-10-1024x1271.jpg 1024w, https:\/\/periodiconuevomilenio.com\/wp-content\/uploads\/2025\/04\/thumbnail-10.jpg 1080w\" sizes=\"auto, (max-width: 825px) 100vw, 825px\" \/><\/figure>\n\n\n","protected":false},"excerpt":{"rendered":"<p>MAURICIO \u201cN\u201d alias \u201cEl Kilos\u201d, considerado por la Fiscal\u00eda General del Estado como un generador de violencia en<\/p>\n","protected":false},"author":1,"featured_media":22832,"comment_status":"open","ping_status":"open","sticky":false,"template":"","format":"standard","meta":{"jetpack_post_was_ever_published":false,"_jetpack_newsletter_access":"","_jetpack_dont_email_post_to_subs":false,"_jetpack_newsletter_tier_id":0,"_jetpack_memberships_contains_paywalled_content":false,"_jetpack_memberships_contains_paid_content":false,"footnotes":"","jetpack_publicize_message":"","jetpack_publicize_feature_enabled":false,"jetpack_social_post_already_shared":false,"jetpack_social_options":{"image_generator_settings":{"template":"highway","enabled":false},"version":2}},"categories":[31,48],"tags":[51],"class_list":["post-22831","post","type-post","status-publish","format-standard","has-post-thumbnail","hentry","category-estado","category-policiaca","tag-estado"],"jetpack_publicize_connections":[],"jetpack_sharing_enabled":true,"jetpack_featured_media_url":"https:\/\/periodiconuevomilenio.com\/wp-content\/uploads\/2025\/04\/thumbnail-10.jpg","_links":{"self":[{"href":"https:\/\/periodiconuevomilenio.com\/index.php\/wp-json\/wp\/v2\/posts\/22831","targetHints":{"allow":["GET"]}}],"collection":[{"href":"https:\/\/periodiconuevomilenio.com\/index.php\/wp-json\/wp\/v2\/posts"}],"about":[{"href":"https:\/\/periodiconuevomilenio.com\/index.php\/wp-json\/wp\/v2\/types\/post"}],"author":[{"embeddable":true,"href":"https:\/\/periodiconuevomilenio.com\/index.php\/wp-json\/wp\/v2\/users\/1"}],"replies":[{"embeddable":true,"href":"https:\/\/periodiconuevomilenio.com\/index.php\/wp-json\/wp\/v2\/comments?post=22831"}],"version-history":[{"count":1,"href":"https:\/\/periodiconuevomilenio.com\/index.php\/wp-json\/wp\/v2\/posts\/22831\/revisions"}],"predecessor-version":[{"id":22833,"href":"https:\/\/periodiconuevomilenio.com\/index.php\/wp-json\/wp\/v2\/posts\/22831\/revisions\/22833"}],"wp:featuredmedia":[{"embeddable":true,"href":"https:\/\/periodiconuevomilenio.com\/index.php\/wp-json\/wp\/v2\/media\/22832"}],"wp:attachment":[{"href":"https:\/\/periodiconuevomilenio.com\/index.php\/wp-json\/wp\/v2\/media?parent=22831"}],"wp:term":[{"taxonomy":"category","embeddable":true,"href":"https:\/\/periodiconuevomilenio.com\/index.php\/wp-json\/wp\/v2\/categories?post=22831"},{"taxonomy":"post_tag","embeddable":true,"href":"https:\/\/periodiconuevomilenio.com\/index.php\/wp-json\/wp\/v2\/tags?post=22831"}],"curies":[{"name":"wp","href":"https:\/\/api.w.org\/{rel}","templated":true}]}}