{"id":22858,"date":"2025-04-23T22:52:52","date_gmt":"2025-04-24T04:52:52","guid":{"rendered":"https:\/\/periodiconuevomilenio.com\/?p=22858"},"modified":"2025-04-23T22:52:53","modified_gmt":"2025-04-24T04:52:53","slug":"sin-identificar-los-mu3rtos-de-valle-y-jaral","status":"publish","type":"post","link":"https:\/\/periodiconuevomilenio.com\/index.php\/2025\/04\/23\/sin-identificar-los-mu3rtos-de-valle-y-jaral\/","title":{"rendered":"Sin identificar los mu3rtos de Valle y Jaral\u00a0"},"content":{"rendered":"\n<p>VALLE\/JARAL.- Confirmo la&nbsp; fiscal\u00eda del estado&nbsp; la mu*rte de dos personas una en el municipio de Valle en la zona conocida como la H\u00f3yela&nbsp; muy cerca de la Universidad y otro m\u00e1s en Jaral, en el r\u00edo Lerma en la zona del Centenario, ambos no han sido a\u00fan identificados y pertenecen en la morgue de la capital del estado en espera de que puedan ser identificados.<\/p>\n\n\n\n<p>Esta ma\u00f1ana, la Fiscal\u00eda General del estado confirm\u00f3 la mu*rte de dos personas en ambos municipios, revel\u00f3 que inici\u00f3 investigaciones en torno a los hechos registrados en estos&nbsp; municipios del estado<\/p>\n\n\n\n<p>Precis\u00f3 que en el Municipio de Jaral del progreso el d\u00eda de ayer se localiz\u00f3 una persona fallecida, siendo este un masculino&nbsp; que hasta el momento no ha sido posible su identificaci\u00f3n.<\/p>\n\n\n\n<p>Mientras que en Valle de Santiago, en la&nbsp; Comunidad La Hoyuela, se localiz\u00f3 el cuerpo de una persona s*n vida&nbsp; de sexo hombre, sin identificar hasta el momento la causa de muerte por determinar.<\/p>\n\n\n\n<p>El Agente del Ministerio P\u00fablico, en coordinaci\u00f3n con Agentes de Investigaci\u00f3n Criminal y peritos de campo, encabeza las investigaciones.<\/p>\n\n\n\n<figure class=\"wp-block-image size-large\"><img loading=\"lazy\" decoding=\"async\" width=\"1024\" height=\"700\" src=\"https:\/\/periodiconuevomilenio.com\/wp-content\/uploads\/2025\/04\/img_5253-1024x700.jpg\" alt=\"\" class=\"wp-image-22859\" srcset=\"https:\/\/periodiconuevomilenio.com\/wp-content\/uploads\/2025\/04\/img_5253-1024x700.jpg 1024w, https:\/\/periodiconuevomilenio.com\/wp-content\/uploads\/2025\/04\/img_5253-300x205.jpg 300w, https:\/\/periodiconuevomilenio.com\/wp-content\/uploads\/2025\/04\/img_5253-768x525.jpg 768w, https:\/\/periodiconuevomilenio.com\/wp-content\/uploads\/2025\/04\/img_5253-1536x1050.jpg 1536w, https:\/\/periodiconuevomilenio.com\/wp-content\/uploads\/2025\/04\/img_5253-2048x1400.jpg 2048w\" sizes=\"auto, (max-width: 1024px) 100vw, 1024px\" \/><\/figure>\n\n\n","protected":false},"excerpt":{"rendered":"<p>VALLE\/JARAL.- Confirmo la&nbsp; fiscal\u00eda del estado&nbsp; la mu*rte de dos personas una en el municipio de Valle en<\/p>\n","protected":false},"author":1,"featured_media":22859,"comment_status":"open","ping_status":"open","sticky":false,"template":"","format":"standard","meta":{"jetpack_post_was_ever_published":false,"_jetpack_newsletter_access":"","_jetpack_dont_email_post_to_subs":false,"_jetpack_newsletter_tier_id":0,"_jetpack_memberships_contains_paywalled_content":false,"_jetpack_memberships_contains_paid_content":false,"footnotes":"","jetpack_publicize_message":"","jetpack_publicize_feature_enabled":false,"jetpack_social_post_already_shared":false,"jetpack_social_options":{"image_generator_settings":{"template":"highway","enabled":false},"version":2}},"categories":[31,48,39],"tags":[22],"class_list":["post-22858","post","type-post","status-publish","format-standard","has-post-thumbnail","hentry","category-estado","category-policiaca","category-valle-de-santiago","tag-valle"],"jetpack_publicize_connections":[],"jetpack_sharing_enabled":true,"jetpack_featured_media_url":"https:\/\/periodiconuevomilenio.com\/wp-content\/uploads\/2025\/04\/img_5253.jpg","_links":{"self":[{"href":"https:\/\/periodiconuevomilenio.com\/index.php\/wp-json\/wp\/v2\/posts\/22858","targetHints":{"allow":["GET"]}}],"collection":[{"href":"https:\/\/periodiconuevomilenio.com\/index.php\/wp-json\/wp\/v2\/posts"}],"about":[{"href":"https:\/\/periodiconuevomilenio.com\/index.php\/wp-json\/wp\/v2\/types\/post"}],"author":[{"embeddable":true,"href":"https:\/\/periodiconuevomilenio.com\/index.php\/wp-json\/wp\/v2\/users\/1"}],"replies":[{"embeddable":true,"href":"https:\/\/periodiconuevomilenio.com\/index.php\/wp-json\/wp\/v2\/comments?post=22858"}],"version-history":[{"count":1,"href":"https:\/\/periodiconuevomilenio.com\/index.php\/wp-json\/wp\/v2\/posts\/22858\/revisions"}],"predecessor-version":[{"id":22860,"href":"https:\/\/periodiconuevomilenio.com\/index.php\/wp-json\/wp\/v2\/posts\/22858\/revisions\/22860"}],"wp:featuredmedia":[{"embeddable":true,"href":"https:\/\/periodiconuevomilenio.com\/index.php\/wp-json\/wp\/v2\/media\/22859"}],"wp:attachment":[{"href":"https:\/\/periodiconuevomilenio.com\/index.php\/wp-json\/wp\/v2\/media?parent=22858"}],"wp:term":[{"taxonomy":"category","embeddable":true,"href":"https:\/\/periodiconuevomilenio.com\/index.php\/wp-json\/wp\/v2\/categories?post=22858"},{"taxonomy":"post_tag","embeddable":true,"href":"https:\/\/periodiconuevomilenio.com\/index.php\/wp-json\/wp\/v2\/tags?post=22858"}],"curies":[{"name":"wp","href":"https:\/\/api.w.org\/{rel}","templated":true}]}}