{"id":22914,"date":"2025-04-24T13:36:08","date_gmt":"2025-04-24T19:36:08","guid":{"rendered":"https:\/\/periodiconuevomilenio.com\/?p=22914"},"modified":"2025-04-24T13:36:10","modified_gmt":"2025-04-24T19:36:10","slug":"manana-por-la-noche-se-cerrara-el-ataud-en-el-que-reposan-los-restos-mortales-del-papa-francisco","status":"publish","type":"post","link":"https:\/\/periodiconuevomilenio.com\/index.php\/2025\/04\/24\/manana-por-la-noche-se-cerrara-el-ataud-en-el-que-reposan-los-restos-mortales-del-papa-francisco\/","title":{"rendered":"Ma\u00f1ana por la noche se cerrar\u00e1 el ata\u00fad en el que reposan los restos mortales del papa Francisco"},"content":{"rendered":"\n<p>Ma\u00f1ana por la noche se cerrar\u00e1 el ata\u00fad en el que reposan los restos mortales del papa Francisco. Se har\u00e1 en presencia del camarlengo, del arcipreste de la Bas\u00edlica de <a><\/a>San Pedro, el cardenal que era secretario de Estado, el vicario para la Di\u00f3cesis de Roma, el sustituto de la Secretar\u00eda de Estado, el regente de la Casa Pontificia, el Limosnero de Su Santidad, el Vice Camerlengo, los can\u00f3nigos de la Bas\u00edlica de San Pedro, el maestro de las Celebraciones Lit\u00fargicas, los ceremonieros pontificios, y los parientes del difunto papa. Todos los cl\u00e9rigos vestir\u00e1n h\u00e1bito coral.<\/p>\n\n\n\n<p>Al inicio, el camarlengo se dirigir\u00e1 a los presentes con unas palabras. Tras ello, S.E.R. Mons. Diego Ravelli, maestro de las Celebraciones Lit\u00fargicas leer\u00e1 el texto de una \u201cRogitio\u201d, un documento en el que se narra la vida del pont\u00edfice.<\/p>\n\n\n\n<p>Cuando concluya la lectura, se cantar\u00e1 el C\u00e1ntico de Zacar\u00edas, el Benedictus, para recordar que nos visitar\u00e1 el sol que nace de lo alto para iluminar a los que viven en las tinieblas y en sombra de muerte. Despu\u00e9s, el Camarlengo rezar\u00e1 una oraci\u00f3n.<\/p>\n\n\n\n<p>Concluida la oraci\u00f3n, el maestro de las Celebraciones Lit\u00fargicas del Santo Padre, colocar\u00e1 un velo de seda blanca sobre el rostro del difunto. Despu\u00e9s, el camarlengo aspergear\u00e1 el cuerpo del papa. Tras ello, el maestro de las Celebraciones introducir\u00e1 en el ata\u00fad una bolsa con monedas acu\u00f1adas durante el pontificado de Francisco y un tubo en el que se enrolla la Rogitio que est\u00e1 sellado con el sello de la Oficina de las Celebraciones Lit\u00fargicas. Despu\u00e9s, se cerrar\u00e1 el ata\u00fad mientras se canta el salmo 41.<\/p>\n\n\n\n<p>El ata\u00fad ser\u00e1 introducido en un f\u00e9retro de zinc, en donde estar\u00e1 grabada la cruz, el escudo del papa Francisco y una placa con el nombre del pont\u00edfice, la duraci\u00f3n de su vida y de su ministerio petrino. El f\u00e9retro de zinc ser\u00e1 soldado y se imprimir\u00e1n los sellos del cardenal camarlengo, de la Prefectura de la Casa Pontificia, de la Oficina de las Celebraciones Lit\u00fargicas del Sumo Pont\u00edfice y del Cap\u00edtulo Vaticano.<\/p>\n\n\n\n<p>Finalmente, el f\u00e9retro de zinc ser\u00e1 introducido en uno de roble, que ser\u00e1 cerrado. En la tapa de \u00e9ste estar\u00e1 grabada una cruz y el escudo de Francisco.<\/p>\n\n\n\n<figure class=\"wp-block-image size-large\"><img loading=\"lazy\" decoding=\"async\" width=\"1024\" height=\"1010\" src=\"https:\/\/periodiconuevomilenio.com\/wp-content\/uploads\/2025\/04\/492400091_1190256989220465_4827251085462554887_n-1024x1010.jpg\" alt=\"\" class=\"wp-image-22915\" srcset=\"https:\/\/periodiconuevomilenio.com\/wp-content\/uploads\/2025\/04\/492400091_1190256989220465_4827251085462554887_n-1024x1010.jpg 1024w, https:\/\/periodiconuevomilenio.com\/wp-content\/uploads\/2025\/04\/492400091_1190256989220465_4827251085462554887_n-300x296.jpg 300w, https:\/\/periodiconuevomilenio.com\/wp-content\/uploads\/2025\/04\/492400091_1190256989220465_4827251085462554887_n-768x757.jpg 768w, https:\/\/periodiconuevomilenio.com\/wp-content\/uploads\/2025\/04\/492400091_1190256989220465_4827251085462554887_n-1536x1514.jpg 1536w, https:\/\/periodiconuevomilenio.com\/wp-content\/uploads\/2025\/04\/492400091_1190256989220465_4827251085462554887_n.jpg 1920w\" sizes=\"auto, (max-width: 1024px) 100vw, 1024px\" \/><\/figure>\n\n\n","protected":false},"excerpt":{"rendered":"<p>Ma\u00f1ana por la noche se cerrar\u00e1 el ata\u00fad en el que reposan los restos mortales del papa Francisco.<\/p>\n","protected":false},"author":1,"featured_media":22915,"comment_status":"open","ping_status":"open","sticky":false,"template":"","format":"standard","meta":{"jetpack_post_was_ever_published":false,"_jetpack_newsletter_access":"","_jetpack_dont_email_post_to_subs":false,"_jetpack_newsletter_tier_id":0,"_jetpack_memberships_contains_paywalled_content":false,"_jetpack_memberships_contains_paid_content":false,"footnotes":"","jetpack_publicize_message":"","jetpack_publicize_feature_enabled":false,"jetpack_social_post_already_shared":false,"jetpack_social_options":{"image_generator_settings":{"template":"highway","enabled":false},"version":2}},"categories":[46],"tags":[51],"class_list":["post-22914","post","type-post","status-publish","format-standard","has-post-thumbnail","hentry","category-internacional","tag-estado"],"jetpack_publicize_connections":[],"jetpack_sharing_enabled":true,"jetpack_featured_media_url":"https:\/\/periodiconuevomilenio.com\/wp-content\/uploads\/2025\/04\/492400091_1190256989220465_4827251085462554887_n.jpg","_links":{"self":[{"href":"https:\/\/periodiconuevomilenio.com\/index.php\/wp-json\/wp\/v2\/posts\/22914","targetHints":{"allow":["GET"]}}],"collection":[{"href":"https:\/\/periodiconuevomilenio.com\/index.php\/wp-json\/wp\/v2\/posts"}],"about":[{"href":"https:\/\/periodiconuevomilenio.com\/index.php\/wp-json\/wp\/v2\/types\/post"}],"author":[{"embeddable":true,"href":"https:\/\/periodiconuevomilenio.com\/index.php\/wp-json\/wp\/v2\/users\/1"}],"replies":[{"embeddable":true,"href":"https:\/\/periodiconuevomilenio.com\/index.php\/wp-json\/wp\/v2\/comments?post=22914"}],"version-history":[{"count":1,"href":"https:\/\/periodiconuevomilenio.com\/index.php\/wp-json\/wp\/v2\/posts\/22914\/revisions"}],"predecessor-version":[{"id":22916,"href":"https:\/\/periodiconuevomilenio.com\/index.php\/wp-json\/wp\/v2\/posts\/22914\/revisions\/22916"}],"wp:featuredmedia":[{"embeddable":true,"href":"https:\/\/periodiconuevomilenio.com\/index.php\/wp-json\/wp\/v2\/media\/22915"}],"wp:attachment":[{"href":"https:\/\/periodiconuevomilenio.com\/index.php\/wp-json\/wp\/v2\/media?parent=22914"}],"wp:term":[{"taxonomy":"category","embeddable":true,"href":"https:\/\/periodiconuevomilenio.com\/index.php\/wp-json\/wp\/v2\/categories?post=22914"},{"taxonomy":"post_tag","embeddable":true,"href":"https:\/\/periodiconuevomilenio.com\/index.php\/wp-json\/wp\/v2\/tags?post=22914"}],"curies":[{"name":"wp","href":"https:\/\/api.w.org\/{rel}","templated":true}]}}