{"id":2294,"date":"2023-04-15T13:31:32","date_gmt":"2023-04-15T19:31:32","guid":{"rendered":"https:\/\/periodiconuevomilenio.com\/?p=2294"},"modified":"2023-04-15T13:31:34","modified_gmt":"2023-04-15T19:31:34","slug":"camembaro-la-cuna-de-los-dioses","status":"publish","type":"post","link":"https:\/\/periodiconuevomilenio.com\/index.php\/2023\/04\/15\/camembaro-la-cuna-de-los-dioses\/","title":{"rendered":"CAMEMBARO&#8230;LA CUNA DE LOS DIOSES&#8230;!!!!"},"content":{"rendered":"\n<p>VALLE DE SANTIAGO,&nbsp; GTO. &#8211; La indiferencia de las autoridades de los tres \u00f3rdenes de gobierno amenaza una enorme e incalculable riqueza prehisp\u00e1nica, que habla de las culturas Pur\u00e9pecha, Tarasca y Otom\u00ed, diseminadas a lo largo y ancho de este territorio,&nbsp; que por alguna causa inexplicable, fue elegida para la construcci\u00f3n de pir\u00e1mides, algunas de las cuales yacen sepultadas en el polvo del olvido y la indiferencia de las autoridades.<\/p>\n\n\n\n<p>Otras m\u00e1s, se ubican en propiedades privadas, cuyos due\u00f1os, han comenzado a buscar por su cuenta, la riqueza que se supone, guardan estos sitios y con ello, han destruido parte de esas pir\u00e1mides, que hablan de una cultura en donde los nativos cohabitaban con seres celestes, tal y como lo hablan las pinturas rupestres encontradas en lugares diversos como Rinc\u00f3n de Paraguay, Hoya de \u00c1lvarez y el mismo cr\u00e1ter La Alberca.<\/p>\n\n\n\n<p>Aunada a las pinturas rupestres,&nbsp; se suman las pir\u00e1mides sepultadas y saqueadas por particulares,&nbsp; ante la indiferencia del INAH, que sabe de la existencia de ciudadela, con entierros prehisp\u00e1nicos y una enorme riqueza cultural insospechada.<\/p>\n\n\n\n<p>Se presume de fuentes fidedignas que solamente en la zona arqueol\u00f3gica del Malpais, existen 120 pir\u00e1mides que hablan de in acervo cultural impresionante y que podr\u00eda ayudarnos a comprender de una mejor manera, de donde somos y hacia d\u00f3nde vamos.<\/p>\n\n\n\n<p>Independientemente de la pir\u00e1mide encontrada en la comunidad de La Coalanda y que se presume, es m\u00e1s grande que la pir\u00e1mide de El Sol de la ciudad de M\u00e9xico, construida por los aztecas.<\/p>\n\n\n\n<p>Otra m\u00e1s, la que se encuentra en la comunidad de Hoya de \u00c1lvarez,&nbsp; que habla de un glorioso pasado. El caso es que todo esto, no ha sido suficiente para llamar la atenci\u00f3n de las autoridades y ser\u00e1 necesario que las autoridades federales que encabeza el presidente Andr\u00e9s Manuel L\u00f3pez Obrador, tome cartas en el asunto para evitar que esta riqueza cultural que se encuentra casi a flor de tierra, se pierda para siempre.<\/p>\n\n\n\n<p>Algunas de estas pir\u00e1mides,&nbsp; yacen sepultadas por la construcci\u00f3n de zonas habitaciones. Otras m\u00e1s, son amenazadas por los saqueadores de estas zonas, ante la indiferencia de los tres \u00f3rdenes de gobierno<\/p>\n\n\n\n<p>Al parecer, les sale muy caro el rescate de esta zona prehisp\u00e1nica, que parece condenada a desaparecer ante la fr\u00eda indiferencia de las autoridades.<\/p>\n\n\n\n<p>ENORME P\u00c9RDIDA<\/p>\n\n\n\n<p>Esto, representar\u00eda una enorme perdida, no solo para Valle de&nbsp; Santiago, sino para el pa\u00eds entero. Valle de Santiago,&nbsp; lugar enigm\u00e1tico y de misterios insondables, perder\u00eda en el aspecto tur\u00edstico.&nbsp; Y no solo Valle, sino Guanajuato pues la riqueza cultural que encierra esta zona arqueol\u00f3gica, es mayor que la de Peralta y podr\u00eda ser una de las m\u00e1s grandes del pa\u00eds.<\/p>\n\n\n\n<p>A la magia que encierra sus m\u00faltiples leyendas que hablan de seres venidos de las profundidades del espacio sideral, se sumar\u00eda un misterio m\u00e1s. La construcci\u00f3n de las pir\u00e1mides, por una cultura, cuya procedencia se pierde en la noche de los tiempos.<\/p>\n\n\n\n<p>Adem\u00e1s de las pinturas rupestres y petroglifos, que hablan de seres con escafandras,&nbsp; que impulsaron al hombre en su desarrollo y que fueron llamados \u00abDioses \u00bb por nuestros ancestros.<\/p>\n\n\n\n<p>EL INAH DEBE INTERVENIR<\/p>\n\n\n\n<p>Y aunque el proyecto es caro, el INAH debe tomar cartas en el asunto, antes de que el saqueo termine con los vestigios de una cultura ancestral o bien, estos vestigios queden sepultados por las zonas habitacionales o por la indiferencia de las instituciones como el INAH. Que debe dejar de ser una instituci\u00f3n de membrete y cuya responsabilidad es precisamente, salvaguardar y rescatar nuestra cultura para el mejor entendimiento de nuestra historia, lo que nos permitir\u00e1 saber, de d\u00f3nde venimos y hacia d\u00f3nde vamos.. Quiz\u00e1s el gran desaf\u00edo del hombre, sea precisamente esto,, porque si venimos de las estrellas,, nuestro futuro glorioso,&nbsp; ser\u00e1 regresar a las estrellas..<\/p>\n\n\n\n<p>Esto, antes de que sea demasiado tarde. Ojala que intervenga el Gobierno Federal para evitar la desaparici\u00f3n de estos vestigios, pues habremos perdido una gran parte de nuestro acervo cultural.<\/p>\n\n\n\n<figure class=\"wp-block-gallery has-nested-images columns-default is-cropped wp-block-gallery-1 is-layout-flex wp-block-gallery-is-layout-flex\">\n<figure class=\"wp-block-image size-large\"><img loading=\"lazy\" decoding=\"async\" width=\"440\" height=\"587\" data-id=\"2296\" src=\"https:\/\/periodiconuevomilenio.com\/wp-content\/uploads\/2023\/04\/120293313_177090873977070_6337405057892470751_n.jpg\" alt=\"\" class=\"wp-image-2296\" srcset=\"https:\/\/periodiconuevomilenio.com\/wp-content\/uploads\/2023\/04\/120293313_177090873977070_6337405057892470751_n.jpg 440w, https:\/\/periodiconuevomilenio.com\/wp-content\/uploads\/2023\/04\/120293313_177090873977070_6337405057892470751_n-225x300.jpg 225w\" sizes=\"auto, (max-width: 440px) 100vw, 440px\" \/><\/figure>\n\n\n\n<figure class=\"wp-block-image size-large\"><img loading=\"lazy\" decoding=\"async\" width=\"816\" height=\"612\" data-id=\"2297\" src=\"https:\/\/periodiconuevomilenio.com\/wp-content\/uploads\/2023\/04\/120232356_177091167310374_1554633974708852167_n.jpg\" alt=\"\" class=\"wp-image-2297\" srcset=\"https:\/\/periodiconuevomilenio.com\/wp-content\/uploads\/2023\/04\/120232356_177091167310374_1554633974708852167_n.jpg 816w, https:\/\/periodiconuevomilenio.com\/wp-content\/uploads\/2023\/04\/120232356_177091167310374_1554633974708852167_n-300x225.jpg 300w, https:\/\/periodiconuevomilenio.com\/wp-content\/uploads\/2023\/04\/120232356_177091167310374_1554633974708852167_n-768x576.jpg 768w\" sizes=\"auto, (max-width: 816px) 100vw, 816px\" \/><\/figure>\n\n\n\n<figure class=\"wp-block-image size-large\"><img loading=\"lazy\" decoding=\"async\" width=\"329\" height=\"587\" data-id=\"2295\" src=\"https:\/\/periodiconuevomilenio.com\/wp-content\/uploads\/2023\/04\/120157640_177090823977075_7057885954186552184_n.jpg\" alt=\"\" class=\"wp-image-2295\" srcset=\"https:\/\/periodiconuevomilenio.com\/wp-content\/uploads\/2023\/04\/120157640_177090823977075_7057885954186552184_n.jpg 329w, https:\/\/periodiconuevomilenio.com\/wp-content\/uploads\/2023\/04\/120157640_177090823977075_7057885954186552184_n-168x300.jpg 168w\" sizes=\"auto, (max-width: 329px) 100vw, 329px\" \/><\/figure>\n<\/figure>\n","protected":false},"excerpt":{"rendered":"<p>VALLE DE SANTIAGO,&nbsp; GTO. &#8211; La indiferencia de las autoridades de los tres \u00f3rdenes de gobierno amenaza una<\/p>\n","protected":false},"author":1,"featured_media":2298,"comment_status":"open","ping_status":"open","sticky":false,"template":"","format":"standard","meta":{"jetpack_post_was_ever_published":false,"_jetpack_newsletter_access":"","_jetpack_dont_email_post_to_subs":false,"_jetpack_newsletter_tier_id":0,"_jetpack_memberships_contains_paywalled_content":false,"_jetpack_memberships_contains_paid_content":false,"footnotes":"","jetpack_publicize_message":"","jetpack_publicize_feature_enabled":false,"jetpack_social_post_already_shared":false,"jetpack_social_options":{"image_generator_settings":{"template":"highway","enabled":false},"version":2}},"categories":[41,39],"tags":[22],"class_list":["post-2294","post","type-post","status-publish","format-standard","has-post-thumbnail","hentry","category-cultura","category-valle-de-santiago","tag-valle"],"jetpack_publicize_connections":[],"jetpack_sharing_enabled":true,"jetpack_featured_media_url":"https:\/\/periodiconuevomilenio.com\/wp-content\/uploads\/2023\/04\/120293313_177090873977070_6337405057892470751_n-copia.jpg","_links":{"self":[{"href":"https:\/\/periodiconuevomilenio.com\/index.php\/wp-json\/wp\/v2\/posts\/2294","targetHints":{"allow":["GET"]}}],"collection":[{"href":"https:\/\/periodiconuevomilenio.com\/index.php\/wp-json\/wp\/v2\/posts"}],"about":[{"href":"https:\/\/periodiconuevomilenio.com\/index.php\/wp-json\/wp\/v2\/types\/post"}],"author":[{"embeddable":true,"href":"https:\/\/periodiconuevomilenio.com\/index.php\/wp-json\/wp\/v2\/users\/1"}],"replies":[{"embeddable":true,"href":"https:\/\/periodiconuevomilenio.com\/index.php\/wp-json\/wp\/v2\/comments?post=2294"}],"version-history":[{"count":1,"href":"https:\/\/periodiconuevomilenio.com\/index.php\/wp-json\/wp\/v2\/posts\/2294\/revisions"}],"predecessor-version":[{"id":2299,"href":"https:\/\/periodiconuevomilenio.com\/index.php\/wp-json\/wp\/v2\/posts\/2294\/revisions\/2299"}],"wp:featuredmedia":[{"embeddable":true,"href":"https:\/\/periodiconuevomilenio.com\/index.php\/wp-json\/wp\/v2\/media\/2298"}],"wp:attachment":[{"href":"https:\/\/periodiconuevomilenio.com\/index.php\/wp-json\/wp\/v2\/media?parent=2294"}],"wp:term":[{"taxonomy":"category","embeddable":true,"href":"https:\/\/periodiconuevomilenio.com\/index.php\/wp-json\/wp\/v2\/categories?post=2294"},{"taxonomy":"post_tag","embeddable":true,"href":"https:\/\/periodiconuevomilenio.com\/index.php\/wp-json\/wp\/v2\/tags?post=2294"}],"curies":[{"name":"wp","href":"https:\/\/api.w.org\/{rel}","templated":true}]}}