{"id":23342,"date":"2025-05-07T15:41:10","date_gmt":"2025-05-07T21:41:10","guid":{"rendered":"https:\/\/periodiconuevomilenio.com\/?p=23342"},"modified":"2025-05-07T15:41:12","modified_gmt":"2025-05-07T21:41:12","slug":"banda-delictiva-es-sorprendida-con-armas-y-droga","status":"publish","type":"post","link":"https:\/\/periodiconuevomilenio.com\/index.php\/2025\/05\/07\/banda-delictiva-es-sorprendida-con-armas-y-droga\/","title":{"rendered":"BANDA DELICTIVA ES SORPRENDIDA CON ARMAS Y DROGA"},"content":{"rendered":"\n<p>DURANTE CATEO DE LA FISCAL\u00cdA EN P\u00c9NJAMO<\/p>\n\n\n\n<p><\/p>\n\n\n\n<p>La Fiscal\u00eda General del Estado despleg\u00f3 un operativo en la ciudad de<\/p>\n\n\n\n<p>P\u00e9njamo para la captura de tres personas acusadas por delitos federales<\/p>\n\n\n\n<p>relacionados con armas de fuego y drogas, los imputados fueron ubicados<\/p>\n\n\n\n<p>y detenidos durante la intervenci\u00f3n a un domicilio en la coloniaBeltr\u00e1n;<\/p>\n\n\n\n<p>uno de ellos est\u00e1 implicado enun doble asesinatoregistrado en la misma<\/p>\n\n\n\n<p>ciudad.<\/p>\n\n\n\n<p>La acci\u00f3nfue resultadode una orden decateo ejecutada la ma\u00f1ana del<\/p>\n\n\n\n<p>24 de abril de 2025, en un inmueble donde agentes de Investigaci\u00f3n<\/p>\n\n\n\n<p>Criminal, junto a peritos especializados, aseguraron diversas sustancias<\/p>\n\n\n\n<p>il\u00edcitas, armamento de uso exclusivo del Ej\u00e9rcito, y equipo t\u00e1ctico<\/p>\n\n\n\n<p>vinculado a actividades criminales.<\/p>\n\n\n\n<p>Las personas detenidas fueron identificadas como JOS\u00c9 ALBERTO \u201cN\u201d,<\/p>\n\n\n\n<p>DIANA LAURA \u201cN\u201d y JUAN DANIEL \u201cN\u201d, en seguimiento a las<\/p>\n\n\n\n<p>investigaciones, este \u00faltimo tambi\u00e9nfue acusado del delito dehomicidio,<\/p>\n\n\n\n<p>al existir elementos de prueba que lo incriminan en losasesinatos de dos<\/p>\n\n\n\n<p>personas que fallecieron camino a recibir atenci\u00f3n m\u00e9dica, tras haber sido<\/p>\n\n\n\n<p>atacados con disparos de arma de fuego en la calle El\u00edas Calles de la<\/p>\n\n\n\n<p>colonia Los Presidentes, el 5 de marzo de 2025.<\/p>\n\n\n\n<p>Al interior del domicilio se hallaron m\u00e1s de 643 mil miligramos de<\/p>\n\n\n\n<p>metanfetamina, casi 16 mil miligramos de coca\u00edna y m\u00e1sde 10 gramos de<\/p>\n\n\n\n<p>marihuana, adem\u00e1s de armas largas y cortas, cargadores abastecidos,<\/p>\n\n\n\n<p>chalecos t\u00e1cticos, miras telesc\u00f3picas y radios de comunicaci\u00f3n. El<\/p>\n\n\n\n<p>aseguramiento de estos objetos fue integrado a la carpeta de<\/p>\n\n\n\n<p>investigaci\u00f3n como elementos deprueba que reforzaronlas acusaciones<\/p>\n\n\n\n<p>en contra de los imputados.<\/p>\n\n\n\n<p>En la audiencia, el Juez calific\u00f3 como legal la detenci\u00f3n de los tres<\/p>\n\n\n\n<p>detenidos y posteriormente fueron vinculados a proceso penal por<\/p>\n\n\n\n<p>posesi\u00f3n de armas de fuego de uso exclusivo del Ej\u00e9rcito, Armada y<\/p>\n\n\n\n<p>Fuerza A\u00e9rea, as\u00ed como por delitos contra la salud. Por lo que hace a JUAN<\/p>\n\n\n\n<p>DANIEL \u201cN\u201d, tambi\u00e9n fue procesado por el doble homicidio, quedando en<\/p>\n\n\n\n<p>prisi\u00f3n preventiva oficiosa<\/p>\n\n\n\n<figure class=\"wp-block-image size-large\"><img loading=\"lazy\" decoding=\"async\" width=\"825\" height=\"1024\" src=\"https:\/\/periodiconuevomilenio.com\/wp-content\/uploads\/2025\/05\/thumbnail-825x1024.jpg\" alt=\"\" class=\"wp-image-23344\" srcset=\"https:\/\/periodiconuevomilenio.com\/wp-content\/uploads\/2025\/05\/thumbnail-825x1024.jpg 825w, https:\/\/periodiconuevomilenio.com\/wp-content\/uploads\/2025\/05\/thumbnail-242x300.jpg 242w, https:\/\/periodiconuevomilenio.com\/wp-content\/uploads\/2025\/05\/thumbnail-768x954.jpg 768w, https:\/\/periodiconuevomilenio.com\/wp-content\/uploads\/2025\/05\/thumbnail-1024x1271.jpg 1024w, https:\/\/periodiconuevomilenio.com\/wp-content\/uploads\/2025\/05\/thumbnail.jpg 1080w\" sizes=\"auto, (max-width: 825px) 100vw, 825px\" \/><\/figure>\n\n\n","protected":false},"excerpt":{"rendered":"<p>DURANTE CATEO DE LA FISCAL\u00cdA EN P\u00c9NJAMO La Fiscal\u00eda General del Estado despleg\u00f3 un operativo en la ciudad<\/p>\n","protected":false},"author":1,"featured_media":23344,"comment_status":"open","ping_status":"open","sticky":false,"template":"","format":"standard","meta":{"jetpack_post_was_ever_published":false,"_jetpack_newsletter_access":"","_jetpack_dont_email_post_to_subs":false,"_jetpack_newsletter_tier_id":0,"_jetpack_memberships_contains_paywalled_content":false,"_jetpack_memberships_contains_paid_content":false,"footnotes":"","jetpack_publicize_message":"","jetpack_publicize_feature_enabled":false,"jetpack_social_post_already_shared":false,"jetpack_social_options":{"image_generator_settings":{"template":"highway","enabled":false},"version":2}},"categories":[31,36,48],"tags":[51,29],"class_list":["post-23342","post","type-post","status-publish","format-standard","has-post-thumbnail","hentry","category-estado","category-penjamo","category-policiaca","tag-estado","tag-penjamo"],"jetpack_publicize_connections":[],"jetpack_sharing_enabled":true,"jetpack_featured_media_url":"https:\/\/periodiconuevomilenio.com\/wp-content\/uploads\/2025\/05\/thumbnail.jpg","_links":{"self":[{"href":"https:\/\/periodiconuevomilenio.com\/index.php\/wp-json\/wp\/v2\/posts\/23342","targetHints":{"allow":["GET"]}}],"collection":[{"href":"https:\/\/periodiconuevomilenio.com\/index.php\/wp-json\/wp\/v2\/posts"}],"about":[{"href":"https:\/\/periodiconuevomilenio.com\/index.php\/wp-json\/wp\/v2\/types\/post"}],"author":[{"embeddable":true,"href":"https:\/\/periodiconuevomilenio.com\/index.php\/wp-json\/wp\/v2\/users\/1"}],"replies":[{"embeddable":true,"href":"https:\/\/periodiconuevomilenio.com\/index.php\/wp-json\/wp\/v2\/comments?post=23342"}],"version-history":[{"count":1,"href":"https:\/\/periodiconuevomilenio.com\/index.php\/wp-json\/wp\/v2\/posts\/23342\/revisions"}],"predecessor-version":[{"id":23345,"href":"https:\/\/periodiconuevomilenio.com\/index.php\/wp-json\/wp\/v2\/posts\/23342\/revisions\/23345"}],"wp:featuredmedia":[{"embeddable":true,"href":"https:\/\/periodiconuevomilenio.com\/index.php\/wp-json\/wp\/v2\/media\/23344"}],"wp:attachment":[{"href":"https:\/\/periodiconuevomilenio.com\/index.php\/wp-json\/wp\/v2\/media?parent=23342"}],"wp:term":[{"taxonomy":"category","embeddable":true,"href":"https:\/\/periodiconuevomilenio.com\/index.php\/wp-json\/wp\/v2\/categories?post=23342"},{"taxonomy":"post_tag","embeddable":true,"href":"https:\/\/periodiconuevomilenio.com\/index.php\/wp-json\/wp\/v2\/tags?post=23342"}],"curies":[{"name":"wp","href":"https:\/\/api.w.org\/{rel}","templated":true}]}}