{"id":23347,"date":"2025-05-07T15:48:14","date_gmt":"2025-05-07T21:48:14","guid":{"rendered":"https:\/\/periodiconuevomilenio.com\/?p=23347"},"modified":"2025-05-07T15:48:16","modified_gmt":"2025-05-07T21:48:16","slug":"fgeg-uriel-efrain-n-es-vinculado-a-proceso-penal-porintento-de-feminicidio-en-leon","status":"publish","type":"post","link":"https:\/\/periodiconuevomilenio.com\/index.php\/2025\/05\/07\/fgeg-uriel-efrain-n-es-vinculado-a-proceso-penal-porintento-de-feminicidio-en-leon\/","title":{"rendered":"FGEG: URIEL EFRA\u00cdN \u201cN\u201d ES VINCULADO A PROCESO PENAL PORINTENTO DE FEMINICIDIO EN LE\u00d3N"},"content":{"rendered":"\n<p>La Fiscal\u00eda General del Estado de Guanajuato logr\u00f3 la vinculaci\u00f3n a<br>proceso penal de URIEL EFRA\u00cdN \u201cN\u201d por su probable responsabilidad en<br>el delito de feminicidio en grado de tentativa, en la ciudad de Le\u00f3n.<br>Los hechos ocurrieron entre las 23:40 horas del 28 de abril y las 00:00<br>horas del 29 de abril de 2025, en las inmediaciones del lugar de trabajo de<br>la v\u00edctima, en la ciudad de Le\u00f3n. Al descender del transporte, la v\u00edctima<br>fue interceptada por el imputado, quien la amenaz\u00f3 y agredi\u00f3 f\u00edsicamente<br>con un arma blanca, caus\u00e1ndole lesiones en la espalda. La intervenci\u00f3n<br>oportuna de personas que estaban cerca y la pronta respuesta de las<br>autoridades permitieron la detenci\u00f3n del agresor.<br>La Fiscal\u00eda Especializada en Investigaci\u00f3n de Delitos Cometidos en Contra<br>de Mujeres por Razones de G\u00e9nero, en coordinaci\u00f3n con agentes de<br>investigaci\u00f3n criminal, peritos y especialistas en psicolog\u00eda, llev\u00f3 a cabo la<br>investigaci\u00f3n para establecer la presunta responsabilidad del detenido en<br>la agresi\u00f3n a la v\u00edctima.<br>Como parte de las diligencias, se recabaron pruebas periciales,<br>testimoniales y adem\u00e1s se elabor\u00f3 un retrato hablado del imputado, que<br>en conjunto con el an\u00e1lisis de informaci\u00f3n, sirvieron como elementos de<br>prueba, con los que el Ministerio P\u00fablico solicit\u00f3 y obtuvo del Juez de<br>Control la vinculaci\u00f3n a proceso de URIEL EFRA\u00cdN \u201cN\u201d, imponi\u00e9ndosele la<br>medida cautelar de prisi\u00f3n preventiva oficiosa.<\/p>\n\n\n\n<figure class=\"wp-block-image size-large\"><img loading=\"lazy\" decoding=\"async\" width=\"825\" height=\"1024\" src=\"https:\/\/periodiconuevomilenio.com\/wp-content\/uploads\/2025\/05\/05d7eac5-14ca-42a0-b1f3-0c965a19c8c9-825x1024.jpg\" alt=\"\" class=\"wp-image-23348\" srcset=\"https:\/\/periodiconuevomilenio.com\/wp-content\/uploads\/2025\/05\/05d7eac5-14ca-42a0-b1f3-0c965a19c8c9-825x1024.jpg 825w, https:\/\/periodiconuevomilenio.com\/wp-content\/uploads\/2025\/05\/05d7eac5-14ca-42a0-b1f3-0c965a19c8c9-242x300.jpg 242w, https:\/\/periodiconuevomilenio.com\/wp-content\/uploads\/2025\/05\/05d7eac5-14ca-42a0-b1f3-0c965a19c8c9-768x953.jpg 768w, https:\/\/periodiconuevomilenio.com\/wp-content\/uploads\/2025\/05\/05d7eac5-14ca-42a0-b1f3-0c965a19c8c9-1237x1536.jpg 1237w, https:\/\/periodiconuevomilenio.com\/wp-content\/uploads\/2025\/05\/05d7eac5-14ca-42a0-b1f3-0c965a19c8c9-1024x1271.jpg 1024w, https:\/\/periodiconuevomilenio.com\/wp-content\/uploads\/2025\/05\/05d7eac5-14ca-42a0-b1f3-0c965a19c8c9.jpg 1289w\" sizes=\"auto, (max-width: 825px) 100vw, 825px\" \/><\/figure>\n\n\n","protected":false},"excerpt":{"rendered":"<p>La Fiscal\u00eda General del Estado de Guanajuato logr\u00f3 la vinculaci\u00f3n aproceso penal de URIEL EFRA\u00cdN \u201cN\u201d por su<\/p>\n","protected":false},"author":1,"featured_media":23348,"comment_status":"open","ping_status":"open","sticky":false,"template":"","format":"standard","meta":{"jetpack_post_was_ever_published":false,"_jetpack_newsletter_access":"","_jetpack_dont_email_post_to_subs":false,"_jetpack_newsletter_tier_id":0,"_jetpack_memberships_contains_paywalled_content":false,"_jetpack_memberships_contains_paid_content":false,"footnotes":"","jetpack_publicize_message":"","jetpack_publicize_feature_enabled":false,"jetpack_social_post_already_shared":false,"jetpack_social_options":{"image_generator_settings":{"template":"highway","enabled":false},"version":2}},"categories":[31,48],"tags":[],"class_list":["post-23347","post","type-post","status-publish","format-standard","has-post-thumbnail","hentry","category-estado","category-policiaca"],"jetpack_publicize_connections":[],"jetpack_sharing_enabled":true,"jetpack_featured_media_url":"https:\/\/periodiconuevomilenio.com\/wp-content\/uploads\/2025\/05\/05d7eac5-14ca-42a0-b1f3-0c965a19c8c9.jpg","_links":{"self":[{"href":"https:\/\/periodiconuevomilenio.com\/index.php\/wp-json\/wp\/v2\/posts\/23347","targetHints":{"allow":["GET"]}}],"collection":[{"href":"https:\/\/periodiconuevomilenio.com\/index.php\/wp-json\/wp\/v2\/posts"}],"about":[{"href":"https:\/\/periodiconuevomilenio.com\/index.php\/wp-json\/wp\/v2\/types\/post"}],"author":[{"embeddable":true,"href":"https:\/\/periodiconuevomilenio.com\/index.php\/wp-json\/wp\/v2\/users\/1"}],"replies":[{"embeddable":true,"href":"https:\/\/periodiconuevomilenio.com\/index.php\/wp-json\/wp\/v2\/comments?post=23347"}],"version-history":[{"count":1,"href":"https:\/\/periodiconuevomilenio.com\/index.php\/wp-json\/wp\/v2\/posts\/23347\/revisions"}],"predecessor-version":[{"id":23349,"href":"https:\/\/periodiconuevomilenio.com\/index.php\/wp-json\/wp\/v2\/posts\/23347\/revisions\/23349"}],"wp:featuredmedia":[{"embeddable":true,"href":"https:\/\/periodiconuevomilenio.com\/index.php\/wp-json\/wp\/v2\/media\/23348"}],"wp:attachment":[{"href":"https:\/\/periodiconuevomilenio.com\/index.php\/wp-json\/wp\/v2\/media?parent=23347"}],"wp:term":[{"taxonomy":"category","embeddable":true,"href":"https:\/\/periodiconuevomilenio.com\/index.php\/wp-json\/wp\/v2\/categories?post=23347"},{"taxonomy":"post_tag","embeddable":true,"href":"https:\/\/periodiconuevomilenio.com\/index.php\/wp-json\/wp\/v2\/tags?post=23347"}],"curies":[{"name":"wp","href":"https:\/\/api.w.org\/{rel}","templated":true}]}}