{"id":23380,"date":"2025-05-08T15:58:15","date_gmt":"2025-05-08T21:58:15","guid":{"rendered":"https:\/\/periodiconuevomilenio.com\/?p=23380"},"modified":"2025-05-08T20:23:12","modified_gmt":"2025-05-09T02:23:12","slug":"historico-nombramiento-el-papa-roberto-i-es-elegido-como-nuevo-lider-de-la-iglesia-catolica","status":"publish","type":"post","link":"https:\/\/periodiconuevomilenio.com\/index.php\/2025\/05\/08\/historico-nombramiento-el-papa-roberto-i-es-elegido-como-nuevo-lider-de-la-iglesia-catolica\/","title":{"rendered":"Hist\u00f3rico nombramiento: El Papa Roberto  es elegido como nuevo l\u00edder de la Iglesia Cat\u00f3lica"},"content":{"rendered":"\n<p>Ciudad del Vaticano. Con gran j\u00fabilo fue recibido hoy el anuncio oficial de la elecci\u00f3n del nuevo Sumo Pont\u00edfice. El Colegio de Cardenales, reunido en C\u00f3nclave, eligi\u00f3 al Cardenal Robert J. Collins, de nacionalidad estadounidense, como el nuevo Papa, quien asumir\u00e1 el nombre de Roberto I.<\/p>\n\n\n\n<p>La tradicional fumata blanca, que se elev\u00f3 desde la Capilla Sixtina a las 17:42 (hora local), confirm\u00f3 que los cardenales alcanzaron el consenso necesario para designar al sucesor del Papa Em\u00e9rito.<\/p>\n\n\n\n<p>Minutos despu\u00e9s, el cardenal protodi\u00e1cono proclam\u00f3 desde el balc\u00f3n de la Bas\u00edlica de San Pedro el esperado \u201cHabemus Papam\u201d, y el nuevo Papa se present\u00f3 ante los miles de fieles congregados en la Plaza. En su primer mensaje, el Papa Roberto I expres\u00f3 un emotivo llamado a la paz, al di\u00e1logo y a la esperanza, pidiendo a todos los cat\u00f3licos orar por \u00e9l y por la unidad de la Iglesia.<\/p>\n\n\n\n<p>A sus 64 a\u00f1os, el Papa Roberto I es el primer Pont\u00edfice originario de los Estados Unidos, lo que marca un momento hist\u00f3rico en la Iglesia. Su trayectoria se ha distinguido por su trabajo con comunidades marginadas, su firme postura frente a la justicia social y su apertura al di\u00e1logo interreligioso.<\/p>\n\n\n\n<p>Se espera que en los pr\u00f3ximos d\u00edas inicie las audiencias oficiales con l\u00edderes religiosos, diplom\u00e1ticos y fieles de todo el mundo, dando as\u00ed comienzo a una nueva etapa en el Vaticano.<\/p>\n\n\n\n<figure class=\"wp-block-image size-large\"><img loading=\"lazy\" decoding=\"async\" width=\"819\" height=\"1024\" src=\"https:\/\/periodiconuevomilenio.com\/wp-content\/uploads\/2025\/05\/a78b483d-a06c-4418-a496-f27fee6cb068-819x1024.jpg\" alt=\"\" class=\"wp-image-23381\" srcset=\"https:\/\/periodiconuevomilenio.com\/wp-content\/uploads\/2025\/05\/a78b483d-a06c-4418-a496-f27fee6cb068-819x1024.jpg 819w, https:\/\/periodiconuevomilenio.com\/wp-content\/uploads\/2025\/05\/a78b483d-a06c-4418-a496-f27fee6cb068-240x300.jpg 240w, https:\/\/periodiconuevomilenio.com\/wp-content\/uploads\/2025\/05\/a78b483d-a06c-4418-a496-f27fee6cb068-768x960.jpg 768w, https:\/\/periodiconuevomilenio.com\/wp-content\/uploads\/2025\/05\/a78b483d-a06c-4418-a496-f27fee6cb068-1024x1280.jpg 1024w, https:\/\/periodiconuevomilenio.com\/wp-content\/uploads\/2025\/05\/a78b483d-a06c-4418-a496-f27fee6cb068.jpg 1080w\" sizes=\"auto, (max-width: 819px) 100vw, 819px\" \/><\/figure>\n\n\n","protected":false},"excerpt":{"rendered":"<p>Ciudad del Vaticano. Con gran j\u00fabilo fue recibido hoy el anuncio oficial de la elecci\u00f3n del nuevo Sumo<\/p>\n","protected":false},"author":1,"featured_media":23381,"comment_status":"open","ping_status":"open","sticky":false,"template":"","format":"standard","meta":{"jetpack_post_was_ever_published":false,"_jetpack_newsletter_access":"","_jetpack_dont_email_post_to_subs":false,"_jetpack_newsletter_tier_id":0,"_jetpack_memberships_contains_paywalled_content":false,"_jetpack_memberships_contains_paid_content":false,"footnotes":"","jetpack_publicize_message":"","jetpack_publicize_feature_enabled":false,"jetpack_social_post_already_shared":false,"jetpack_social_options":{"image_generator_settings":{"template":"highway","enabled":false},"version":2}},"categories":[46],"tags":[50],"class_list":["post-23380","post","type-post","status-publish","format-standard","has-post-thumbnail","hentry","category-internacional","tag-nacional"],"jetpack_publicize_connections":[],"jetpack_sharing_enabled":true,"jetpack_featured_media_url":"https:\/\/periodiconuevomilenio.com\/wp-content\/uploads\/2025\/05\/a78b483d-a06c-4418-a496-f27fee6cb068.jpg","_links":{"self":[{"href":"https:\/\/periodiconuevomilenio.com\/index.php\/wp-json\/wp\/v2\/posts\/23380","targetHints":{"allow":["GET"]}}],"collection":[{"href":"https:\/\/periodiconuevomilenio.com\/index.php\/wp-json\/wp\/v2\/posts"}],"about":[{"href":"https:\/\/periodiconuevomilenio.com\/index.php\/wp-json\/wp\/v2\/types\/post"}],"author":[{"embeddable":true,"href":"https:\/\/periodiconuevomilenio.com\/index.php\/wp-json\/wp\/v2\/users\/1"}],"replies":[{"embeddable":true,"href":"https:\/\/periodiconuevomilenio.com\/index.php\/wp-json\/wp\/v2\/comments?post=23380"}],"version-history":[{"count":2,"href":"https:\/\/periodiconuevomilenio.com\/index.php\/wp-json\/wp\/v2\/posts\/23380\/revisions"}],"predecessor-version":[{"id":23384,"href":"https:\/\/periodiconuevomilenio.com\/index.php\/wp-json\/wp\/v2\/posts\/23380\/revisions\/23384"}],"wp:featuredmedia":[{"embeddable":true,"href":"https:\/\/periodiconuevomilenio.com\/index.php\/wp-json\/wp\/v2\/media\/23381"}],"wp:attachment":[{"href":"https:\/\/periodiconuevomilenio.com\/index.php\/wp-json\/wp\/v2\/media?parent=23380"}],"wp:term":[{"taxonomy":"category","embeddable":true,"href":"https:\/\/periodiconuevomilenio.com\/index.php\/wp-json\/wp\/v2\/categories?post=23380"},{"taxonomy":"post_tag","embeddable":true,"href":"https:\/\/periodiconuevomilenio.com\/index.php\/wp-json\/wp\/v2\/tags?post=23380"}],"curies":[{"name":"wp","href":"https:\/\/api.w.org\/{rel}","templated":true}]}}