{"id":23452,"date":"2025-05-11T09:43:00","date_gmt":"2025-05-11T15:43:00","guid":{"rendered":"https:\/\/periodiconuevomilenio.com\/?p=23452"},"modified":"2025-05-11T09:43:02","modified_gmt":"2025-05-11T15:43:02","slug":"centro-penitenciario-de-la-secretaria-de-seguridad-y-paz-obtiene-acreditacion-internacional-por-buenas-practicas","status":"publish","type":"post","link":"https:\/\/periodiconuevomilenio.com\/index.php\/2025\/05\/11\/centro-penitenciario-de-la-secretaria-de-seguridad-y-paz-obtiene-acreditacion-internacional-por-buenas-practicas\/","title":{"rendered":"Centro penitenciario de la Secretar\u00eda de Seguridad y Paz\u00a0obtiene acreditaci\u00f3n internacional por buenas pr\u00e1cticas"},"content":{"rendered":"\n<p><strong>* El Centro Estatal de Prevenci\u00f3n y Reinserci\u00f3n Social de Guanajuato fue avalado por la Asociaci\u00f3n de Correccionales de Am\u00e9rica tras una auditor\u00eda exhaustiva.<\/strong><\/p>\n\n\n\n<p><strong>* La acreditaci\u00f3n reconoce el cumplimiento de est\u00e1ndares internacionales en reinserci\u00f3n social y derechos humanos.<\/strong><\/p>\n\n\n\n<p><strong>Guanajuato, Gto<\/strong>.<strong>, a 08 de mayo de 2025<\/strong>.-&nbsp;El Centro Estatal de Prevenci\u00f3n y Reinserci\u00f3n Social de Guanajuato logr\u00f3 la acreditaci\u00f3n de la Asociaci\u00f3n de Correccionales de Am\u00e9rica (ACA), reconocimiento internacional que avala el cumplimiento de altos est\u00e1ndares en la operaci\u00f3n penitenciaria y el respeto a los derechos humanos.<\/p>\n\n\n\n<p>La certificaci\u00f3n, que se renueva cada tres a\u00f1os, fue obtenida tras una auditor\u00eda rigurosa en la que se evaluaron protocolos de reinserci\u00f3n social, condiciones de estancia, gesti\u00f3n institucional y trato a personas privadas de la libertad.<\/p>\n\n\n\n<p>El proceso fue encabezado por las auditoras Lorena Singer y Silvia Preuss, representantes de la ACA, quienes revisaron documentaci\u00f3n, constataron pr\u00e1cticas operativas dentro del penal y realizaron entrevistas con personal y personas privadas de la libertad.<\/p>\n\n\n\n<p>La Asociaci\u00f3n de Correccionales de Am\u00e9rica (ACA) tiene 47 est\u00e1ndares obligatorios y 90 no obligatorios en los que revisa orden, limpieza y el control en todos los procedimientos, no nada m\u00e1s de seguridad, sino en temas jur\u00eddicos, t\u00e9cnicos y administrativos.<\/p>\n\n\n\n<p>El personal de la Asociaci\u00f3n de Correccionales de Am\u00e9rica primero eval\u00faa y luego recertifica el centro de Guanajuato donde se tiene una poblaci\u00f3n de m\u00e1s de 600 personas privadas de la libertad. Cada vez que vienen a recertificar son m\u00e1s estrictos y los est\u00e1ndares van aumentando.<\/p>\n\n\n\n<p>Esta vez fueron 137 est\u00e1ndares en cuyo cumplimiento particip\u00f3 todo el personal con mucho entusiasmo y pasi\u00f3n: en los obligatorios el Centro Estatal de Prevenci\u00f3n y Reinserci\u00f3n Social de Guanajuato tuvo 100 por ciento de cumplimiento; y en los no obligatorios cumpli\u00f3 con 98 por ciento.<\/p>\n\n\n\n<p>Para nosotros, asegura Julio C\u00e9sar P\u00e9rez Ram\u00edrez, director del Sistema Penitenciario de la Secretar\u00eda de Seguridad y Paz, es importante mantener las certificaciones porque eso habla bien del sistema, de que existe gobernabilidad, de que tenemos el control en los centros y estamos humanizando a las prisiones.<\/p>\n\n\n\n<p>El logro es resultado de la dedicaci\u00f3n y el compromiso que todos los d\u00edas asumen el personal y el director del Sistema Penitenciario de la Secretar\u00eda de Seguridad y Paz para garantizar la dignidad, la seguridad y la reinserci\u00f3n efectiva de las personas privadas de la libertad.<\/p>\n\n\n\n<p>\u201cLa validaci\u00f3n no s\u00f3lo certifica calidad en la gesti\u00f3n penitenciaria, tambi\u00e9n representa una herramienta de mejora continua y un compromiso \u00e9tico con la sociedad\u201d, dijo Julio C\u00e9sar P\u00e9rez Ram\u00edrez.<\/p>\n\n\n\n<p>La entrega formal del certificado se realizar\u00e1 durante la pr\u00f3xima conferencia internacional de la ACA. Con esta acreditaci\u00f3n, Guanajuato se suma a un grupo reducido de centros penitenciarios en Am\u00e9rica Latina que han logrado este reconocimiento, lo que refuerza su papel como referente nacional en pol\u00edticas de reinserci\u00f3n social y abre oportunidades para seguir mejorando y avanzando en el camino de la reinserci\u00f3n social efectiva.<\/p>\n\n\n\n<figure class=\"wp-block-gallery has-nested-images columns-default is-cropped wp-block-gallery-1 is-layout-flex wp-block-gallery-is-layout-flex\">\n<figure class=\"wp-block-image size-large\"><img loading=\"lazy\" decoding=\"async\" width=\"1024\" height=\"768\" data-id=\"23455\" src=\"https:\/\/periodiconuevomilenio.com\/wp-content\/uploads\/2025\/05\/Centro-penitenciario-de-la-Secretaria-de-Seguridad-y-Paz-obtiene-acreditacion-internacional-por-buenas-practicas-2-1024x768.jpeg\" alt=\"\" class=\"wp-image-23455\" srcset=\"https:\/\/periodiconuevomilenio.com\/wp-content\/uploads\/2025\/05\/Centro-penitenciario-de-la-Secretaria-de-Seguridad-y-Paz-obtiene-acreditacion-internacional-por-buenas-practicas-2-1024x768.jpeg 1024w, https:\/\/periodiconuevomilenio.com\/wp-content\/uploads\/2025\/05\/Centro-penitenciario-de-la-Secretaria-de-Seguridad-y-Paz-obtiene-acreditacion-internacional-por-buenas-practicas-2-300x225.jpeg 300w, https:\/\/periodiconuevomilenio.com\/wp-content\/uploads\/2025\/05\/Centro-penitenciario-de-la-Secretaria-de-Seguridad-y-Paz-obtiene-acreditacion-internacional-por-buenas-practicas-2-768x576.jpeg 768w, https:\/\/periodiconuevomilenio.com\/wp-content\/uploads\/2025\/05\/Centro-penitenciario-de-la-Secretaria-de-Seguridad-y-Paz-obtiene-acreditacion-internacional-por-buenas-practicas-2.jpeg 1280w\" sizes=\"auto, (max-width: 1024px) 100vw, 1024px\" \/><\/figure>\n\n\n\n<figure class=\"wp-block-image size-large\"><img loading=\"lazy\" decoding=\"async\" width=\"1024\" height=\"768\" data-id=\"23456\" src=\"https:\/\/periodiconuevomilenio.com\/wp-content\/uploads\/2025\/05\/Centro-penitenciario-de-la-Secretaria-de-Seguridad-y-Paz-obtiene-acreditacion-internacional-por-buenas-practicas-3-1024x768.jpeg\" alt=\"\" class=\"wp-image-23456\" srcset=\"https:\/\/periodiconuevomilenio.com\/wp-content\/uploads\/2025\/05\/Centro-penitenciario-de-la-Secretaria-de-Seguridad-y-Paz-obtiene-acreditacion-internacional-por-buenas-practicas-3-1024x768.jpeg 1024w, https:\/\/periodiconuevomilenio.com\/wp-content\/uploads\/2025\/05\/Centro-penitenciario-de-la-Secretaria-de-Seguridad-y-Paz-obtiene-acreditacion-internacional-por-buenas-practicas-3-300x225.jpeg 300w, https:\/\/periodiconuevomilenio.com\/wp-content\/uploads\/2025\/05\/Centro-penitenciario-de-la-Secretaria-de-Seguridad-y-Paz-obtiene-acreditacion-internacional-por-buenas-practicas-3-768x576.jpeg 768w, https:\/\/periodiconuevomilenio.com\/wp-content\/uploads\/2025\/05\/Centro-penitenciario-de-la-Secretaria-de-Seguridad-y-Paz-obtiene-acreditacion-internacional-por-buenas-practicas-3.jpeg 1280w\" sizes=\"auto, (max-width: 1024px) 100vw, 1024px\" \/><\/figure>\n\n\n\n<figure class=\"wp-block-image size-large\"><img loading=\"lazy\" decoding=\"async\" width=\"1024\" height=\"576\" data-id=\"23453\" src=\"https:\/\/periodiconuevomilenio.com\/wp-content\/uploads\/2025\/05\/Centro-penitenciario-de-la-Secretaria-de-Seguridad-y-Paz-obtiene-acreditacion-internacional-por-buenas-practicas-4-1024x576.jpeg\" alt=\"\" class=\"wp-image-23453\" srcset=\"https:\/\/periodiconuevomilenio.com\/wp-content\/uploads\/2025\/05\/Centro-penitenciario-de-la-Secretaria-de-Seguridad-y-Paz-obtiene-acreditacion-internacional-por-buenas-practicas-4-1024x576.jpeg 1024w, https:\/\/periodiconuevomilenio.com\/wp-content\/uploads\/2025\/05\/Centro-penitenciario-de-la-Secretaria-de-Seguridad-y-Paz-obtiene-acreditacion-internacional-por-buenas-practicas-4-300x169.jpeg 300w, https:\/\/periodiconuevomilenio.com\/wp-content\/uploads\/2025\/05\/Centro-penitenciario-de-la-Secretaria-de-Seguridad-y-Paz-obtiene-acreditacion-internacional-por-buenas-practicas-4-768x432.jpeg 768w, https:\/\/periodiconuevomilenio.com\/wp-content\/uploads\/2025\/05\/Centro-penitenciario-de-la-Secretaria-de-Seguridad-y-Paz-obtiene-acreditacion-internacional-por-buenas-practicas-4.jpeg 1280w\" sizes=\"auto, (max-width: 1024px) 100vw, 1024px\" \/><\/figure>\n\n\n\n<figure class=\"wp-block-image size-large\"><img loading=\"lazy\" decoding=\"async\" width=\"1024\" height=\"381\" data-id=\"23454\" src=\"https:\/\/periodiconuevomilenio.com\/wp-content\/uploads\/2025\/05\/Centro-penitenciario-de-la-Secretaria-de-Seguridad-y-Paz-obtiene-acreditacion-internacional-por-buenas-practicas-1-1024x381.jpeg\" alt=\"\" class=\"wp-image-23454\" srcset=\"https:\/\/periodiconuevomilenio.com\/wp-content\/uploads\/2025\/05\/Centro-penitenciario-de-la-Secretaria-de-Seguridad-y-Paz-obtiene-acreditacion-internacional-por-buenas-practicas-1-1024x381.jpeg 1024w, https:\/\/periodiconuevomilenio.com\/wp-content\/uploads\/2025\/05\/Centro-penitenciario-de-la-Secretaria-de-Seguridad-y-Paz-obtiene-acreditacion-internacional-por-buenas-practicas-1-300x112.jpeg 300w, https:\/\/periodiconuevomilenio.com\/wp-content\/uploads\/2025\/05\/Centro-penitenciario-de-la-Secretaria-de-Seguridad-y-Paz-obtiene-acreditacion-internacional-por-buenas-practicas-1-768x286.jpeg 768w, https:\/\/periodiconuevomilenio.com\/wp-content\/uploads\/2025\/05\/Centro-penitenciario-de-la-Secretaria-de-Seguridad-y-Paz-obtiene-acreditacion-internacional-por-buenas-practicas-1.jpeg 1280w\" sizes=\"auto, (max-width: 1024px) 100vw, 1024px\" \/><\/figure>\n<\/figure>\n\n\n","protected":false},"excerpt":{"rendered":"<p>* El Centro Estatal de Prevenci\u00f3n y Reinserci\u00f3n Social de Guanajuato fue avalado por la Asociaci\u00f3n de Correccionales<\/p>\n","protected":false},"author":1,"featured_media":23454,"comment_status":"open","ping_status":"open","sticky":false,"template":"","format":"standard","meta":{"jetpack_post_was_ever_published":false,"_jetpack_newsletter_access":"","_jetpack_dont_email_post_to_subs":false,"_jetpack_newsletter_tier_id":0,"_jetpack_memberships_contains_paywalled_content":false,"_jetpack_memberships_contains_paid_content":false,"footnotes":"","jetpack_publicize_message":"","jetpack_publicize_feature_enabled":false,"jetpack_social_post_already_shared":false,"jetpack_social_options":{"image_generator_settings":{"template":"highway","enabled":false},"version":2}},"categories":[31],"tags":[51],"class_list":["post-23452","post","type-post","status-publish","format-standard","has-post-thumbnail","hentry","category-estado","tag-estado"],"jetpack_publicize_connections":[],"jetpack_sharing_enabled":true,"jetpack_featured_media_url":"https:\/\/periodiconuevomilenio.com\/wp-content\/uploads\/2025\/05\/Centro-penitenciario-de-la-Secretaria-de-Seguridad-y-Paz-obtiene-acreditacion-internacional-por-buenas-practicas-1.jpeg","_links":{"self":[{"href":"https:\/\/periodiconuevomilenio.com\/index.php\/wp-json\/wp\/v2\/posts\/23452","targetHints":{"allow":["GET"]}}],"collection":[{"href":"https:\/\/periodiconuevomilenio.com\/index.php\/wp-json\/wp\/v2\/posts"}],"about":[{"href":"https:\/\/periodiconuevomilenio.com\/index.php\/wp-json\/wp\/v2\/types\/post"}],"author":[{"embeddable":true,"href":"https:\/\/periodiconuevomilenio.com\/index.php\/wp-json\/wp\/v2\/users\/1"}],"replies":[{"embeddable":true,"href":"https:\/\/periodiconuevomilenio.com\/index.php\/wp-json\/wp\/v2\/comments?post=23452"}],"version-history":[{"count":1,"href":"https:\/\/periodiconuevomilenio.com\/index.php\/wp-json\/wp\/v2\/posts\/23452\/revisions"}],"predecessor-version":[{"id":23457,"href":"https:\/\/periodiconuevomilenio.com\/index.php\/wp-json\/wp\/v2\/posts\/23452\/revisions\/23457"}],"wp:featuredmedia":[{"embeddable":true,"href":"https:\/\/periodiconuevomilenio.com\/index.php\/wp-json\/wp\/v2\/media\/23454"}],"wp:attachment":[{"href":"https:\/\/periodiconuevomilenio.com\/index.php\/wp-json\/wp\/v2\/media?parent=23452"}],"wp:term":[{"taxonomy":"category","embeddable":true,"href":"https:\/\/periodiconuevomilenio.com\/index.php\/wp-json\/wp\/v2\/categories?post=23452"},{"taxonomy":"post_tag","embeddable":true,"href":"https:\/\/periodiconuevomilenio.com\/index.php\/wp-json\/wp\/v2\/tags?post=23452"}],"curies":[{"name":"wp","href":"https:\/\/api.w.org\/{rel}","templated":true}]}}