{"id":2357,"date":"2023-04-18T00:26:28","date_gmt":"2023-04-18T06:26:28","guid":{"rendered":"https:\/\/periodiconuevomilenio.com\/?p=2357"},"modified":"2023-04-18T00:26:30","modified_gmt":"2023-04-18T06:26:30","slug":"reactivar-la-economia-del-comercio-objetivo-programa-consume-lo-local","status":"publish","type":"post","link":"https:\/\/periodiconuevomilenio.com\/index.php\/2023\/04\/18\/reactivar-la-economia-del-comercio-objetivo-programa-consume-lo-local\/","title":{"rendered":"Reactivar la econom\u00eda del Comerci\u00f3 Objetivo \u00a0programa \u201cConsume lo local\u201d"},"content":{"rendered":"\n<p><strong>\u00a0<\/strong><\/p>\n\n\n\n<p>VALLE DE SANTIAGO, GTO.-\u00a0 Consume lo local, es un programa realizado por la direcci\u00f3n de desarrollo econ\u00f3mico,  esta ocasi\u00f3n \u00a0supero las expectativas y reuni\u00f3 a varios expositores, logrando la reactivaci\u00f3n econ\u00f3mica  como\u00a0 fue el objetivo principal.<\/p>\n\n\n\n<p>El Alcalde Alejandro Alan\u00eds estuvo presente en la Expo Consume Local, un evento que reuni\u00f3 a m\u00e1s de 50 expositores locales que mostraron sus productos y servicios a la comunidad. Durante su visita, el alcalde destac\u00f3 la importancia de apoyar a los emprendedores locales y fomentar la econom\u00eda de la regi\u00f3n.<\/p>\n","protected":false},"excerpt":{"rendered":"<p>\u00a0 VALLE DE SANTIAGO, GTO.-\u00a0 Consume lo local, es un programa realizado por la direcci\u00f3n de desarrollo econ\u00f3mico,<\/p>\n","protected":false},"author":1,"featured_media":2358,"comment_status":"open","ping_status":"open","sticky":false,"template":"","format":"standard","meta":{"jetpack_post_was_ever_published":false,"_jetpack_newsletter_access":"","_jetpack_dont_email_post_to_subs":false,"_jetpack_newsletter_tier_id":0,"_jetpack_memberships_contains_paywalled_content":false,"_jetpack_memberships_contains_paid_content":false,"footnotes":"","jetpack_publicize_message":"","jetpack_publicize_feature_enabled":false,"jetpack_social_post_already_shared":false,"jetpack_social_options":{"image_generator_settings":{"template":"highway","enabled":false},"version":2}},"categories":[39],"tags":[22],"class_list":["post-2357","post","type-post","status-publish","format-standard","has-post-thumbnail","hentry","category-valle-de-santiago","tag-valle"],"jetpack_publicize_connections":[],"jetpack_sharing_enabled":true,"jetpack_featured_media_url":"https:\/\/periodiconuevomilenio.com\/wp-content\/uploads\/2023\/04\/img_20230416_103947-scaled.jpg","_links":{"self":[{"href":"https:\/\/periodiconuevomilenio.com\/index.php\/wp-json\/wp\/v2\/posts\/2357","targetHints":{"allow":["GET"]}}],"collection":[{"href":"https:\/\/periodiconuevomilenio.com\/index.php\/wp-json\/wp\/v2\/posts"}],"about":[{"href":"https:\/\/periodiconuevomilenio.com\/index.php\/wp-json\/wp\/v2\/types\/post"}],"author":[{"embeddable":true,"href":"https:\/\/periodiconuevomilenio.com\/index.php\/wp-json\/wp\/v2\/users\/1"}],"replies":[{"embeddable":true,"href":"https:\/\/periodiconuevomilenio.com\/index.php\/wp-json\/wp\/v2\/comments?post=2357"}],"version-history":[{"count":1,"href":"https:\/\/periodiconuevomilenio.com\/index.php\/wp-json\/wp\/v2\/posts\/2357\/revisions"}],"predecessor-version":[{"id":2359,"href":"https:\/\/periodiconuevomilenio.com\/index.php\/wp-json\/wp\/v2\/posts\/2357\/revisions\/2359"}],"wp:featuredmedia":[{"embeddable":true,"href":"https:\/\/periodiconuevomilenio.com\/index.php\/wp-json\/wp\/v2\/media\/2358"}],"wp:attachment":[{"href":"https:\/\/periodiconuevomilenio.com\/index.php\/wp-json\/wp\/v2\/media?parent=2357"}],"wp:term":[{"taxonomy":"category","embeddable":true,"href":"https:\/\/periodiconuevomilenio.com\/index.php\/wp-json\/wp\/v2\/categories?post=2357"},{"taxonomy":"post_tag","embeddable":true,"href":"https:\/\/periodiconuevomilenio.com\/index.php\/wp-json\/wp\/v2\/tags?post=2357"}],"curies":[{"name":"wp","href":"https:\/\/api.w.org\/{rel}","templated":true}]}}