{"id":2361,"date":"2023-04-18T00:58:26","date_gmt":"2023-04-18T06:58:26","guid":{"rendered":"https:\/\/periodiconuevomilenio.com\/?p=2361"},"modified":"2023-04-18T00:58:28","modified_gmt":"2023-04-18T06:58:28","slug":"festejan-a-las-glorias","status":"publish","type":"post","link":"https:\/\/periodiconuevomilenio.com\/index.php\/2023\/04\/18\/festejan-a-las-glorias\/","title":{"rendered":"Festejan a las Glorias"},"content":{"rendered":"\n<p>VALLE DE SANTIAGO, GTO. &#8211; Rodeadas de sus seres queridos, familiares y amigos festejaron el s\u00e1bado pasado el onom\u00e1stico de las se\u00f1oras Gloria Guti\u00e9rrez Nieto y Gloria P\u00e9rez Guti\u00e9rrez.<\/p>\n\n\n\n<p>&nbsp;Fue un d\u00eda muy especial, ya que en su mayor\u00eda estuvieron presentes las hermanas de las festejadas, as\u00ed como sus hijos, nietos y dem\u00e1s familiares que se reunieron en este d\u00eda tan especial.<\/p>\n\n\n\n<p><strong>&nbsp;<\/strong>La cita fue en una finca de la Lagunilla del malpais donde los invitados y familiares fueron llegando y entregaron bonitos presentes a las festejadas a la vez que les deseaban lo mejor en este d\u00eda de su santo.<\/p>\n\n\n\n<p>&nbsp;Durante la comida se pudo disfrutar de platillos mexicanos especialmente elaborados para esta ocasi\u00f3n y bebidas refrescantes que se disfrutaron durante el festejo, el cual fue amenizado por Nah\u00fam, trovador de la ciudad de Le\u00f3n, qui\u00e9n durante horas estuvo deleitando con su m\u00fasica a los presentes algunas de ellas de su propia inspiraci\u00f3n.<\/p>\n\n\n\n<p>&nbsp;La se\u00f1ora Gloria Guti\u00e9rrez Nieto, adem\u00e1s de disfrutar de la presencia de sus hijas e hijos, nietos, nueras y yernos, se cont\u00f3 con la asistencia de sus&nbsp;&nbsp;&nbsp; hermanas, Ma. De los \u00c1ngeles, Mar\u00eda Teresa, y Sanjuana.<\/p>\n\n\n\n<p>As\u00ed como de sus hijos, entre ellas Gloria P\u00e9rez Guti\u00e9rrez quien tambi\u00e9n celebro este acontecimiento, acompa\u00f1ada de su hermano y hermanas: Yolanda, Josefina, Marisol, Ver\u00f3nica y Juan P\u00e9rez Guti\u00e9rrez.<\/p>\n\n\n\n<p>&nbsp;\u00a1Felicidades a las Glorias\u2026!<\/p>\n\n\n\n<figure class=\"wp-block-image size-large\"><img loading=\"lazy\" decoding=\"async\" width=\"1024\" height=\"683\" src=\"https:\/\/periodiconuevomilenio.com\/wp-content\/uploads\/2023\/04\/img_0147-1-1024x683.jpg\" alt=\"\" class=\"wp-image-2362\" srcset=\"https:\/\/periodiconuevomilenio.com\/wp-content\/uploads\/2023\/04\/img_0147-1-1024x683.jpg 1024w, https:\/\/periodiconuevomilenio.com\/wp-content\/uploads\/2023\/04\/img_0147-1-300x200.jpg 300w, https:\/\/periodiconuevomilenio.com\/wp-content\/uploads\/2023\/04\/img_0147-1-768x512.jpg 768w, https:\/\/periodiconuevomilenio.com\/wp-content\/uploads\/2023\/04\/img_0147-1-1536x1024.jpg 1536w, https:\/\/periodiconuevomilenio.com\/wp-content\/uploads\/2023\/04\/img_0147-1-2048x1365.jpg 2048w\" sizes=\"auto, (max-width: 1024px) 100vw, 1024px\" \/><\/figure>\n\n\n\n<figure class=\"wp-block-image size-large\"><img loading=\"lazy\" decoding=\"async\" width=\"1024\" height=\"683\" src=\"https:\/\/periodiconuevomilenio.com\/wp-content\/uploads\/2023\/04\/img_0073-1-1024x683.jpg\" alt=\"\" class=\"wp-image-2363\" srcset=\"https:\/\/periodiconuevomilenio.com\/wp-content\/uploads\/2023\/04\/img_0073-1-1024x683.jpg 1024w, https:\/\/periodiconuevomilenio.com\/wp-content\/uploads\/2023\/04\/img_0073-1-300x200.jpg 300w, https:\/\/periodiconuevomilenio.com\/wp-content\/uploads\/2023\/04\/img_0073-1-768x512.jpg 768w, https:\/\/periodiconuevomilenio.com\/wp-content\/uploads\/2023\/04\/img_0073-1-1536x1024.jpg 1536w, https:\/\/periodiconuevomilenio.com\/wp-content\/uploads\/2023\/04\/img_0073-1-2048x1365.jpg 2048w\" sizes=\"auto, (max-width: 1024px) 100vw, 1024px\" \/><\/figure>\n","protected":false},"excerpt":{"rendered":"<p>VALLE DE SANTIAGO, GTO. &#8211; Rodeadas de sus seres queridos, familiares y amigos festejaron el s\u00e1bado pasado el<\/p>\n","protected":false},"author":1,"featured_media":2363,"comment_status":"open","ping_status":"open","sticky":false,"template":"","format":"standard","meta":{"jetpack_post_was_ever_published":false,"_jetpack_newsletter_access":"","_jetpack_dont_email_post_to_subs":false,"_jetpack_newsletter_tier_id":0,"_jetpack_memberships_contains_paywalled_content":false,"_jetpack_memberships_contains_paid_content":false,"footnotes":"","jetpack_publicize_message":"","jetpack_publicize_feature_enabled":false,"jetpack_social_post_already_shared":false,"jetpack_social_options":{"image_generator_settings":{"template":"highway","enabled":false},"version":2}},"categories":[44,39],"tags":[22],"class_list":["post-2361","post","type-post","status-publish","format-standard","has-post-thumbnail","hentry","category-en-sociedad","category-valle-de-santiago","tag-valle"],"jetpack_publicize_connections":[],"jetpack_sharing_enabled":true,"jetpack_featured_media_url":"https:\/\/periodiconuevomilenio.com\/wp-content\/uploads\/2023\/04\/img_0073-1-scaled.jpg","_links":{"self":[{"href":"https:\/\/periodiconuevomilenio.com\/index.php\/wp-json\/wp\/v2\/posts\/2361","targetHints":{"allow":["GET"]}}],"collection":[{"href":"https:\/\/periodiconuevomilenio.com\/index.php\/wp-json\/wp\/v2\/posts"}],"about":[{"href":"https:\/\/periodiconuevomilenio.com\/index.php\/wp-json\/wp\/v2\/types\/post"}],"author":[{"embeddable":true,"href":"https:\/\/periodiconuevomilenio.com\/index.php\/wp-json\/wp\/v2\/users\/1"}],"replies":[{"embeddable":true,"href":"https:\/\/periodiconuevomilenio.com\/index.php\/wp-json\/wp\/v2\/comments?post=2361"}],"version-history":[{"count":1,"href":"https:\/\/periodiconuevomilenio.com\/index.php\/wp-json\/wp\/v2\/posts\/2361\/revisions"}],"predecessor-version":[{"id":2364,"href":"https:\/\/periodiconuevomilenio.com\/index.php\/wp-json\/wp\/v2\/posts\/2361\/revisions\/2364"}],"wp:featuredmedia":[{"embeddable":true,"href":"https:\/\/periodiconuevomilenio.com\/index.php\/wp-json\/wp\/v2\/media\/2363"}],"wp:attachment":[{"href":"https:\/\/periodiconuevomilenio.com\/index.php\/wp-json\/wp\/v2\/media?parent=2361"}],"wp:term":[{"taxonomy":"category","embeddable":true,"href":"https:\/\/periodiconuevomilenio.com\/index.php\/wp-json\/wp\/v2\/categories?post=2361"},{"taxonomy":"post_tag","embeddable":true,"href":"https:\/\/periodiconuevomilenio.com\/index.php\/wp-json\/wp\/v2\/tags?post=2361"}],"curies":[{"name":"wp","href":"https:\/\/api.w.org\/{rel}","templated":true}]}}