{"id":23621,"date":"2025-05-15T10:02:17","date_gmt":"2025-05-15T16:02:17","guid":{"rendered":"https:\/\/periodiconuevomilenio.com\/?p=23621"},"modified":"2025-05-15T10:02:19","modified_gmt":"2025-05-15T16:02:19","slug":"celebra-infospe-el-dia-del-profesional-en-seguridad-publica-con-conferencias-magistrales","status":"publish","type":"post","link":"https:\/\/periodiconuevomilenio.com\/index.php\/2025\/05\/15\/celebra-infospe-el-dia-del-profesional-en-seguridad-publica-con-conferencias-magistrales\/","title":{"rendered":"Celebra Infospe el D\u00eda del Profesional en       Seguridad P\u00fablica con conferencias magistrales"},"content":{"rendered":"\n<ul class=\"wp-block-list\">\n<li><strong>El Instituto de Formaci\u00f3n en Seguridad P\u00fablica del Estado realiz\u00f3 una jornada con las conferencias magistrales de Mar\u00eda de la Luz Lima Malvido y Luis Rodr\u00edguez Manzanera.<\/strong><\/li>\n<\/ul>\n\n\n\n<ul class=\"wp-block-list\">\n<li><strong>Desde 1998 s\u00f3lo la Licenciatura en Seguridad P\u00fablica ha formado m\u00e1s de 300 profesionistas en 23 generaciones, lo que <\/strong><strong>consolida al Infospe como un referente en la profesionalizaci\u00f3n para la seguridad p\u00fablica.<\/strong><\/li>\n<\/ul>\n\n\n\n<p><a><\/a><a><strong>Guanajuato, Gto<\/strong><\/a>.<strong>, a 14<\/strong><strong> <\/strong><strong>de mayo de 2025<\/strong>.- Desde 1998 el Instituto de Formaci\u00f3n en Seguridad P\u00fablica del Estado (Infospe) de la Secretar\u00eda de Seguridad y Paz ha formado m\u00e1s de 300 profesionales en 23 generaciones de la Licenciatura en Seguridad P\u00fablica, lo que lo posiciona como un pilar en la profesionalizaci\u00f3n de las corporaciones de Guanajuato y del pa\u00eds.<\/p>\n\n\n\n<p>Durante la conmemoraci\u00f3n del D\u00eda del Profesional en Seguridad P\u00fablica Francisco Javier Zaragoza Cervantes, director general del Infospe, dijo que las y los egresados tienen la capacidad para ocupar cargos clave en instituciones municipales, estatales y federales.<\/p>\n\n\n\n<p>La formaci\u00f3n integral de las y los alumnos, con base en la normatividad, pol\u00edtica criminal, los derechos humanos y la criminolog\u00eda, los prepara para liderar con conocimiento y \u00e9tica los desaf\u00edos actuales en materia de seguridad, agreg\u00f3 durante el panel \u201cLa Evoluci\u00f3n de las Instituciones de Formaci\u00f3n Policial y la Victimolog\u00eda en M\u00e9xico\u201d con el que el Infospe conmemor\u00f3 el D\u00eda del Profesional en Seguridad P\u00fablica.<\/p>\n\n\n\n<p>El evento acad\u00e9mico incluy\u00f3 conferencias magistrales a cargo de referentes en criminolog\u00eda y victimolog\u00eda: Mar\u00eda de la Luz Lima Malvido y Luis Rodr\u00edguez Manzanera, quien fue el primer director de la extinta Academia Nacional de Seguridad P\u00fablica jugando un papel relevante en la consolidaci\u00f3n del Sistema Nacional de Seguridad P\u00fablica.<\/p>\n\n\n\n<p>\u201cUna persona mejor preparada siempre tomar\u00e1 mejores decisiones. En seguridad p\u00fablica eso se traduce en un Guanajuato m\u00e1s seguro\u201d, subray\u00f3 ante estudiantes, docentes, autoridades estatales y representantes de derechos humanos que estuvieron en el evento.<\/p>\n\n\n\n<p>Luis Rodr\u00edguez Manzanera, presidente honorario vitalicio del Consejo Nacional de Instituciones de Ense\u00f1anza Criminol\u00f3gica, rememor\u00f3 el proceso que comenz\u00f3 hace 25 a\u00f1os para profesionalizar los cuerpos policiales y judiciales. Destac\u00f3 la importancia de haber unificado planes y programas de formaci\u00f3n para lograr una visi\u00f3n integral de la seguridad p\u00fablica en M\u00e9xico.<\/p>\n\n\n\n<p>El evento tambi\u00e9n sirvi\u00f3 para refrendar el compromiso del Infospe con la profesionalizaci\u00f3n constante. Actualmente, ofrece las licenciaturas en Seguridad P\u00fablica, Criminolog\u00eda y Derecho orientado a Ciencias Penales; las maestr\u00edas en Pol\u00edtica Criminal y Criminal\u00edstica, as\u00ed como cursos de formaci\u00f3n inicial, capacitaci\u00f3n continua y preparatoria abierta.<\/p>\n\n\n\n<p>A la conmemoraci\u00f3n del D\u00eda del Profesional en Seguridad P\u00fablica, que se celebra el 11 de mayo, asistieron Francisco Javier Zaragoza Cervantes, Director General del Infospe; Luis Rodr\u00edguez Manzanera, presidente honorario de la Sociedad Mexicana de Criminolog\u00eda y presidente vitalicio del Consejo Nacional de Instituciones de Ense\u00f1anza Criminol\u00f3gica; Mar\u00eda de la Luz Lima Malvido, especialista e investigadora en seguridad p\u00fablica, victimolog\u00eda y justicia victimada; Alberto Fern\u00e1ndez de Le\u00f3n, Director de Formaci\u00f3n Acad\u00e9mica del Infospe.<\/p>\n\n\n\n<p>Lisbeth Berenice Ornelas Rangel, egresada de la Licenciatura en Seguridad P\u00fablica del Infospe; Areli Ochoa S\u00e1nchez, docente y consejera del Infospe; V\u00edctor Alexis Urbina R\u00edos, consejero estudiantil, as\u00ed como los titulares de las direcciones generales de la Secretar\u00eda de Seguridad y Paz, alumnos, docentes, egresados y personas servidoras p\u00fablicas.<\/p>\n\n\n\n<figure class=\"wp-block-gallery has-nested-images columns-default is-cropped wp-block-gallery-1 is-layout-flex wp-block-gallery-is-layout-flex\">\n<figure class=\"wp-block-image size-large\"><img loading=\"lazy\" decoding=\"async\" width=\"1024\" height=\"683\" data-id=\"23624\" src=\"https:\/\/periodiconuevomilenio.com\/wp-content\/uploads\/2025\/05\/Celebra-Infospe-el-Dia-del-Profesional-en-Seguridad-Publica-con-conferencias-magistrales-4-1024x683.jpeg\" alt=\"\" class=\"wp-image-23624\" srcset=\"https:\/\/periodiconuevomilenio.com\/wp-content\/uploads\/2025\/05\/Celebra-Infospe-el-Dia-del-Profesional-en-Seguridad-Publica-con-conferencias-magistrales-4-1024x683.jpeg 1024w, https:\/\/periodiconuevomilenio.com\/wp-content\/uploads\/2025\/05\/Celebra-Infospe-el-Dia-del-Profesional-en-Seguridad-Publica-con-conferencias-magistrales-4-300x200.jpeg 300w, https:\/\/periodiconuevomilenio.com\/wp-content\/uploads\/2025\/05\/Celebra-Infospe-el-Dia-del-Profesional-en-Seguridad-Publica-con-conferencias-magistrales-4-768x512.jpeg 768w, https:\/\/periodiconuevomilenio.com\/wp-content\/uploads\/2025\/05\/Celebra-Infospe-el-Dia-del-Profesional-en-Seguridad-Publica-con-conferencias-magistrales-4-1536x1024.jpeg 1536w, https:\/\/periodiconuevomilenio.com\/wp-content\/uploads\/2025\/05\/Celebra-Infospe-el-Dia-del-Profesional-en-Seguridad-Publica-con-conferencias-magistrales-4-2048x1365.jpeg 2048w\" sizes=\"auto, (max-width: 1024px) 100vw, 1024px\" \/><\/figure>\n\n\n\n<figure class=\"wp-block-image size-large\"><img loading=\"lazy\" decoding=\"async\" width=\"1024\" height=\"683\" data-id=\"23625\" src=\"https:\/\/periodiconuevomilenio.com\/wp-content\/uploads\/2025\/05\/Celebra-Infospe-el-Dia-del-Profesional-en-Seguridad-Publica-con-conferencias-magistrales-1-1024x683.jpeg\" alt=\"\" class=\"wp-image-23625\" srcset=\"https:\/\/periodiconuevomilenio.com\/wp-content\/uploads\/2025\/05\/Celebra-Infospe-el-Dia-del-Profesional-en-Seguridad-Publica-con-conferencias-magistrales-1-1024x683.jpeg 1024w, https:\/\/periodiconuevomilenio.com\/wp-content\/uploads\/2025\/05\/Celebra-Infospe-el-Dia-del-Profesional-en-Seguridad-Publica-con-conferencias-magistrales-1-300x200.jpeg 300w, https:\/\/periodiconuevomilenio.com\/wp-content\/uploads\/2025\/05\/Celebra-Infospe-el-Dia-del-Profesional-en-Seguridad-Publica-con-conferencias-magistrales-1-768x512.jpeg 768w, https:\/\/periodiconuevomilenio.com\/wp-content\/uploads\/2025\/05\/Celebra-Infospe-el-Dia-del-Profesional-en-Seguridad-Publica-con-conferencias-magistrales-1-1536x1024.jpeg 1536w, https:\/\/periodiconuevomilenio.com\/wp-content\/uploads\/2025\/05\/Celebra-Infospe-el-Dia-del-Profesional-en-Seguridad-Publica-con-conferencias-magistrales-1-2048x1365.jpeg 2048w\" sizes=\"auto, (max-width: 1024px) 100vw, 1024px\" \/><\/figure>\n\n\n\n<figure class=\"wp-block-image size-large\"><img loading=\"lazy\" decoding=\"async\" width=\"1024\" height=\"683\" data-id=\"23623\" src=\"https:\/\/periodiconuevomilenio.com\/wp-content\/uploads\/2025\/05\/Celebra-Infospe-el-Dia-del-Profesional-en-Seguridad-Publica-con-conferencias-magistrales-2-1024x683.jpeg\" alt=\"\" class=\"wp-image-23623\" srcset=\"https:\/\/periodiconuevomilenio.com\/wp-content\/uploads\/2025\/05\/Celebra-Infospe-el-Dia-del-Profesional-en-Seguridad-Publica-con-conferencias-magistrales-2-1024x683.jpeg 1024w, https:\/\/periodiconuevomilenio.com\/wp-content\/uploads\/2025\/05\/Celebra-Infospe-el-Dia-del-Profesional-en-Seguridad-Publica-con-conferencias-magistrales-2-300x200.jpeg 300w, https:\/\/periodiconuevomilenio.com\/wp-content\/uploads\/2025\/05\/Celebra-Infospe-el-Dia-del-Profesional-en-Seguridad-Publica-con-conferencias-magistrales-2-768x512.jpeg 768w, https:\/\/periodiconuevomilenio.com\/wp-content\/uploads\/2025\/05\/Celebra-Infospe-el-Dia-del-Profesional-en-Seguridad-Publica-con-conferencias-magistrales-2-1536x1024.jpeg 1536w, https:\/\/periodiconuevomilenio.com\/wp-content\/uploads\/2025\/05\/Celebra-Infospe-el-Dia-del-Profesional-en-Seguridad-Publica-con-conferencias-magistrales-2-2048x1365.jpeg 2048w\" sizes=\"auto, (max-width: 1024px) 100vw, 1024px\" \/><\/figure>\n\n\n\n<figure class=\"wp-block-image size-large\"><img loading=\"lazy\" decoding=\"async\" width=\"1024\" height=\"575\" data-id=\"23622\" src=\"https:\/\/periodiconuevomilenio.com\/wp-content\/uploads\/2025\/05\/Celebra-Infospe-el-Dia-del-Profesional-en-Seguridad-Publica-con-conferencias-magistrales-3-1024x575.jpeg\" alt=\"\" class=\"wp-image-23622\" srcset=\"https:\/\/periodiconuevomilenio.com\/wp-content\/uploads\/2025\/05\/Celebra-Infospe-el-Dia-del-Profesional-en-Seguridad-Publica-con-conferencias-magistrales-3-1024x575.jpeg 1024w, https:\/\/periodiconuevomilenio.com\/wp-content\/uploads\/2025\/05\/Celebra-Infospe-el-Dia-del-Profesional-en-Seguridad-Publica-con-conferencias-magistrales-3-300x169.jpeg 300w, https:\/\/periodiconuevomilenio.com\/wp-content\/uploads\/2025\/05\/Celebra-Infospe-el-Dia-del-Profesional-en-Seguridad-Publica-con-conferencias-magistrales-3-768x431.jpeg 768w, https:\/\/periodiconuevomilenio.com\/wp-content\/uploads\/2025\/05\/Celebra-Infospe-el-Dia-del-Profesional-en-Seguridad-Publica-con-conferencias-magistrales-3-1536x863.jpeg 1536w, https:\/\/periodiconuevomilenio.com\/wp-content\/uploads\/2025\/05\/Celebra-Infospe-el-Dia-del-Profesional-en-Seguridad-Publica-con-conferencias-magistrales-3-2048x1151.jpeg 2048w, https:\/\/periodiconuevomilenio.com\/wp-content\/uploads\/2025\/05\/Celebra-Infospe-el-Dia-del-Profesional-en-Seguridad-Publica-con-conferencias-magistrales-3-1280x720.jpeg 1280w\" sizes=\"auto, (max-width: 1024px) 100vw, 1024px\" \/><\/figure>\n<\/figure>\n\n\n","protected":false},"excerpt":{"rendered":"<p>Guanajuato, Gto., a 14 de mayo de 2025.- Desde 1998 el Instituto de Formaci\u00f3n en Seguridad P\u00fablica del<\/p>\n","protected":false},"author":1,"featured_media":23625,"comment_status":"open","ping_status":"open","sticky":false,"template":"","format":"standard","meta":{"jetpack_post_was_ever_published":false,"_jetpack_newsletter_access":"","_jetpack_dont_email_post_to_subs":false,"_jetpack_newsletter_tier_id":0,"_jetpack_memberships_contains_paywalled_content":false,"_jetpack_memberships_contains_paid_content":false,"footnotes":"","jetpack_publicize_message":"","jetpack_publicize_feature_enabled":false,"jetpack_social_post_already_shared":false,"jetpack_social_options":{"image_generator_settings":{"template":"highway","enabled":false},"version":2}},"categories":[31,48],"tags":[51],"class_list":["post-23621","post","type-post","status-publish","format-standard","has-post-thumbnail","hentry","category-estado","category-policiaca","tag-estado"],"jetpack_publicize_connections":[],"jetpack_sharing_enabled":true,"jetpack_featured_media_url":"https:\/\/periodiconuevomilenio.com\/wp-content\/uploads\/2025\/05\/Celebra-Infospe-el-Dia-del-Profesional-en-Seguridad-Publica-con-conferencias-magistrales-1-scaled.jpeg","_links":{"self":[{"href":"https:\/\/periodiconuevomilenio.com\/index.php\/wp-json\/wp\/v2\/posts\/23621","targetHints":{"allow":["GET"]}}],"collection":[{"href":"https:\/\/periodiconuevomilenio.com\/index.php\/wp-json\/wp\/v2\/posts"}],"about":[{"href":"https:\/\/periodiconuevomilenio.com\/index.php\/wp-json\/wp\/v2\/types\/post"}],"author":[{"embeddable":true,"href":"https:\/\/periodiconuevomilenio.com\/index.php\/wp-json\/wp\/v2\/users\/1"}],"replies":[{"embeddable":true,"href":"https:\/\/periodiconuevomilenio.com\/index.php\/wp-json\/wp\/v2\/comments?post=23621"}],"version-history":[{"count":1,"href":"https:\/\/periodiconuevomilenio.com\/index.php\/wp-json\/wp\/v2\/posts\/23621\/revisions"}],"predecessor-version":[{"id":23626,"href":"https:\/\/periodiconuevomilenio.com\/index.php\/wp-json\/wp\/v2\/posts\/23621\/revisions\/23626"}],"wp:featuredmedia":[{"embeddable":true,"href":"https:\/\/periodiconuevomilenio.com\/index.php\/wp-json\/wp\/v2\/media\/23625"}],"wp:attachment":[{"href":"https:\/\/periodiconuevomilenio.com\/index.php\/wp-json\/wp\/v2\/media?parent=23621"}],"wp:term":[{"taxonomy":"category","embeddable":true,"href":"https:\/\/periodiconuevomilenio.com\/index.php\/wp-json\/wp\/v2\/categories?post=23621"},{"taxonomy":"post_tag","embeddable":true,"href":"https:\/\/periodiconuevomilenio.com\/index.php\/wp-json\/wp\/v2\/tags?post=23621"}],"curies":[{"name":"wp","href":"https:\/\/api.w.org\/{rel}","templated":true}]}}