{"id":23642,"date":"2025-05-16T22:28:40","date_gmt":"2025-05-17T04:28:40","guid":{"rendered":"https:\/\/periodiconuevomilenio.com\/?p=23642"},"modified":"2025-05-16T22:28:43","modified_gmt":"2025-05-17T04:28:43","slug":"dos-personas-asesindas-en-los-mogotes","status":"publish","type":"post","link":"https:\/\/periodiconuevomilenio.com\/index.php\/2025\/05\/16\/dos-personas-asesindas-en-los-mogotes\/","title":{"rendered":"Dos personas asesin*das en Los Mogotes"},"content":{"rendered":"\n<p>VALLE DE SANTIAGO, GTO.- Confirman la mu*rte de dos personas en la comunidad de San Isidro de Mogotes, se trata de un hombre que, al parecer es el delegado de la comunidad y una mujer encargada de las fiestas Patronales.<\/p>\n\n\n\n<p>La ma\u00f1ana de este viernes 16 de mayo se recibi\u00f3 una llamada al sistema de emergencia 911, reportaron que se hab\u00edan escuchado muchas detonaciones de arm* de fuego en la comunidad y al parecer hab\u00eda personas her*das.<\/p>\n\n\n\n<p>Polic\u00edas municipales atendieron el reporte como primeros respondientes y en la calle principal de acceso a este poblado, localizado al poniente de la ciudad, encontraron a tres personas her*das, al parecer dos ya sin vida, un hombre y una mujer que aparentemente ya han sido identificados y un tercero fue traslado grave al hospital .<\/p>\n\n\n\n<p>Al parecer, las personas se encontraban dialogando frente a su domicilio, cuando fueron abordados por sujetos arm<em>dos, quienes les disp<\/em>raron en varias ocasiones hasta privarlos de la vida para despu\u00e9s huir con rumbo desconocido.<\/p>\n\n\n\n<p>La zona fue resguardada por polic\u00edas municipales mientras que Agentes de Investigaci\u00f3n Criminal (AIC) de la Fiscal\u00eda Regional del Estado, realizaron las primeras indagatorias y recabaron de indicios; los cuerpos fueron trasladados a las instalaciones del Servicio M\u00e9dico Forense a la ciudad de Guanajuato capital para practicarles la necropsia de Ley.<\/p>\n\n\n\n<figure class=\"wp-block-image size-full\"><img loading=\"lazy\" decoding=\"async\" width=\"744\" height=\"449\" src=\"https:\/\/periodiconuevomilenio.com\/wp-content\/uploads\/2025\/05\/499466271_1239664430854436_7190394363992300613_n.jpg\" alt=\"\" class=\"wp-image-23643\" srcset=\"https:\/\/periodiconuevomilenio.com\/wp-content\/uploads\/2025\/05\/499466271_1239664430854436_7190394363992300613_n.jpg 744w, https:\/\/periodiconuevomilenio.com\/wp-content\/uploads\/2025\/05\/499466271_1239664430854436_7190394363992300613_n-300x181.jpg 300w\" sizes=\"auto, (max-width: 744px) 100vw, 744px\" \/><\/figure>\n\n\n","protected":false},"excerpt":{"rendered":"<p>VALLE DE SANTIAGO, GTO.- Confirman la mu*rte de dos personas en la comunidad de San Isidro de Mogotes,<\/p>\n","protected":false},"author":1,"featured_media":23643,"comment_status":"open","ping_status":"open","sticky":false,"template":"","format":"standard","meta":{"jetpack_post_was_ever_published":false,"_jetpack_newsletter_access":"","_jetpack_dont_email_post_to_subs":false,"_jetpack_newsletter_tier_id":0,"_jetpack_memberships_contains_paywalled_content":false,"_jetpack_memberships_contains_paid_content":false,"footnotes":"","jetpack_publicize_message":"","jetpack_publicize_feature_enabled":false,"jetpack_social_post_already_shared":false,"jetpack_social_options":{"image_generator_settings":{"template":"highway","enabled":false},"version":2}},"categories":[31,48,39],"tags":[51,22],"class_list":["post-23642","post","type-post","status-publish","format-standard","has-post-thumbnail","hentry","category-estado","category-policiaca","category-valle-de-santiago","tag-estado","tag-valle"],"jetpack_publicize_connections":[],"jetpack_sharing_enabled":true,"jetpack_featured_media_url":"https:\/\/periodiconuevomilenio.com\/wp-content\/uploads\/2025\/05\/499466271_1239664430854436_7190394363992300613_n.jpg","_links":{"self":[{"href":"https:\/\/periodiconuevomilenio.com\/index.php\/wp-json\/wp\/v2\/posts\/23642","targetHints":{"allow":["GET"]}}],"collection":[{"href":"https:\/\/periodiconuevomilenio.com\/index.php\/wp-json\/wp\/v2\/posts"}],"about":[{"href":"https:\/\/periodiconuevomilenio.com\/index.php\/wp-json\/wp\/v2\/types\/post"}],"author":[{"embeddable":true,"href":"https:\/\/periodiconuevomilenio.com\/index.php\/wp-json\/wp\/v2\/users\/1"}],"replies":[{"embeddable":true,"href":"https:\/\/periodiconuevomilenio.com\/index.php\/wp-json\/wp\/v2\/comments?post=23642"}],"version-history":[{"count":1,"href":"https:\/\/periodiconuevomilenio.com\/index.php\/wp-json\/wp\/v2\/posts\/23642\/revisions"}],"predecessor-version":[{"id":23644,"href":"https:\/\/periodiconuevomilenio.com\/index.php\/wp-json\/wp\/v2\/posts\/23642\/revisions\/23644"}],"wp:featuredmedia":[{"embeddable":true,"href":"https:\/\/periodiconuevomilenio.com\/index.php\/wp-json\/wp\/v2\/media\/23643"}],"wp:attachment":[{"href":"https:\/\/periodiconuevomilenio.com\/index.php\/wp-json\/wp\/v2\/media?parent=23642"}],"wp:term":[{"taxonomy":"category","embeddable":true,"href":"https:\/\/periodiconuevomilenio.com\/index.php\/wp-json\/wp\/v2\/categories?post=23642"},{"taxonomy":"post_tag","embeddable":true,"href":"https:\/\/periodiconuevomilenio.com\/index.php\/wp-json\/wp\/v2\/tags?post=23642"}],"curies":[{"name":"wp","href":"https:\/\/api.w.org\/{rel}","templated":true}]}}