{"id":23653,"date":"2025-05-17T15:56:09","date_gmt":"2025-05-17T21:56:09","guid":{"rendered":"https:\/\/periodiconuevomilenio.com\/?p=23653"},"modified":"2025-05-17T15:56:10","modified_gmt":"2025-05-17T21:56:10","slug":"ya-fueron-identificados-los-muerts-en-san-isidro","status":"publish","type":"post","link":"https:\/\/periodiconuevomilenio.com\/index.php\/2025\/05\/17\/ya-fueron-identificados-los-muerts-en-san-isidro\/","title":{"rendered":"Ya fueron identificados los muert*s en San Isidro"},"content":{"rendered":"\n<p>VALLE DE SANTIAGO, GTO.- Fueron plenamente identificadas las personas que fueron asesinad*s el d\u00eda de ayer en la comunidad de San Isidro de Mogotes, se trat\u00f3 de un hombre y una mujer, confirm\u00f3 la Fiscal\u00eda del estado.<\/p>\n\n\n\n<p>En su reporte diario enviado a los medios de comunicaci\u00f3n, la Fiscal\u00eda de Guanajuato inform\u00f3 que inici\u00f3 investigaciones en torno a los hechos registrados el pasado viernes en la comunidad de San Isidro de Mogotes, donde dos personas murier<em>n en el marco de los festejos patronales del lugar. Este lamentable hecho ocurri\u00f3 por la ma\u00f1ana en San Isidro de Mogotes, donde fueron atacad<\/em>s a balaz*s dos personas que fallecieron en el lugar, siendo identificados como Ricardo \u201cN\u201d y una de sexo mujer identificada como Rosalba \u201cN\u201d.<br>Se abri\u00f3 la carpeta de investigaci\u00f3n, en el servicio m\u00e9dico forense trabaja para revelar las causas de su muert3, mientras tanto, el Agente del Ministerio P\u00fablico, en coordinaci\u00f3n con Agentes de Investigaci\u00f3n Criminal y Peritos de campo, encabeza las investigaciones<\/p>\n\n\n\n<figure class=\"wp-block-image size-large\"><img loading=\"lazy\" decoding=\"async\" width=\"890\" height=\"1024\" src=\"https:\/\/periodiconuevomilenio.com\/wp-content\/uploads\/2025\/05\/img_0184-890x1024.jpg\" alt=\"\" class=\"wp-image-23654\" srcset=\"https:\/\/periodiconuevomilenio.com\/wp-content\/uploads\/2025\/05\/img_0184-890x1024.jpg 890w, https:\/\/periodiconuevomilenio.com\/wp-content\/uploads\/2025\/05\/img_0184-261x300.jpg 261w, https:\/\/periodiconuevomilenio.com\/wp-content\/uploads\/2025\/05\/img_0184-768x884.jpg 768w, https:\/\/periodiconuevomilenio.com\/wp-content\/uploads\/2025\/05\/img_0184-1334x1536.jpg 1334w, https:\/\/periodiconuevomilenio.com\/wp-content\/uploads\/2025\/05\/img_0184-1779x2048.jpg 1779w, https:\/\/periodiconuevomilenio.com\/wp-content\/uploads\/2025\/05\/img_0184-1024x1179.jpg 1024w, https:\/\/periodiconuevomilenio.com\/wp-content\/uploads\/2025\/05\/img_0184.jpg 1978w\" sizes=\"auto, (max-width: 890px) 100vw, 890px\" \/><\/figure>\n\n\n","protected":false},"excerpt":{"rendered":"<p>VALLE DE SANTIAGO, GTO.- Fueron plenamente identificadas las personas que fueron asesinad*s el d\u00eda de ayer en la<\/p>\n","protected":false},"author":1,"featured_media":23654,"comment_status":"open","ping_status":"open","sticky":false,"template":"","format":"standard","meta":{"jetpack_post_was_ever_published":false,"_jetpack_newsletter_access":"","_jetpack_dont_email_post_to_subs":false,"_jetpack_newsletter_tier_id":0,"_jetpack_memberships_contains_paywalled_content":false,"_jetpack_memberships_contains_paid_content":false,"footnotes":"","jetpack_publicize_message":"","jetpack_publicize_feature_enabled":false,"jetpack_social_post_already_shared":false,"jetpack_social_options":{"image_generator_settings":{"template":"highway","enabled":false},"version":2}},"categories":[31,48,39],"tags":[22],"class_list":["post-23653","post","type-post","status-publish","format-standard","has-post-thumbnail","hentry","category-estado","category-policiaca","category-valle-de-santiago","tag-valle"],"jetpack_publicize_connections":[],"jetpack_sharing_enabled":true,"jetpack_featured_media_url":"https:\/\/periodiconuevomilenio.com\/wp-content\/uploads\/2025\/05\/img_0184.jpg","_links":{"self":[{"href":"https:\/\/periodiconuevomilenio.com\/index.php\/wp-json\/wp\/v2\/posts\/23653","targetHints":{"allow":["GET"]}}],"collection":[{"href":"https:\/\/periodiconuevomilenio.com\/index.php\/wp-json\/wp\/v2\/posts"}],"about":[{"href":"https:\/\/periodiconuevomilenio.com\/index.php\/wp-json\/wp\/v2\/types\/post"}],"author":[{"embeddable":true,"href":"https:\/\/periodiconuevomilenio.com\/index.php\/wp-json\/wp\/v2\/users\/1"}],"replies":[{"embeddable":true,"href":"https:\/\/periodiconuevomilenio.com\/index.php\/wp-json\/wp\/v2\/comments?post=23653"}],"version-history":[{"count":1,"href":"https:\/\/periodiconuevomilenio.com\/index.php\/wp-json\/wp\/v2\/posts\/23653\/revisions"}],"predecessor-version":[{"id":23655,"href":"https:\/\/periodiconuevomilenio.com\/index.php\/wp-json\/wp\/v2\/posts\/23653\/revisions\/23655"}],"wp:featuredmedia":[{"embeddable":true,"href":"https:\/\/periodiconuevomilenio.com\/index.php\/wp-json\/wp\/v2\/media\/23654"}],"wp:attachment":[{"href":"https:\/\/periodiconuevomilenio.com\/index.php\/wp-json\/wp\/v2\/media?parent=23653"}],"wp:term":[{"taxonomy":"category","embeddable":true,"href":"https:\/\/periodiconuevomilenio.com\/index.php\/wp-json\/wp\/v2\/categories?post=23653"},{"taxonomy":"post_tag","embeddable":true,"href":"https:\/\/periodiconuevomilenio.com\/index.php\/wp-json\/wp\/v2\/tags?post=23653"}],"curies":[{"name":"wp","href":"https:\/\/api.w.org\/{rel}","templated":true}]}}