{"id":23702,"date":"2025-05-19T16:30:44","date_gmt":"2025-05-19T22:30:44","guid":{"rendered":"https:\/\/periodiconuevomilenio.com\/?p=23702"},"modified":"2025-05-19T16:30:45","modified_gmt":"2025-05-19T22:30:45","slug":"fgeg-presunta-banda-de-asaltantes-es-procesada-porrobo-de-vehiculos-en-salamanca","status":"publish","type":"post","link":"https:\/\/periodiconuevomilenio.com\/index.php\/2025\/05\/19\/fgeg-presunta-banda-de-asaltantes-es-procesada-porrobo-de-vehiculos-en-salamanca\/","title":{"rendered":"FGEG: PRESUNTA BANDA DE ASALTANTES ES PROCESADA PORROBO DE VEHICULOS EN SALAMANCA"},"content":{"rendered":"\n<p>El pasado 8 de mayo de 2025, en la ciudad de Salamanca, alrededor de las<br>16:05 horas, un joven fue v\u00edctima de un robo con violencia. Mientras se<br>encontraba en su motocicleta, sobre la calle Monte Ararat, fue<br>interceptado por tres individuos, quienes portaban un arma de fuego que<br>utilizaron para obligarlo a entregar su veh\u00edculo, con el cual huyeron en<br>direcci\u00f3n al Boulevard Bicentenario.<br>Tras el acto, la v\u00edctima report\u00f3 lo sucedido al n\u00famero de emergencia y<br>esto permiti\u00f3 que elementos de Seguridad P\u00fablica ubicaran a los<br>sospechosos cerca de la comunidad Hacienda del Carmen. Al notar la<br>presencia policial, los sujetos intentaron escapar, pero fueron alcanzados y<br>detenidos. En su poder se encontr\u00f3 la motocicleta robada minutos antes.<br>JOS\u00c9 JUAN \u201cN\u201d, JOS\u00c9 ADRI\u00c1N \u201cN\u201d y FRANCISCO \u201cN\u201d fueron puestos a<br>disposici\u00f3n de la Fiscal\u00eda General del Estado, donde se llev\u00f3 a cabo la<br>investigaci\u00f3n correspondiente, para establecer su probable comisi\u00f3n en el<br>robo.<br>Una vez integrada la carpeta de investigaci\u00f3n, durante una audiencia por<br>videoconferencia, la jueza resolvi\u00f3 vincular a proceso penal a los tres<br>imputados. Se les acusa por el delito de robo equiparado y robo calificado.<br>Como medida cautelar, se orden\u00f3 prisi\u00f3n preventiva oficiosa para los<br>inculpados durante todo el tiempo que dure el proceso penal.<\/p>\n\n\n\n<figure class=\"wp-block-image size-large\"><img loading=\"lazy\" decoding=\"async\" width=\"825\" height=\"1024\" src=\"https:\/\/periodiconuevomilenio.com\/wp-content\/uploads\/2025\/05\/26b13d7d-ffc2-4956-9635-3fa66799acf9-825x1024.jpg\" alt=\"\" class=\"wp-image-23703\" srcset=\"https:\/\/periodiconuevomilenio.com\/wp-content\/uploads\/2025\/05\/26b13d7d-ffc2-4956-9635-3fa66799acf9-825x1024.jpg 825w, https:\/\/periodiconuevomilenio.com\/wp-content\/uploads\/2025\/05\/26b13d7d-ffc2-4956-9635-3fa66799acf9-242x300.jpg 242w, https:\/\/periodiconuevomilenio.com\/wp-content\/uploads\/2025\/05\/26b13d7d-ffc2-4956-9635-3fa66799acf9-768x953.jpg 768w, https:\/\/periodiconuevomilenio.com\/wp-content\/uploads\/2025\/05\/26b13d7d-ffc2-4956-9635-3fa66799acf9-1237x1536.jpg 1237w, https:\/\/periodiconuevomilenio.com\/wp-content\/uploads\/2025\/05\/26b13d7d-ffc2-4956-9635-3fa66799acf9-1024x1271.jpg 1024w, https:\/\/periodiconuevomilenio.com\/wp-content\/uploads\/2025\/05\/26b13d7d-ffc2-4956-9635-3fa66799acf9.jpg 1289w\" sizes=\"auto, (max-width: 825px) 100vw, 825px\" \/><\/figure>\n\n\n","protected":false},"excerpt":{"rendered":"<p>El pasado 8 de mayo de 2025, en la ciudad de Salamanca, alrededor de las16:05 horas, un joven<\/p>\n","protected":false},"author":1,"featured_media":23703,"comment_status":"open","ping_status":"open","sticky":false,"template":"","format":"standard","meta":{"jetpack_post_was_ever_published":false,"_jetpack_newsletter_access":"","_jetpack_dont_email_post_to_subs":false,"_jetpack_newsletter_tier_id":0,"_jetpack_memberships_contains_paywalled_content":false,"_jetpack_memberships_contains_paid_content":false,"footnotes":"","jetpack_publicize_message":"","jetpack_publicize_feature_enabled":false,"jetpack_social_post_already_shared":false,"jetpack_social_options":{"image_generator_settings":{"template":"highway","enabled":false},"version":2}},"categories":[31,48],"tags":[51],"class_list":["post-23702","post","type-post","status-publish","format-standard","has-post-thumbnail","hentry","category-estado","category-policiaca","tag-estado"],"jetpack_publicize_connections":[],"jetpack_sharing_enabled":true,"jetpack_featured_media_url":"https:\/\/periodiconuevomilenio.com\/wp-content\/uploads\/2025\/05\/26b13d7d-ffc2-4956-9635-3fa66799acf9.jpg","_links":{"self":[{"href":"https:\/\/periodiconuevomilenio.com\/index.php\/wp-json\/wp\/v2\/posts\/23702","targetHints":{"allow":["GET"]}}],"collection":[{"href":"https:\/\/periodiconuevomilenio.com\/index.php\/wp-json\/wp\/v2\/posts"}],"about":[{"href":"https:\/\/periodiconuevomilenio.com\/index.php\/wp-json\/wp\/v2\/types\/post"}],"author":[{"embeddable":true,"href":"https:\/\/periodiconuevomilenio.com\/index.php\/wp-json\/wp\/v2\/users\/1"}],"replies":[{"embeddable":true,"href":"https:\/\/periodiconuevomilenio.com\/index.php\/wp-json\/wp\/v2\/comments?post=23702"}],"version-history":[{"count":1,"href":"https:\/\/periodiconuevomilenio.com\/index.php\/wp-json\/wp\/v2\/posts\/23702\/revisions"}],"predecessor-version":[{"id":23704,"href":"https:\/\/periodiconuevomilenio.com\/index.php\/wp-json\/wp\/v2\/posts\/23702\/revisions\/23704"}],"wp:featuredmedia":[{"embeddable":true,"href":"https:\/\/periodiconuevomilenio.com\/index.php\/wp-json\/wp\/v2\/media\/23703"}],"wp:attachment":[{"href":"https:\/\/periodiconuevomilenio.com\/index.php\/wp-json\/wp\/v2\/media?parent=23702"}],"wp:term":[{"taxonomy":"category","embeddable":true,"href":"https:\/\/periodiconuevomilenio.com\/index.php\/wp-json\/wp\/v2\/categories?post=23702"},{"taxonomy":"post_tag","embeddable":true,"href":"https:\/\/periodiconuevomilenio.com\/index.php\/wp-json\/wp\/v2\/tags?post=23702"}],"curies":[{"name":"wp","href":"https:\/\/api.w.org\/{rel}","templated":true}]}}