{"id":23817,"date":"2025-05-22T11:58:26","date_gmt":"2025-05-22T17:58:26","guid":{"rendered":"https:\/\/periodiconuevomilenio.com\/?p=23817"},"modified":"2025-05-22T11:58:28","modified_gmt":"2025-05-22T17:58:28","slug":"fgeg-homicida-es-sentenciado-en-salamanca","status":"publish","type":"post","link":"https:\/\/periodiconuevomilenio.com\/index.php\/2025\/05\/22\/fgeg-homicida-es-sentenciado-en-salamanca\/","title":{"rendered":"FGEG: HOMICIDA ES SENTENCIADO EN SALAMANCA"},"content":{"rendered":"\n<p>Los &nbsp;actos de investigaci\u00f3n &nbsp;por parte de la &nbsp;Fiscal\u00eda General&nbsp; del&nbsp; Estado comprobaron &nbsp;la&nbsp;&nbsp;&nbsp; responsabilidad&nbsp; &nbsp;penal&nbsp; &nbsp;de &nbsp;un &nbsp;sujeto &nbsp;acusado &nbsp;de homicidio en la ciudad de Salamanca; acto por el que ha sido sentenciado a pasar m\u00e1s de 13 a\u00f1os en la c\u00e1rcel.<\/p>\n\n\n\n<p>El 22 de agosto de 2018, en la calle Avenida del Trabajo de la colonia San Roque un hombre fue atacado a balazos a plena luz &nbsp;del d\u00eda. La v\u00edctima se encontraba en el lugar cuando una camioneta se detuvo cerca de \u00e9l; de ella &nbsp;descendi\u00f3 un sujeto armado que, &nbsp;sin mediar &nbsp;palabra, &nbsp;dispar\u00f3 en repetidas ocasiones, impactando a la v\u00edctima en el abdomen y el t\u00f3rax. Las lesiones provocadas fueron fatales y el hombre perdi\u00f3 la vida en el lugar.<\/p>\n\n\n\n<p>El caso fue asumido por el Ministerio P\u00fablico, que en coordinaci\u00f3n con la Agencia&nbsp;&nbsp;&nbsp; de&nbsp; &nbsp;Investigaci\u00f3n&nbsp;&nbsp;&nbsp; Criminal&nbsp;&nbsp; &nbsp;despleg\u00f3&nbsp; &nbsp;acciones&nbsp; &nbsp;periciales, entrevistas y an\u00e1lisis de evidencias para reconstruir los &nbsp;hechos. Con base en las &nbsp;indagatorias, &nbsp;se logr\u00f3 identificar al &nbsp;agresor como <strong>LUIS GERARDO<\/strong><\/p>\n\n\n\n<p><strong>\u201cN\u201d<\/strong>. El sujeto fue ubicado y se solicit\u00f3 al Juez competente una orden de aprehensi\u00f3n, la &nbsp;cual &nbsp;fue otorgada y ejecutada &nbsp;por agentes de la &nbsp;Unidad de Mandamientos Judiciales.<\/p>\n\n\n\n<p>Una vez &nbsp;detenido, <strong>LUIS GERARDO &nbsp;\u201cN\u201d <\/strong>fue presentado ante la autoridad judicial, donde se expusieron los &nbsp;datos de prueba que lo se\u00f1alaban como el responsable del crimen. El Juez de Control determin\u00f3 su vinculaci\u00f3n a proceso penal por el delito de homicidio.<\/p>\n\n\n\n<p>Posteriormente, durante el desarrollo del juicio oral, el Ministerio P\u00fablico present\u00f3 pruebas contundentes que acreditaron la &nbsp;responsabilidad del acusado en los &nbsp;hechos, desde el &nbsp;reconocimiento del &nbsp;veh\u00edculo, el &nbsp;an\u00e1lisis bal\u00edstico, hasta &nbsp;testimonios &nbsp;que situaban a <strong>LUIS &nbsp;GERARDO&nbsp; &nbsp;\u201cN\u201d &nbsp;<\/strong>en el lugar del crimen. Finalmente, el Tribunal dict\u00f3 sentencia condenatoria en su contra, &nbsp;imponi\u00e9ndole &nbsp;una pena privativa de libertad de 13 a\u00f1os y &nbsp;9 meses de prisi\u00f3n.<\/p>\n\n\n\n<figure class=\"wp-block-image size-large\"><img loading=\"lazy\" decoding=\"async\" width=\"825\" height=\"1024\" src=\"https:\/\/periodiconuevomilenio.com\/wp-content\/uploads\/2025\/05\/7133aa08-d22e-4e61-a248-cb3673c37edc-825x1024.jpg\" alt=\"\" class=\"wp-image-23818\" srcset=\"https:\/\/periodiconuevomilenio.com\/wp-content\/uploads\/2025\/05\/7133aa08-d22e-4e61-a248-cb3673c37edc-825x1024.jpg 825w, https:\/\/periodiconuevomilenio.com\/wp-content\/uploads\/2025\/05\/7133aa08-d22e-4e61-a248-cb3673c37edc-242x300.jpg 242w, https:\/\/periodiconuevomilenio.com\/wp-content\/uploads\/2025\/05\/7133aa08-d22e-4e61-a248-cb3673c37edc-768x953.jpg 768w, https:\/\/periodiconuevomilenio.com\/wp-content\/uploads\/2025\/05\/7133aa08-d22e-4e61-a248-cb3673c37edc-1237x1536.jpg 1237w, https:\/\/periodiconuevomilenio.com\/wp-content\/uploads\/2025\/05\/7133aa08-d22e-4e61-a248-cb3673c37edc-1024x1271.jpg 1024w, https:\/\/periodiconuevomilenio.com\/wp-content\/uploads\/2025\/05\/7133aa08-d22e-4e61-a248-cb3673c37edc.jpg 1289w\" sizes=\"auto, (max-width: 825px) 100vw, 825px\" \/><\/figure>\n\n\n","protected":false},"excerpt":{"rendered":"<p>Los &nbsp;actos de investigaci\u00f3n &nbsp;por parte de la &nbsp;Fiscal\u00eda General&nbsp; del&nbsp; Estado comprobaron &nbsp;la&nbsp;&nbsp;&nbsp; responsabilidad&nbsp; &nbsp;penal&nbsp; &nbsp;de &nbsp;un<\/p>\n","protected":false},"author":1,"featured_media":23818,"comment_status":"open","ping_status":"open","sticky":false,"template":"","format":"standard","meta":{"jetpack_post_was_ever_published":false,"_jetpack_newsletter_access":"","_jetpack_dont_email_post_to_subs":false,"_jetpack_newsletter_tier_id":0,"_jetpack_memberships_contains_paywalled_content":false,"_jetpack_memberships_contains_paid_content":false,"footnotes":"","jetpack_publicize_message":"","jetpack_publicize_feature_enabled":false,"jetpack_social_post_already_shared":false,"jetpack_social_options":{"image_generator_settings":{"template":"highway","enabled":false},"version":2}},"categories":[31,48],"tags":[51],"class_list":["post-23817","post","type-post","status-publish","format-standard","has-post-thumbnail","hentry","category-estado","category-policiaca","tag-estado"],"jetpack_publicize_connections":[],"jetpack_sharing_enabled":true,"jetpack_featured_media_url":"https:\/\/periodiconuevomilenio.com\/wp-content\/uploads\/2025\/05\/7133aa08-d22e-4e61-a248-cb3673c37edc.jpg","_links":{"self":[{"href":"https:\/\/periodiconuevomilenio.com\/index.php\/wp-json\/wp\/v2\/posts\/23817","targetHints":{"allow":["GET"]}}],"collection":[{"href":"https:\/\/periodiconuevomilenio.com\/index.php\/wp-json\/wp\/v2\/posts"}],"about":[{"href":"https:\/\/periodiconuevomilenio.com\/index.php\/wp-json\/wp\/v2\/types\/post"}],"author":[{"embeddable":true,"href":"https:\/\/periodiconuevomilenio.com\/index.php\/wp-json\/wp\/v2\/users\/1"}],"replies":[{"embeddable":true,"href":"https:\/\/periodiconuevomilenio.com\/index.php\/wp-json\/wp\/v2\/comments?post=23817"}],"version-history":[{"count":1,"href":"https:\/\/periodiconuevomilenio.com\/index.php\/wp-json\/wp\/v2\/posts\/23817\/revisions"}],"predecessor-version":[{"id":23819,"href":"https:\/\/periodiconuevomilenio.com\/index.php\/wp-json\/wp\/v2\/posts\/23817\/revisions\/23819"}],"wp:featuredmedia":[{"embeddable":true,"href":"https:\/\/periodiconuevomilenio.com\/index.php\/wp-json\/wp\/v2\/media\/23818"}],"wp:attachment":[{"href":"https:\/\/periodiconuevomilenio.com\/index.php\/wp-json\/wp\/v2\/media?parent=23817"}],"wp:term":[{"taxonomy":"category","embeddable":true,"href":"https:\/\/periodiconuevomilenio.com\/index.php\/wp-json\/wp\/v2\/categories?post=23817"},{"taxonomy":"post_tag","embeddable":true,"href":"https:\/\/periodiconuevomilenio.com\/index.php\/wp-json\/wp\/v2\/tags?post=23817"}],"curies":[{"name":"wp","href":"https:\/\/api.w.org\/{rel}","templated":true}]}}