{"id":2385,"date":"2023-04-19T00:24:40","date_gmt":"2023-04-19T06:24:40","guid":{"rendered":"https:\/\/periodiconuevomilenio.com\/?p=2385"},"modified":"2023-04-19T00:24:42","modified_gmt":"2023-04-19T06:24:42","slug":"queman-dos-camionetas-en-capitiro","status":"publish","type":"post","link":"https:\/\/periodiconuevomilenio.com\/index.php\/2023\/04\/19\/queman-dos-camionetas-en-capitiro\/","title":{"rendered":"QUEMAN DOS CAMIONETAS EN CAPITIRO"},"content":{"rendered":"\n<p>JARAL DEL PROGRESO, GTO.- La ma\u00f1ana de este martes 18 de abril, dos camionetas fueron consumidas\u00a0 por el fuego, registrando p\u00e9rdida total de las dos unidades ya que est\u00e1s quedaron reducida a chatarra. Hechos que ocurrieron cerca de la comunidad de Santiago Capitiro en los l\u00edmites con Salvatierra.<\/p>\n\n\n\n<p>&nbsp;De manera oficial no se ha dicho nada sobre las cusas que provocaron el incendi\u00f3,&nbsp;&nbsp; sin embargo, fuertes rumores dicen que fueron quemadas a prop\u00f3sito, ya que ning\u00fan propietario se acerc\u00f3 a reclamar o revelar las cusas de alguna falla mec\u00e1nica.<\/p>\n\n\n\n<p>De acuerdo a los informes de protecci\u00f3n civil y bomberos que acudieron al lugar, luego de recibir una llamada de emergencia al 911 avisando que un camino interparcelario&nbsp; hab\u00eda dos veh\u00edculos en llamas.<\/p>\n\n\n\n<p>Dieron a conocer que se recibe el reporte alrededor de las 9:30 avisando de&nbsp; un incendio de un veh\u00edculo, al llegar se encuentra dos camionetas en llamas al parecer a vista se parecen a las NP300 las mismas se desconoce el color ya que por las temperaturas se hab\u00eda calcinado.<\/p>\n\n\n\n<figure class=\"wp-block-image size-full\"><img loading=\"lazy\" decoding=\"async\" width=\"436\" height=\"323\" src=\"https:\/\/periodiconuevomilenio.com\/wp-content\/uploads\/2023\/04\/342198750_735962241563422_5605419606105151609_n.jpg\" alt=\"\" class=\"wp-image-2387\" srcset=\"https:\/\/periodiconuevomilenio.com\/wp-content\/uploads\/2023\/04\/342198750_735962241563422_5605419606105151609_n.jpg 436w, https:\/\/periodiconuevomilenio.com\/wp-content\/uploads\/2023\/04\/342198750_735962241563422_5605419606105151609_n-300x222.jpg 300w\" sizes=\"auto, (max-width: 436px) 100vw, 436px\" \/><\/figure>\n\n\n\n<figure class=\"wp-block-image size-full\"><img loading=\"lazy\" decoding=\"async\" width=\"597\" height=\"352\" src=\"https:\/\/periodiconuevomilenio.com\/wp-content\/uploads\/2023\/04\/342020359_752017259987006_5175859414837291393_n-1.jpg\" alt=\"\" class=\"wp-image-2388\" srcset=\"https:\/\/periodiconuevomilenio.com\/wp-content\/uploads\/2023\/04\/342020359_752017259987006_5175859414837291393_n-1.jpg 597w, https:\/\/periodiconuevomilenio.com\/wp-content\/uploads\/2023\/04\/342020359_752017259987006_5175859414837291393_n-1-300x177.jpg 300w\" sizes=\"auto, (max-width: 597px) 100vw, 597px\" \/><\/figure>\n","protected":false},"excerpt":{"rendered":"<p>JARAL DEL PROGRESO, GTO.- La ma\u00f1ana de este martes 18 de abril, dos camionetas fueron consumidas\u00a0 por el<\/p>\n","protected":false},"author":1,"featured_media":2386,"comment_status":"open","ping_status":"open","sticky":false,"template":"","format":"standard","meta":{"jetpack_post_was_ever_published":false,"_jetpack_newsletter_access":"","_jetpack_dont_email_post_to_subs":false,"_jetpack_newsletter_tier_id":0,"_jetpack_memberships_contains_paywalled_content":false,"_jetpack_memberships_contains_paid_content":false,"footnotes":"","jetpack_publicize_message":"","jetpack_publicize_feature_enabled":false,"jetpack_social_post_already_shared":false,"jetpack_social_options":{"image_generator_settings":{"template":"highway","enabled":false},"version":2}},"categories":[34,48],"tags":[23],"class_list":["post-2385","post","type-post","status-publish","format-standard","has-post-thumbnail","hentry","category-jaral-del-progreso","category-policiaca","tag-jaral"],"jetpack_publicize_connections":[],"jetpack_sharing_enabled":true,"jetpack_featured_media_url":"https:\/\/periodiconuevomilenio.com\/wp-content\/uploads\/2023\/04\/342020359_752017259987006_5175859414837291393_n.jpg","_links":{"self":[{"href":"https:\/\/periodiconuevomilenio.com\/index.php\/wp-json\/wp\/v2\/posts\/2385","targetHints":{"allow":["GET"]}}],"collection":[{"href":"https:\/\/periodiconuevomilenio.com\/index.php\/wp-json\/wp\/v2\/posts"}],"about":[{"href":"https:\/\/periodiconuevomilenio.com\/index.php\/wp-json\/wp\/v2\/types\/post"}],"author":[{"embeddable":true,"href":"https:\/\/periodiconuevomilenio.com\/index.php\/wp-json\/wp\/v2\/users\/1"}],"replies":[{"embeddable":true,"href":"https:\/\/periodiconuevomilenio.com\/index.php\/wp-json\/wp\/v2\/comments?post=2385"}],"version-history":[{"count":1,"href":"https:\/\/periodiconuevomilenio.com\/index.php\/wp-json\/wp\/v2\/posts\/2385\/revisions"}],"predecessor-version":[{"id":2389,"href":"https:\/\/periodiconuevomilenio.com\/index.php\/wp-json\/wp\/v2\/posts\/2385\/revisions\/2389"}],"wp:featuredmedia":[{"embeddable":true,"href":"https:\/\/periodiconuevomilenio.com\/index.php\/wp-json\/wp\/v2\/media\/2386"}],"wp:attachment":[{"href":"https:\/\/periodiconuevomilenio.com\/index.php\/wp-json\/wp\/v2\/media?parent=2385"}],"wp:term":[{"taxonomy":"category","embeddable":true,"href":"https:\/\/periodiconuevomilenio.com\/index.php\/wp-json\/wp\/v2\/categories?post=2385"},{"taxonomy":"post_tag","embeddable":true,"href":"https:\/\/periodiconuevomilenio.com\/index.php\/wp-json\/wp\/v2\/tags?post=2385"}],"curies":[{"name":"wp","href":"https:\/\/api.w.org\/{rel}","templated":true}]}}