{"id":2391,"date":"2023-04-19T20:47:23","date_gmt":"2023-04-20T02:47:23","guid":{"rendered":"https:\/\/periodiconuevomilenio.com\/?p=2391"},"modified":"2023-04-19T20:47:25","modified_gmt":"2023-04-20T02:47:25","slug":"participan-autoridades-educativas-en-el-6-o-consejo-tecnico-regional","status":"publish","type":"post","link":"https:\/\/periodiconuevomilenio.com\/index.php\/2023\/04\/19\/participan-autoridades-educativas-en-el-6-o-consejo-tecnico-regional\/","title":{"rendered":"Participan autoridades educativas en el 6.\u00ba Consejo T\u00e9cnico Regional"},"content":{"rendered":"\n<ul class=\"wp-block-list\">\n<li><strong>Durante la sesi\u00f3n, se tom\u00f3 parte del Simulacro Nacional<\/strong>.<\/li>\n<\/ul>\n\n\n\n<p><strong>Abasolo, Gto. 19 de abril de 2023<\/strong>.- La Delegaci\u00f3n Regional VI llev\u00f3 a cabo el 6.\u00baConsejo T\u00e9cnico Regional en las instalaciones del Centro de Desarrollo Comunitario, con la asistencia de jefes de sector de preescolar y primaria, supervisores de secundaria y telesecundaria, supervisores de educaci\u00f3n especial y de educaci\u00f3n f\u00edsica.<\/p>\n\n\n\n<p>El objetivo de esta sesi\u00f3n es socializar la informaci\u00f3n que se tiene por parte de la Secretar\u00eda de Educaci\u00f3n y que impacta de manera positiva en el proceso educativo, as\u00ed como en la toma de decisiones oportunas para la mejora del logro acad\u00e9mico.<\/p>\n\n\n\n<p>Anselmo Conejo Cornejo, Delegado Regional VI, hizo \u00e9nfasis en la importancia del Consejo T\u00e9cnico, ya que los acuerdos que se toman en este entorno se ven reflejados en un mejor aprovechamiento acad\u00e9mico de las y los estudiantes de las diferentes instituciones educativas.<\/p>\n\n\n\n<p>Como parte de las actividades que se realizaron durante la sesi\u00f3n de trabajo, se intercambiaron experiencias exitosas que se han venido aplicando en las escuelas y como se pueden adecuar a aquellas instituciones que requieren reforzar ciertos ejercicios pedag\u00f3gicos para obtener los resultados esperados en la mejora del aprendizaje.<\/p>\n\n\n\n<p>Por su parte, el profesor V\u00edctor Manuel Rocha Lemus, Coordinador de Desarrollo Educativo, coment\u00f3 que se contin\u00faa con las capacitaciones de Visores, esto en el marco del Pacto Social por la Educaci\u00f3n en la recuperaci\u00f3n de estudiantes.<\/p>\n\n\n\n<p>Se\u00f1al\u00f3 que hasta este momento se han capacitado a cerca de 400 visores en P\u00e9njamo y Valle de Santiago; en breve se estar\u00e1 trabajando en Abasolo y Manuel Doblado.&nbsp;<\/p>\n\n\n\n<p>Durante el desarrollo de la jornada, en punto de las 11 horas, son\u00f3 la alerta s\u00edsmica, por lo que los asistentes tomaron parte del Simulacro Nacional, el cual tiene como objetivo concientizar a la poblaci\u00f3n sobre la importancia de crear protocolos de contingencia en caso de desastre.<\/p>\n\n\n\n<figure class=\"wp-block-gallery has-nested-images columns-default is-cropped wp-block-gallery-1 is-layout-flex wp-block-gallery-is-layout-flex\">\n<figure class=\"wp-block-image size-large\"><img loading=\"lazy\" decoding=\"async\" width=\"1024\" height=\"618\" data-id=\"2393\" src=\"https:\/\/periodiconuevomilenio.com\/wp-content\/uploads\/2023\/04\/1q.jpg\" alt=\"\" class=\"wp-image-2393\" srcset=\"https:\/\/periodiconuevomilenio.com\/wp-content\/uploads\/2023\/04\/1q.jpg 1024w, https:\/\/periodiconuevomilenio.com\/wp-content\/uploads\/2023\/04\/1q-300x181.jpg 300w, https:\/\/periodiconuevomilenio.com\/wp-content\/uploads\/2023\/04\/1q-768x464.jpg 768w\" sizes=\"auto, (max-width: 1024px) 100vw, 1024px\" \/><\/figure>\n\n\n\n<figure class=\"wp-block-image size-large\"><img loading=\"lazy\" decoding=\"async\" width=\"768\" height=\"1024\" data-id=\"2394\" src=\"https:\/\/periodiconuevomilenio.com\/wp-content\/uploads\/2023\/04\/02-5-768x1024.jpg\" alt=\"\" class=\"wp-image-2394\" srcset=\"https:\/\/periodiconuevomilenio.com\/wp-content\/uploads\/2023\/04\/02-5-768x1024.jpg 768w, https:\/\/periodiconuevomilenio.com\/wp-content\/uploads\/2023\/04\/02-5-225x300.jpg 225w, https:\/\/periodiconuevomilenio.com\/wp-content\/uploads\/2023\/04\/02-5.jpg 960w\" sizes=\"auto, (max-width: 768px) 100vw, 768px\" \/><\/figure>\n\n\n\n<figure class=\"wp-block-image size-large\"><img loading=\"lazy\" decoding=\"async\" width=\"768\" height=\"1024\" data-id=\"2392\" src=\"https:\/\/periodiconuevomilenio.com\/wp-content\/uploads\/2023\/04\/04-5-768x1024.jpg\" alt=\"\" class=\"wp-image-2392\" srcset=\"https:\/\/periodiconuevomilenio.com\/wp-content\/uploads\/2023\/04\/04-5-768x1024.jpg 768w, https:\/\/periodiconuevomilenio.com\/wp-content\/uploads\/2023\/04\/04-5-225x300.jpg 225w, https:\/\/periodiconuevomilenio.com\/wp-content\/uploads\/2023\/04\/04-5.jpg 960w\" sizes=\"auto, (max-width: 768px) 100vw, 768px\" \/><\/figure>\n\n\n\n<figure class=\"wp-block-image size-large\"><img loading=\"lazy\" decoding=\"async\" width=\"768\" height=\"1024\" data-id=\"2395\" src=\"https:\/\/periodiconuevomilenio.com\/wp-content\/uploads\/2023\/04\/05-4-768x1024.jpg\" alt=\"\" class=\"wp-image-2395\" srcset=\"https:\/\/periodiconuevomilenio.com\/wp-content\/uploads\/2023\/04\/05-4-768x1024.jpg 768w, https:\/\/periodiconuevomilenio.com\/wp-content\/uploads\/2023\/04\/05-4-225x300.jpg 225w, https:\/\/periodiconuevomilenio.com\/wp-content\/uploads\/2023\/04\/05-4.jpg 960w\" sizes=\"auto, (max-width: 768px) 100vw, 768px\" \/><\/figure>\n<\/figure>\n","protected":false},"excerpt":{"rendered":"<p>Abasolo, Gto. 19 de abril de 2023.- La Delegaci\u00f3n Regional VI llev\u00f3 a cabo el 6.\u00baConsejo T\u00e9cnico Regional<\/p>\n","protected":false},"author":1,"featured_media":2393,"comment_status":"open","ping_status":"open","sticky":false,"template":"","format":"standard","meta":{"jetpack_post_was_ever_published":false,"_jetpack_newsletter_access":"","_jetpack_dont_email_post_to_subs":false,"_jetpack_newsletter_tier_id":0,"_jetpack_memberships_contains_paywalled_content":false,"_jetpack_memberships_contains_paid_content":false,"footnotes":"","jetpack_publicize_message":"","jetpack_publicize_feature_enabled":false,"jetpack_social_post_already_shared":false,"jetpack_social_options":{"image_generator_settings":{"template":"highway","enabled":false},"version":2}},"categories":[32],"tags":[25],"class_list":["post-2391","post","type-post","status-publish","format-standard","has-post-thumbnail","hentry","category-abasolo","tag-abasolo"],"jetpack_publicize_connections":[],"jetpack_sharing_enabled":true,"jetpack_featured_media_url":"https:\/\/periodiconuevomilenio.com\/wp-content\/uploads\/2023\/04\/1q.jpg","_links":{"self":[{"href":"https:\/\/periodiconuevomilenio.com\/index.php\/wp-json\/wp\/v2\/posts\/2391","targetHints":{"allow":["GET"]}}],"collection":[{"href":"https:\/\/periodiconuevomilenio.com\/index.php\/wp-json\/wp\/v2\/posts"}],"about":[{"href":"https:\/\/periodiconuevomilenio.com\/index.php\/wp-json\/wp\/v2\/types\/post"}],"author":[{"embeddable":true,"href":"https:\/\/periodiconuevomilenio.com\/index.php\/wp-json\/wp\/v2\/users\/1"}],"replies":[{"embeddable":true,"href":"https:\/\/periodiconuevomilenio.com\/index.php\/wp-json\/wp\/v2\/comments?post=2391"}],"version-history":[{"count":1,"href":"https:\/\/periodiconuevomilenio.com\/index.php\/wp-json\/wp\/v2\/posts\/2391\/revisions"}],"predecessor-version":[{"id":2396,"href":"https:\/\/periodiconuevomilenio.com\/index.php\/wp-json\/wp\/v2\/posts\/2391\/revisions\/2396"}],"wp:featuredmedia":[{"embeddable":true,"href":"https:\/\/periodiconuevomilenio.com\/index.php\/wp-json\/wp\/v2\/media\/2393"}],"wp:attachment":[{"href":"https:\/\/periodiconuevomilenio.com\/index.php\/wp-json\/wp\/v2\/media?parent=2391"}],"wp:term":[{"taxonomy":"category","embeddable":true,"href":"https:\/\/periodiconuevomilenio.com\/index.php\/wp-json\/wp\/v2\/categories?post=2391"},{"taxonomy":"post_tag","embeddable":true,"href":"https:\/\/periodiconuevomilenio.com\/index.php\/wp-json\/wp\/v2\/tags?post=2391"}],"curies":[{"name":"wp","href":"https:\/\/api.w.org\/{rel}","templated":true}]}}