{"id":24005,"date":"2025-06-03T01:25:09","date_gmt":"2025-06-03T07:25:09","guid":{"rendered":"https:\/\/periodiconuevomilenio.com\/?p=24005"},"modified":"2025-06-03T01:25:10","modified_gmt":"2025-06-03T07:25:10","slug":"asesinn-a-un-masculino-en-la-calle-prolongacion-arroyo-camembaro","status":"publish","type":"post","link":"https:\/\/periodiconuevomilenio.com\/index.php\/2025\/06\/03\/asesinn-a-un-masculino-en-la-calle-prolongacion-arroyo-camembaro\/","title":{"rendered":"Asesin@n a un masculino en la calle Prolongaci\u00f3n Arroyo Camembaro"},"content":{"rendered":"\n<p>Valle de Santiago, Gto.- Un hombre que hasta el momento no ha sido identificado fue @sesin@do a b@lazos esta noche en la calle prolongaci\u00f3n arroyo Camembaro en la colonia Morelos .<\/p>\n\n\n\n<p>Fue al filo de las 9 de la noche con 17 minutos cuando al sistema de emergencia 911 lleg\u00f3 el reporte de que se hab\u00edan escuchado muchos dispar*s y hab\u00eda personas lesionadas en la&nbsp; calle prolongaci\u00f3n arroyo Camembaro.<\/p>\n\n\n\n<p>&nbsp;Se trasladaron al lugar encontrando a una persona ba\u00f1ada en sangr* con varias heridas provocadas por dispar*s&nbsp; de arm* de fuego, por lo que solicitaron la presencia&nbsp; de param\u00e9dicos llegando al lugar y tras revisarlos, confirmaron que ya no contaba con signos vitales.<\/p>\n\n\n\n<p>Se acordon\u00f3 el \u00e1rea y se dio aviso a la fiscal\u00eda, quienes enviaron&nbsp; al lugar a peritos ya gentes de investigaci\u00f3n criminal, quienes, luego de que el agente del Ministerio P\u00fablico diera fe, levantaron evidencias necesarias para abrir una carpeta de investigaci\u00f3n en torno a este homicidio doloso.<\/p>\n\n\n\n<p>La persona que perdi\u00f3 la vida tras el ataque es un masculino de t\u00e9s morena, presenta&nbsp; m\u00faltiples impact*s de arma* de fuego en t\u00f3rax, cuello y cr\u00e1neo, viste&nbsp; playera negra, bermuda negra y tenis negros<\/p>\n\n\n\n<p>&nbsp;El cuerpo fue enviado al servicio m\u00e9dico forense, donde se le practic\u00f3 la necropsia&nbsp; de ley, y mediante m\u00e9todos cient\u00edficos conocer la identidad de la persona que hasta&nbsp; ahora pasa como desconocida.<\/p>\n\n\n\n<figure class=\"wp-block-image size-large\"><img loading=\"lazy\" decoding=\"async\" width=\"1024\" height=\"647\" src=\"https:\/\/periodiconuevomilenio.com\/wp-content\/uploads\/2025\/06\/trashed-1701356575-screenshot_2023-10-30-21-51-34-889_com.facebook.katana-1024x647.jpg\" alt=\"\" class=\"wp-image-24006\" srcset=\"https:\/\/periodiconuevomilenio.com\/wp-content\/uploads\/2025\/06\/trashed-1701356575-screenshot_2023-10-30-21-51-34-889_com.facebook.katana-1024x647.jpg 1024w, https:\/\/periodiconuevomilenio.com\/wp-content\/uploads\/2025\/06\/trashed-1701356575-screenshot_2023-10-30-21-51-34-889_com.facebook.katana-300x190.jpg 300w, https:\/\/periodiconuevomilenio.com\/wp-content\/uploads\/2025\/06\/trashed-1701356575-screenshot_2023-10-30-21-51-34-889_com.facebook.katana-768x485.jpg 768w, https:\/\/periodiconuevomilenio.com\/wp-content\/uploads\/2025\/06\/trashed-1701356575-screenshot_2023-10-30-21-51-34-889_com.facebook.katana.jpg 1328w\" sizes=\"auto, (max-width: 1024px) 100vw, 1024px\" \/><\/figure>\n\n\n","protected":false},"excerpt":{"rendered":"<p>Valle de Santiago, Gto.- Un hombre que hasta el momento no ha sido identificado fue @sesin@do a b@lazos<\/p>\n","protected":false},"author":1,"featured_media":24006,"comment_status":"open","ping_status":"open","sticky":false,"template":"","format":"standard","meta":{"jetpack_post_was_ever_published":false,"_jetpack_newsletter_access":"","_jetpack_dont_email_post_to_subs":false,"_jetpack_newsletter_tier_id":0,"_jetpack_memberships_contains_paywalled_content":false,"_jetpack_memberships_contains_paid_content":false,"footnotes":"","jetpack_publicize_message":"","jetpack_publicize_feature_enabled":false,"jetpack_social_post_already_shared":false,"jetpack_social_options":{"image_generator_settings":{"template":"highway","enabled":false},"version":2}},"categories":[31,39],"tags":[22],"class_list":["post-24005","post","type-post","status-publish","format-standard","has-post-thumbnail","hentry","category-estado","category-valle-de-santiago","tag-valle"],"jetpack_publicize_connections":[],"jetpack_sharing_enabled":true,"jetpack_featured_media_url":"https:\/\/periodiconuevomilenio.com\/wp-content\/uploads\/2025\/06\/trashed-1701356575-screenshot_2023-10-30-21-51-34-889_com.facebook.katana.jpg","_links":{"self":[{"href":"https:\/\/periodiconuevomilenio.com\/index.php\/wp-json\/wp\/v2\/posts\/24005","targetHints":{"allow":["GET"]}}],"collection":[{"href":"https:\/\/periodiconuevomilenio.com\/index.php\/wp-json\/wp\/v2\/posts"}],"about":[{"href":"https:\/\/periodiconuevomilenio.com\/index.php\/wp-json\/wp\/v2\/types\/post"}],"author":[{"embeddable":true,"href":"https:\/\/periodiconuevomilenio.com\/index.php\/wp-json\/wp\/v2\/users\/1"}],"replies":[{"embeddable":true,"href":"https:\/\/periodiconuevomilenio.com\/index.php\/wp-json\/wp\/v2\/comments?post=24005"}],"version-history":[{"count":1,"href":"https:\/\/periodiconuevomilenio.com\/index.php\/wp-json\/wp\/v2\/posts\/24005\/revisions"}],"predecessor-version":[{"id":24007,"href":"https:\/\/periodiconuevomilenio.com\/index.php\/wp-json\/wp\/v2\/posts\/24005\/revisions\/24007"}],"wp:featuredmedia":[{"embeddable":true,"href":"https:\/\/periodiconuevomilenio.com\/index.php\/wp-json\/wp\/v2\/media\/24006"}],"wp:attachment":[{"href":"https:\/\/periodiconuevomilenio.com\/index.php\/wp-json\/wp\/v2\/media?parent=24005"}],"wp:term":[{"taxonomy":"category","embeddable":true,"href":"https:\/\/periodiconuevomilenio.com\/index.php\/wp-json\/wp\/v2\/categories?post=24005"},{"taxonomy":"post_tag","embeddable":true,"href":"https:\/\/periodiconuevomilenio.com\/index.php\/wp-json\/wp\/v2\/tags?post=24005"}],"curies":[{"name":"wp","href":"https:\/\/api.w.org\/{rel}","templated":true}]}}