{"id":24047,"date":"2025-06-05T15:50:53","date_gmt":"2025-06-05T21:50:53","guid":{"rendered":"https:\/\/periodiconuevomilenio.com\/?p=24047"},"modified":"2025-06-05T15:50:55","modified_gmt":"2025-06-05T21:50:55","slug":"proponen-pan-y-prd-reconocer-el-esfuerzo-de-migrantes-que-transforman-guanajuato-desde-dentro-y-fuera-del-pais","status":"publish","type":"post","link":"https:\/\/periodiconuevomilenio.com\/index.php\/2025\/06\/05\/proponen-pan-y-prd-reconocer-el-esfuerzo-de-migrantes-que-transforman-guanajuato-desde-dentro-y-fuera-del-pais\/","title":{"rendered":"Proponen PAN y PRD reconocer el esfuerzo de migrantes que transforman Guanajuato desde dentro y fuera del pa\u00eds."},"content":{"rendered":"\n<p>Guanajuato, Gto., 05 de junio de 2025. \u2013 Las y los migrantes han sido parte fundamental del desarrollo de Guanajuato y de su gente, por ello, el Grupo Parlamentario del PAN y la Representaci\u00f3n Parlamentaria del PRD plantearon modificar la Ley de Premios y Est\u00edmulos al M\u00e9rito Ciudadano, con el objetivo de reconocer su esfuerzo y motivar a m\u00e1s guanajuatenses que viven en el extranjero a involucrarse en proyectos que contribuyan al desarrollo de sus comunidades de origen.<\/p>\n\n\n\n<p>Al presentar la iniciativa, Yesenia Rojas Cervantes, primera diputada migrante, se\u00f1al\u00f3 que con la reforma se crear\u00eda el \u201cPremio Estatal a la Comunidad Migrante\u201d, mismo que permitir\u00eda galardonar a las y los migrantes por su contribuci\u00f3n a la vida p\u00fablica y no s\u00f3lo por sus aportaciones econ\u00f3micas.<\/p>\n\n\n\n<p>Adem\u00e1s, la legisladora por Acci\u00f3n Nacional refiri\u00f3 que existen mujeres que debieron migrar para dar una mejor vida a sus hijos e hijas; o bien, dedicar su vida al activismo en favor de sus comunidades de \u00e9ste o del otro lado de la frontera. Por ello, se propuso agregar al Premio Estatal a la Mujer, \u201cEmma Godoy Lobato\u201d, la categor\u00eda Mujer Migrante.<\/p>\n\n\n\n<p>\u201cHoy presentamos esta iniciativa para todas las personas que forman la comunidad migrante y reconocerles todos sus esfuerzos por sus familias y sus comunidades. Va por todas y todos que han dado su vida por nuestros derechos y en beneficio de M\u00e9xico y Guanajuato\u201d, acentu\u00f3.<\/p>\n\n\n\n<p>De esta manera, se sentar\u00e1n las bases para una mayor participaci\u00f3n de los migrantes en la construcci\u00f3n de un estado m\u00e1s equitativo y pr\u00f3spero, fortaleciendo su papel como agentes de cambio y desarrollo.<\/p>\n\n\n\n<p>La iniciativa se turn\u00f3 a la Comisi\u00f3n de Gobernaci\u00f3n y Puntos Constitucionales para su estudio y dictamen<\/p>\n\n\n\n<figure class=\"wp-block-image size-large\"><img loading=\"lazy\" decoding=\"async\" width=\"765\" height=\"1024\" src=\"https:\/\/periodiconuevomilenio.com\/wp-content\/uploads\/2025\/06\/3c9fae35-39eb-4b07-b3b1-cea30fe27782-765x1024.jpg\" alt=\"\" class=\"wp-image-24048\" srcset=\"https:\/\/periodiconuevomilenio.com\/wp-content\/uploads\/2025\/06\/3c9fae35-39eb-4b07-b3b1-cea30fe27782-765x1024.jpg 765w, https:\/\/periodiconuevomilenio.com\/wp-content\/uploads\/2025\/06\/3c9fae35-39eb-4b07-b3b1-cea30fe27782-224x300.jpg 224w, https:\/\/periodiconuevomilenio.com\/wp-content\/uploads\/2025\/06\/3c9fae35-39eb-4b07-b3b1-cea30fe27782-768x1028.jpg 768w, https:\/\/periodiconuevomilenio.com\/wp-content\/uploads\/2025\/06\/3c9fae35-39eb-4b07-b3b1-cea30fe27782-1147x1536.jpg 1147w, https:\/\/periodiconuevomilenio.com\/wp-content\/uploads\/2025\/06\/3c9fae35-39eb-4b07-b3b1-cea30fe27782-1024x1371.jpg 1024w, https:\/\/periodiconuevomilenio.com\/wp-content\/uploads\/2025\/06\/3c9fae35-39eb-4b07-b3b1-cea30fe27782.jpg 1195w\" sizes=\"auto, (max-width: 765px) 100vw, 765px\" \/><\/figure>\n\n\n","protected":false},"excerpt":{"rendered":"<p>Guanajuato, Gto., 05 de junio de 2025. \u2013 Las y los migrantes han sido parte fundamental del desarrollo<\/p>\n","protected":false},"author":1,"featured_media":0,"comment_status":"open","ping_status":"open","sticky":false,"template":"","format":"standard","meta":{"jetpack_post_was_ever_published":false,"_jetpack_newsletter_access":"","_jetpack_dont_email_post_to_subs":false,"_jetpack_newsletter_tier_id":0,"_jetpack_memberships_contains_paywalled_content":false,"_jetpack_memberships_contains_paid_content":false,"footnotes":"","jetpack_publicize_message":"","jetpack_publicize_feature_enabled":false,"jetpack_social_post_already_shared":false,"jetpack_social_options":{"image_generator_settings":{"template":"highway","enabled":false},"version":2}},"categories":[31],"tags":[51],"class_list":["post-24047","post","type-post","status-publish","format-standard","hentry","category-estado","tag-estado"],"jetpack_publicize_connections":[],"jetpack_sharing_enabled":true,"jetpack_featured_media_url":"","_links":{"self":[{"href":"https:\/\/periodiconuevomilenio.com\/index.php\/wp-json\/wp\/v2\/posts\/24047","targetHints":{"allow":["GET"]}}],"collection":[{"href":"https:\/\/periodiconuevomilenio.com\/index.php\/wp-json\/wp\/v2\/posts"}],"about":[{"href":"https:\/\/periodiconuevomilenio.com\/index.php\/wp-json\/wp\/v2\/types\/post"}],"author":[{"embeddable":true,"href":"https:\/\/periodiconuevomilenio.com\/index.php\/wp-json\/wp\/v2\/users\/1"}],"replies":[{"embeddable":true,"href":"https:\/\/periodiconuevomilenio.com\/index.php\/wp-json\/wp\/v2\/comments?post=24047"}],"version-history":[{"count":1,"href":"https:\/\/periodiconuevomilenio.com\/index.php\/wp-json\/wp\/v2\/posts\/24047\/revisions"}],"predecessor-version":[{"id":24049,"href":"https:\/\/periodiconuevomilenio.com\/index.php\/wp-json\/wp\/v2\/posts\/24047\/revisions\/24049"}],"wp:attachment":[{"href":"https:\/\/periodiconuevomilenio.com\/index.php\/wp-json\/wp\/v2\/media?parent=24047"}],"wp:term":[{"taxonomy":"category","embeddable":true,"href":"https:\/\/periodiconuevomilenio.com\/index.php\/wp-json\/wp\/v2\/categories?post=24047"},{"taxonomy":"post_tag","embeddable":true,"href":"https:\/\/periodiconuevomilenio.com\/index.php\/wp-json\/wp\/v2\/tags?post=24047"}],"curies":[{"name":"wp","href":"https:\/\/api.w.org\/{rel}","templated":true}]}}