{"id":24109,"date":"2025-06-07T13:56:55","date_gmt":"2025-06-07T19:56:55","guid":{"rendered":"https:\/\/periodiconuevomilenio.com\/?p=24109"},"modified":"2025-06-07T13:56:57","modified_gmt":"2025-06-07T19:56:57","slug":"la-era-digital-y-el-periodismo-un-desafio-para-la-libertad-de-expresion","status":"publish","type":"post","link":"https:\/\/periodiconuevomilenio.com\/index.php\/2025\/06\/07\/la-era-digital-y-el-periodismo-un-desafio-para-la-libertad-de-expresion\/","title":{"rendered":"La Era Digital y el Periodismo: Un Desaf\u00edo para la Libertad de Expresi\u00f3n"},"content":{"rendered":"\n<p>En la era digital, el periodismo est\u00e1 experimentando un cambio radical. Con la proliferaci\u00f3n de los tel\u00e9fonos inteligentes y las redes sociales, cualquiera puede convertirse en un \u00abperiodista\u00bb y difundir informaci\u00f3n sin necesidad de una formaci\u00f3n especializada. Sin embargo, este fen\u00f3meno tambi\u00e9n plantea serios desaf\u00edos para la libertad de expresi\u00f3n y la calidad de la informaci\u00f3n.<\/p>\n\n\n\n<p>La multiplicaci\u00f3n de p\u00e1ginas web y perfiles en redes sociales ha llevado a la proliferaci\u00f3n de noticias falsas y la difusi\u00f3n de informaci\u00f3n sin verificar. Adem\u00e1s, el anonimato en l\u00ednea permite a algunos individuos esconderse detr\u00e1s de seud\u00f3nimos o perfiles falsos, lo que puede llevar a la difusi\u00f3n de contenido difamatorio o da\u00f1ino sin asumir responsabilidad.<\/p>\n\n\n\n<p>En este contexto, es fundamental defender la libertad de expresi\u00f3n y promover un periodismo responsable y \u00e9tico. El 7 de junio se celebra el D\u00eda de la Libertad de Expresi\u00f3n, una oportunidad para reflexionar sobre la importancia de esta libertad fundamental y los desaf\u00edos que enfrenta en la era digital.<\/p>\n\n\n\n<p>Es momento de promover la calidad y la veracidad de la informaci\u00f3n, y de proteger a los periodistas y medios de comunicaci\u00f3n que trabajan con integridad y profesionalismo. Solo as\u00ed podremos garantizar que la libertad de expresi\u00f3n sea un derecho fundamental que beneficie a la sociedad en su conjunto.<\/p>\n\n\n\n<figure class=\"wp-block-gallery has-nested-images columns-default is-cropped wp-block-gallery-1 is-layout-flex wp-block-gallery-is-layout-flex\">\n<figure class=\"wp-block-image size-large\"><img loading=\"lazy\" decoding=\"async\" width=\"1024\" height=\"683\" data-id=\"24111\" src=\"https:\/\/periodiconuevomilenio.com\/wp-content\/uploads\/2025\/06\/img_7556-1024x683.jpg\" alt=\"\" class=\"wp-image-24111\" srcset=\"https:\/\/periodiconuevomilenio.com\/wp-content\/uploads\/2025\/06\/img_7556-1024x683.jpg 1024w, https:\/\/periodiconuevomilenio.com\/wp-content\/uploads\/2025\/06\/img_7556-300x200.jpg 300w, https:\/\/periodiconuevomilenio.com\/wp-content\/uploads\/2025\/06\/img_7556-768x512.jpg 768w, https:\/\/periodiconuevomilenio.com\/wp-content\/uploads\/2025\/06\/img_7556-1536x1024.jpg 1536w, https:\/\/periodiconuevomilenio.com\/wp-content\/uploads\/2025\/06\/img_7556-2048x1365.jpg 2048w\" sizes=\"auto, (max-width: 1024px) 100vw, 1024px\" \/><\/figure>\n\n\n\n<figure class=\"wp-block-image size-large\"><img loading=\"lazy\" decoding=\"async\" width=\"1024\" height=\"760\" data-id=\"24110\" src=\"https:\/\/periodiconuevomilenio.com\/wp-content\/uploads\/2025\/06\/100_3367-1024x760.jpg\" alt=\"\" class=\"wp-image-24110\" srcset=\"https:\/\/periodiconuevomilenio.com\/wp-content\/uploads\/2025\/06\/100_3367-1024x760.jpg 1024w, https:\/\/periodiconuevomilenio.com\/wp-content\/uploads\/2025\/06\/100_3367-300x223.jpg 300w, https:\/\/periodiconuevomilenio.com\/wp-content\/uploads\/2025\/06\/100_3367-768x570.jpg 768w, https:\/\/periodiconuevomilenio.com\/wp-content\/uploads\/2025\/06\/100_3367-1536x1140.jpg 1536w, https:\/\/periodiconuevomilenio.com\/wp-content\/uploads\/2025\/06\/100_3367-2048x1520.jpg 2048w\" sizes=\"auto, (max-width: 1024px) 100vw, 1024px\" \/><\/figure>\n<\/figure>\n\n\n","protected":false},"excerpt":{"rendered":"<p>En la era digital, el periodismo est\u00e1 experimentando un cambio radical. Con la proliferaci\u00f3n de los tel\u00e9fonos inteligentes<\/p>\n","protected":false},"author":1,"featured_media":24111,"comment_status":"open","ping_status":"open","sticky":false,"template":"","format":"standard","meta":{"jetpack_post_was_ever_published":false,"_jetpack_newsletter_access":"","_jetpack_dont_email_post_to_subs":false,"_jetpack_newsletter_tier_id":0,"_jetpack_memberships_contains_paywalled_content":false,"_jetpack_memberships_contains_paid_content":false,"footnotes":"","jetpack_publicize_message":"","jetpack_publicize_feature_enabled":false,"jetpack_social_post_already_shared":false,"jetpack_social_options":{"image_generator_settings":{"template":"highway","enabled":false},"version":2}},"categories":[31,47,39],"tags":[51,50,22],"class_list":["post-24109","post","type-post","status-publish","format-standard","has-post-thumbnail","hentry","category-estado","category-nacional","category-valle-de-santiago","tag-estado","tag-nacional","tag-valle"],"jetpack_publicize_connections":[],"jetpack_sharing_enabled":true,"jetpack_featured_media_url":"https:\/\/periodiconuevomilenio.com\/wp-content\/uploads\/2025\/06\/img_7556-scaled.jpg","_links":{"self":[{"href":"https:\/\/periodiconuevomilenio.com\/index.php\/wp-json\/wp\/v2\/posts\/24109","targetHints":{"allow":["GET"]}}],"collection":[{"href":"https:\/\/periodiconuevomilenio.com\/index.php\/wp-json\/wp\/v2\/posts"}],"about":[{"href":"https:\/\/periodiconuevomilenio.com\/index.php\/wp-json\/wp\/v2\/types\/post"}],"author":[{"embeddable":true,"href":"https:\/\/periodiconuevomilenio.com\/index.php\/wp-json\/wp\/v2\/users\/1"}],"replies":[{"embeddable":true,"href":"https:\/\/periodiconuevomilenio.com\/index.php\/wp-json\/wp\/v2\/comments?post=24109"}],"version-history":[{"count":1,"href":"https:\/\/periodiconuevomilenio.com\/index.php\/wp-json\/wp\/v2\/posts\/24109\/revisions"}],"predecessor-version":[{"id":24112,"href":"https:\/\/periodiconuevomilenio.com\/index.php\/wp-json\/wp\/v2\/posts\/24109\/revisions\/24112"}],"wp:featuredmedia":[{"embeddable":true,"href":"https:\/\/periodiconuevomilenio.com\/index.php\/wp-json\/wp\/v2\/media\/24111"}],"wp:attachment":[{"href":"https:\/\/periodiconuevomilenio.com\/index.php\/wp-json\/wp\/v2\/media?parent=24109"}],"wp:term":[{"taxonomy":"category","embeddable":true,"href":"https:\/\/periodiconuevomilenio.com\/index.php\/wp-json\/wp\/v2\/categories?post=24109"},{"taxonomy":"post_tag","embeddable":true,"href":"https:\/\/periodiconuevomilenio.com\/index.php\/wp-json\/wp\/v2\/tags?post=24109"}],"curies":[{"name":"wp","href":"https:\/\/api.w.org\/{rel}","templated":true}]}}