{"id":24133,"date":"2025-06-09T21:38:07","date_gmt":"2025-06-10T03:38:07","guid":{"rendered":"https:\/\/periodiconuevomilenio.com\/?p=24133"},"modified":"2025-06-09T21:38:08","modified_gmt":"2025-06-10T03:38:08","slug":"la-fiscalia-de-guanajuato-esclarece-diversos-delitos-relacionados-con-la-violencia-de-genero-presuntos-responsables-en-prision","status":"publish","type":"post","link":"https:\/\/periodiconuevomilenio.com\/index.php\/2025\/06\/09\/la-fiscalia-de-guanajuato-esclarece-diversos-delitos-relacionados-con-la-violencia-de-genero-presuntos-responsables-en-prision\/","title":{"rendered":"LA FISCAL\u00cdA DE GUANAJUATO ESCLARECE DIVERSOS \u00a0DELITOS RELACIONADOS CON LA VIOLENCIA DE G\u00c9NERO: PRESUNTOS RESPONSABLES EN PRISI\u00d3N"},"content":{"rendered":"\n<p>La Fiscal\u00eda Especializada en Investigaci\u00f3n de Delitos cometidos en contra de Mujeres por Razones de G\u00e9nero (FEIDEM) &nbsp;de la &nbsp;Fiscal\u00eda &nbsp;Regional &nbsp;A, consolid\u00f3 en fechas recientes acciones firmes &nbsp;y a la &nbsp;vez &nbsp;sensibles en la persecuci\u00f3n de la violencia que atenta contra la integridad de las mujeres en Le\u00f3n. &nbsp;Dichas acciones son resultado del &nbsp;trabajo &nbsp;humano, &nbsp;cient\u00edfico y jur\u00eddico que permite llevar ante la justicia a quienes han transgredido los derechos m\u00e1s fundamentales de las v\u00edctimas.<\/p>\n\n\n\n<p>En &nbsp;marzo de 2023, &nbsp;la v\u00edctima fue atacada en su propio hogar. El agresor, <strong>JUAN&nbsp; &nbsp;CARLOS&nbsp; &nbsp;\u201cN\u201d<\/strong>, &nbsp;irrumpi\u00f3 &nbsp;en &nbsp;su &nbsp;morada &nbsp;con&nbsp; unas &nbsp;tijeras, rob\u00f3 pertenencias y cometi\u00f3 un acto de violencia sexual. La v\u00edctima logr\u00f3 huir y pedir ayuda. A partir de ese momento, la FEIDEM inici\u00f3 una investigaci\u00f3n. Se &nbsp;integraron testimonios, estudios m\u00e9dicos y psicol\u00f3gicos, registros fotogr\u00e1ficos, as\u00ed como un cateo que culmin\u00f3 con la localizaci\u00f3n y captura del &nbsp;imputado. &nbsp;Posteriormente &nbsp;fue vinculado a proceso penal &nbsp;por&nbsp; los delitos de &nbsp;violaci\u00f3n calificada y &nbsp;robo calificado, imponi\u00e9ndosele &nbsp;prisi\u00f3n preventiva oficiosa.<\/p>\n\n\n\n<p>El 12 de marzo de 2025, &nbsp;en una ruta del transporte p\u00fablico, una mujer fue v\u00edctima de tocamientos por parte de un sujeto. &nbsp;La denuncia &nbsp;inmediata permiti\u00f3 a &nbsp;la&nbsp; &nbsp;Fiscal\u00eda, &nbsp;con &nbsp;la &nbsp;participaci\u00f3n de &nbsp;agentes &nbsp;ministeriales, identificar &nbsp;al &nbsp;agresor&nbsp; como &nbsp;<strong>JORGE&nbsp; &nbsp;SA\u00daL&nbsp; &nbsp;\u201cN\u201d<\/strong>. &nbsp;Tras &nbsp;su&nbsp; detenci\u00f3n, &nbsp;el presunto &nbsp;agresor fue vinculado a proceso penal por abuso sexual y&nbsp; se impusieron medidas cautelares.<\/p>\n\n\n\n<p>D\u00edas despu\u00e9s, el 25 de marzo, se present\u00f3 otro acto de violencia sexual en un autob\u00fas urbano. &nbsp;<strong>JONATHAN &nbsp;JOSU\u00c9&nbsp; &nbsp;\u201cN\u201d &nbsp;<\/strong>acos\u00f3 a una&nbsp; v\u00edctima de manera persistente. La v\u00edctima&nbsp; lo grab\u00f3 con su celular antes de que este escapara por una ventana. Con ese material, adem\u00e1s de otros indicios recolectados por expertos en an\u00e1lisis de informaci\u00f3n el presunto responsable fue detenido y en audiencia&nbsp; se dict\u00f3 auto de vinculaci\u00f3n a proceso penal.<\/p>\n\n\n\n<p>Uno de los &nbsp;casos m\u00e1s graves investigados fue el de una v\u00edctima de abuso por parte de <strong>JOS\u00c9 FREDY \u201cN\u201d <\/strong>desde que ten\u00eda 12 a\u00f1os. Con el tiempo, los abusos &nbsp;se &nbsp;repitieron,&nbsp; siendo &nbsp;el&nbsp; &nbsp;\u00faltimo &nbsp;en &nbsp;mayo &nbsp;de &nbsp;2025.&nbsp;&nbsp; &nbsp;Tras&nbsp; &nbsp;la investigaci\u00f3n, se logr\u00f3 acreditar su probable responsabilidad, por lo que se solicit\u00f3 &nbsp;y &nbsp;cumpliment\u00f3 &nbsp;una&nbsp; orden de &nbsp;aprehensi\u00f3n. &nbsp;El &nbsp;imputado &nbsp;fue vinculado &nbsp;a proceso penal &nbsp;por violaci\u00f3n espuria calificada &nbsp;y equiparada, con prisi\u00f3n preventiva.<\/p>\n\n\n\n<p>En &nbsp;un quinto caso, <strong>\u00c9DGAR ARMANDO \u201cN\u201d <\/strong>fue vinculado a proceso penal por violencia familiar, luego de que el 26 de mayo de 2025 agrediera a su pareja, &nbsp;a quien golpe\u00f3 y &nbsp;amenaz\u00f3 con un machete. &nbsp;Las&nbsp; lesiones, &nbsp;los testimonios, &nbsp;y la &nbsp;prontitud en la &nbsp;intervenci\u00f3n &nbsp;permitieron cumplimentar una orden de aprehensi\u00f3n y&nbsp; que fuera vinculado a proceso penal, con prisi\u00f3n preventiva como medida cautelar.<\/p>\n\n\n\n<p>Por \u00faltimo, el &nbsp;14 de mayo, una v\u00edctima fue agredida sexualmente en un cami\u00f3n del &nbsp;transporte p\u00fablico. &nbsp;El &nbsp;agresor, &nbsp;<strong>JOS\u00c9&nbsp; &nbsp;DE&nbsp;&nbsp; JES\u00daS&nbsp; &nbsp;\u201cN\u201d, &nbsp;<\/strong>fue detenido en flagrancia&nbsp; y &nbsp;sometido a un proceso inmediato. &nbsp;Gracias al trabajo&nbsp; de investigaci\u00f3n, &nbsp;la &nbsp;atenci\u00f3n a v\u00edctimas y &nbsp;la &nbsp;aceptaci\u00f3n de los cargos, se dict\u00f3 una sentencia condenatoria de c\u00e1rcel &nbsp;en procedimiento abreviado por el delito de abusos sexuales, garantizando as\u00ed un castigo expedito y proporcional al agravio.<\/p>\n\n\n\n<p>La Fiscal\u00eda Especializada en Investigaci\u00f3n de Delitos cometidos en contra de &nbsp;Mujeres por Razones de &nbsp;G\u00e9nero, &nbsp;tiene&nbsp; como objetivos &nbsp;investigar, proteger a las v\u00edctimas y garantizar que quienes vulneran sus derechos enfrenten las consecuencias legales. La justicia con perspectiva de g\u00e9nero es una realidad en Guanajuato.<\/p>\n\n\n\n<figure class=\"wp-block-image size-large\"><img loading=\"lazy\" decoding=\"async\" width=\"1024\" height=\"721\" src=\"https:\/\/periodiconuevomilenio.com\/wp-content\/uploads\/2025\/06\/d36da867-7fdd-406a-b02c-ead1b1ef925e-1024x721.jpg\" alt=\"\" class=\"wp-image-24134\" srcset=\"https:\/\/periodiconuevomilenio.com\/wp-content\/uploads\/2025\/06\/d36da867-7fdd-406a-b02c-ead1b1ef925e-1024x721.jpg 1024w, https:\/\/periodiconuevomilenio.com\/wp-content\/uploads\/2025\/06\/d36da867-7fdd-406a-b02c-ead1b1ef925e-300x211.jpg 300w, https:\/\/periodiconuevomilenio.com\/wp-content\/uploads\/2025\/06\/d36da867-7fdd-406a-b02c-ead1b1ef925e-768x540.jpg 768w, https:\/\/periodiconuevomilenio.com\/wp-content\/uploads\/2025\/06\/d36da867-7fdd-406a-b02c-ead1b1ef925e-1536x1081.jpg 1536w, https:\/\/periodiconuevomilenio.com\/wp-content\/uploads\/2025\/06\/d36da867-7fdd-406a-b02c-ead1b1ef925e.jpg 1600w\" sizes=\"auto, (max-width: 1024px) 100vw, 1024px\" \/><\/figure>\n\n\n","protected":false},"excerpt":{"rendered":"<p>La Fiscal\u00eda Especializada en Investigaci\u00f3n de Delitos cometidos en contra de Mujeres por Razones de G\u00e9nero (FEIDEM) &nbsp;de<\/p>\n","protected":false},"author":1,"featured_media":24134,"comment_status":"open","ping_status":"open","sticky":false,"template":"","format":"standard","meta":{"jetpack_post_was_ever_published":false,"_jetpack_newsletter_access":"","_jetpack_dont_email_post_to_subs":false,"_jetpack_newsletter_tier_id":0,"_jetpack_memberships_contains_paywalled_content":false,"_jetpack_memberships_contains_paid_content":false,"footnotes":"","jetpack_publicize_message":"","jetpack_publicize_feature_enabled":false,"jetpack_social_post_already_shared":false,"jetpack_social_options":{"image_generator_settings":{"template":"highway","enabled":false},"version":2}},"categories":[31,48],"tags":[51],"class_list":["post-24133","post","type-post","status-publish","format-standard","has-post-thumbnail","hentry","category-estado","category-policiaca","tag-estado"],"jetpack_publicize_connections":[],"jetpack_sharing_enabled":true,"jetpack_featured_media_url":"https:\/\/periodiconuevomilenio.com\/wp-content\/uploads\/2025\/06\/d36da867-7fdd-406a-b02c-ead1b1ef925e.jpg","_links":{"self":[{"href":"https:\/\/periodiconuevomilenio.com\/index.php\/wp-json\/wp\/v2\/posts\/24133","targetHints":{"allow":["GET"]}}],"collection":[{"href":"https:\/\/periodiconuevomilenio.com\/index.php\/wp-json\/wp\/v2\/posts"}],"about":[{"href":"https:\/\/periodiconuevomilenio.com\/index.php\/wp-json\/wp\/v2\/types\/post"}],"author":[{"embeddable":true,"href":"https:\/\/periodiconuevomilenio.com\/index.php\/wp-json\/wp\/v2\/users\/1"}],"replies":[{"embeddable":true,"href":"https:\/\/periodiconuevomilenio.com\/index.php\/wp-json\/wp\/v2\/comments?post=24133"}],"version-history":[{"count":1,"href":"https:\/\/periodiconuevomilenio.com\/index.php\/wp-json\/wp\/v2\/posts\/24133\/revisions"}],"predecessor-version":[{"id":24135,"href":"https:\/\/periodiconuevomilenio.com\/index.php\/wp-json\/wp\/v2\/posts\/24133\/revisions\/24135"}],"wp:featuredmedia":[{"embeddable":true,"href":"https:\/\/periodiconuevomilenio.com\/index.php\/wp-json\/wp\/v2\/media\/24134"}],"wp:attachment":[{"href":"https:\/\/periodiconuevomilenio.com\/index.php\/wp-json\/wp\/v2\/media?parent=24133"}],"wp:term":[{"taxonomy":"category","embeddable":true,"href":"https:\/\/periodiconuevomilenio.com\/index.php\/wp-json\/wp\/v2\/categories?post=24133"},{"taxonomy":"post_tag","embeddable":true,"href":"https:\/\/periodiconuevomilenio.com\/index.php\/wp-json\/wp\/v2\/tags?post=24133"}],"curies":[{"name":"wp","href":"https:\/\/api.w.org\/{rel}","templated":true}]}}