{"id":24227,"date":"2025-06-11T20:36:42","date_gmt":"2025-06-12T02:36:42","guid":{"rendered":"https:\/\/periodiconuevomilenio.com\/?p=24227"},"modified":"2025-06-11T20:36:44","modified_gmt":"2025-06-12T02:36:44","slug":"desde-el-senado-miguel-marquez-exige-un-alto-a-la-persecucion-de-migrantes-y-llama-a-un-frente-comun-por-su-defensa","status":"publish","type":"post","link":"https:\/\/periodiconuevomilenio.com\/index.php\/2025\/06\/11\/desde-el-senado-miguel-marquez-exige-un-alto-a-la-persecucion-de-migrantes-y-llama-a-un-frente-comun-por-su-defensa\/","title":{"rendered":"Desde el Senado, Miguel M\u00e1rquez exige un alto a la persecuci\u00f3n de migrantes y llama a un frente com\u00fan por su defensa"},"content":{"rendered":"\n<ul class=\"wp-block-list\">\n<li>El senador comparti\u00f3 su experiencia como migrante y pidi\u00f3 pol\u00edticas humanistas, visas temporales y presupuesto real para consulados.<\/li>\n\n\n\n<li>Denunci\u00f3 el miedo creciente que viven las familias mexicanas en EE.UU. y la amenaza de redadas masivas.<\/li>\n\n\n\n<li>Acci\u00f3n Nacional refrenda su compromiso con la comunidad migrante: \u201cAh\u00ed donde hay un migrante, ah\u00ed est\u00e1 la patria mexicana.\u201d<\/li>\n<\/ul>\n\n\n\n<p>Ciudad de M\u00e9xico, a 11 de junio de 2025. Desde la m\u00e1xima tribuna del Senado de la Rep\u00fablica, el senador por Guanajuato, Miguel M\u00e1rquez M\u00e1rquez, exigi\u00f3 frenar de inmediato la persecuci\u00f3n contra migrantes mexicanos en Estados Unidos y urgi\u00f3 al Gobierno Federal a actuar con altura de miras. \u201cDonde hay un migrante, ah\u00ed est\u00e1 la patria mexicana. Los migrantes no solo cruzan fronteras, tambi\u00e9n construyen naciones\u201d, afirm\u00f3.<\/p>\n\n\n\n<p>El legislador panista tom\u00f3 la palabra como senador, pero tambi\u00e9n como exmigrante. \u201cTrabaj\u00e9 en un establo en California, orde\u00f1ando mil 500 vacas todos los d\u00edas. S\u00e9 de lo que hablo. Lo viv\u00ed. Mi padre fue migrante por 20 a\u00f1os. Tenemos familia migrante, amigos migrantes, por eso estamos aqu\u00ed para defenderlos\u201d, comparti\u00f3.<\/p>\n\n\n\n<p>M\u00e1rquez advirti\u00f3 sobre las recientes protestas en EE.UU. ante el clima de acoso, redadas y amenazas de deportaci\u00f3n masiva, impulsadas por el expresidente Trump. Aclar\u00f3 que Acci\u00f3n Nacional no respalda actos fuera de la ley, pero rechaza la persecuci\u00f3n y la separaci\u00f3n de familias. \u201cYa basta. Se est\u00e1n violando derechos humanos. Necesitamos acciones concretas, no solo discursos.\u201d<\/p>\n\n\n\n<p>El senador propuso una migraci\u00f3n ordenada y segura, con un esquema de visas temporales, respeto a los derechos humanos y atenci\u00f3n real en consulados. \u201cNo puede ser que se les recorte presupuesto a quienes deben defender a nuestros paisanos. Hay que fortalecer los consulados, no debilitarlos\u201d, indic\u00f3.<\/p>\n\n\n\n<p>Tambi\u00e9n llam\u00f3 a una coordinaci\u00f3n efectiva entre gobierno, universidades, iglesias y organizaciones civiles para proteger a los migrantes en barrios donde, dijo, \u201cel miedo ha reemplazado a la esperanza\u201d.<\/p>\n\n\n\n<p>En el plano internacional, M\u00e1rquez plante\u00f3 aprovechar foros multilaterales como el G7 para posicionar el tema migrante, las remesas y los aranceles. \u201cEs la oportunidad de demostrar que M\u00e9xico defiende a sus ciudadanos m\u00e1s all\u00e1 de sus fronteras.\u201d<\/p>\n\n\n\n<p>Durante el debate, aclar\u00f3 que las cifras de deportaciones hist\u00f3ricas no reflejan la actual amenaza. \u201cUna cosa son deportaciones repetidas, otra muy distinta es que toquen tu puerta y te separen de tu hijo para siempre. Esa es la tragedia que debemos evitar.\u201d<\/p>\n\n\n\n<p>Finalmente, pidi\u00f3 dejar atr\u00e1s discusiones partidistas vac\u00edas. \u201cNo se trata de cifras, se trata de familias. Nuestros migrantes son h\u00e9roes mexicanos, pero tambi\u00e9n padres, j\u00f3venes, obreros, jornaleros. Lo han dado todo y hoy no se les puede dar la espalda.\u201d<\/p>\n\n\n\n<p>El senador concluy\u00f3 con un llamado a la unidad nacional: \u201cHagamos un frente com\u00fan. No a la persecuci\u00f3n, no a la discriminaci\u00f3n. Desde aqu\u00ed, cuentan con el respaldo total del Partido Acci\u00f3n Nacional.\u201d.<\/p>\n\n\n\n<figure class=\"wp-block-gallery has-nested-images columns-default is-cropped wp-block-gallery-1 is-layout-flex wp-block-gallery-is-layout-flex\">\n<figure class=\"wp-block-image size-large\"><img loading=\"lazy\" decoding=\"async\" width=\"1024\" height=\"682\" data-id=\"24228\" src=\"https:\/\/periodiconuevomilenio.com\/wp-content\/uploads\/2025\/06\/b3ed7723-84ab-4c55-86f0-c4caa39ec7e7-1024x682.jpg\" alt=\"\" class=\"wp-image-24228\" srcset=\"https:\/\/periodiconuevomilenio.com\/wp-content\/uploads\/2025\/06\/b3ed7723-84ab-4c55-86f0-c4caa39ec7e7-1024x682.jpg 1024w, https:\/\/periodiconuevomilenio.com\/wp-content\/uploads\/2025\/06\/b3ed7723-84ab-4c55-86f0-c4caa39ec7e7-300x200.jpg 300w, https:\/\/periodiconuevomilenio.com\/wp-content\/uploads\/2025\/06\/b3ed7723-84ab-4c55-86f0-c4caa39ec7e7-768x512.jpg 768w, https:\/\/periodiconuevomilenio.com\/wp-content\/uploads\/2025\/06\/b3ed7723-84ab-4c55-86f0-c4caa39ec7e7-1536x1023.jpg 1536w, https:\/\/periodiconuevomilenio.com\/wp-content\/uploads\/2025\/06\/b3ed7723-84ab-4c55-86f0-c4caa39ec7e7.jpg 1600w\" sizes=\"auto, (max-width: 1024px) 100vw, 1024px\" \/><\/figure>\n\n\n\n<figure class=\"wp-block-image size-large\"><img loading=\"lazy\" decoding=\"async\" width=\"682\" height=\"1024\" data-id=\"24229\" src=\"https:\/\/periodiconuevomilenio.com\/wp-content\/uploads\/2025\/06\/a355871c-0123-4856-9cb1-210ea81deac7-682x1024.jpg\" alt=\"\" class=\"wp-image-24229\" srcset=\"https:\/\/periodiconuevomilenio.com\/wp-content\/uploads\/2025\/06\/a355871c-0123-4856-9cb1-210ea81deac7-682x1024.jpg 682w, https:\/\/periodiconuevomilenio.com\/wp-content\/uploads\/2025\/06\/a355871c-0123-4856-9cb1-210ea81deac7-200x300.jpg 200w, https:\/\/periodiconuevomilenio.com\/wp-content\/uploads\/2025\/06\/a355871c-0123-4856-9cb1-210ea81deac7-768x1153.jpg 768w, https:\/\/periodiconuevomilenio.com\/wp-content\/uploads\/2025\/06\/a355871c-0123-4856-9cb1-210ea81deac7-1023x1536.jpg 1023w, https:\/\/periodiconuevomilenio.com\/wp-content\/uploads\/2025\/06\/a355871c-0123-4856-9cb1-210ea81deac7-1024x1537.jpg 1024w, https:\/\/periodiconuevomilenio.com\/wp-content\/uploads\/2025\/06\/a355871c-0123-4856-9cb1-210ea81deac7.jpg 1066w\" sizes=\"auto, (max-width: 682px) 100vw, 682px\" \/><\/figure>\n<\/figure>\n\n\n","protected":false},"excerpt":{"rendered":"<p>Ciudad de M\u00e9xico, a 11 de junio de 2025. Desde la m\u00e1xima tribuna del Senado de la Rep\u00fablica,<\/p>\n","protected":false},"author":1,"featured_media":24229,"comment_status":"open","ping_status":"open","sticky":false,"template":"","format":"standard","meta":{"jetpack_post_was_ever_published":false,"_jetpack_newsletter_access":"","_jetpack_dont_email_post_to_subs":false,"_jetpack_newsletter_tier_id":0,"_jetpack_memberships_contains_paywalled_content":false,"_jetpack_memberships_contains_paid_content":false,"footnotes":"","jetpack_publicize_message":"","jetpack_publicize_feature_enabled":false,"jetpack_social_post_already_shared":false,"jetpack_social_options":{"image_generator_settings":{"template":"highway","enabled":false},"version":2}},"categories":[31,46,47],"tags":[51],"class_list":["post-24227","post","type-post","status-publish","format-standard","has-post-thumbnail","hentry","category-estado","category-internacional","category-nacional","tag-estado"],"jetpack_publicize_connections":[],"jetpack_sharing_enabled":true,"jetpack_featured_media_url":"https:\/\/periodiconuevomilenio.com\/wp-content\/uploads\/2025\/06\/a355871c-0123-4856-9cb1-210ea81deac7.jpg","_links":{"self":[{"href":"https:\/\/periodiconuevomilenio.com\/index.php\/wp-json\/wp\/v2\/posts\/24227","targetHints":{"allow":["GET"]}}],"collection":[{"href":"https:\/\/periodiconuevomilenio.com\/index.php\/wp-json\/wp\/v2\/posts"}],"about":[{"href":"https:\/\/periodiconuevomilenio.com\/index.php\/wp-json\/wp\/v2\/types\/post"}],"author":[{"embeddable":true,"href":"https:\/\/periodiconuevomilenio.com\/index.php\/wp-json\/wp\/v2\/users\/1"}],"replies":[{"embeddable":true,"href":"https:\/\/periodiconuevomilenio.com\/index.php\/wp-json\/wp\/v2\/comments?post=24227"}],"version-history":[{"count":1,"href":"https:\/\/periodiconuevomilenio.com\/index.php\/wp-json\/wp\/v2\/posts\/24227\/revisions"}],"predecessor-version":[{"id":24230,"href":"https:\/\/periodiconuevomilenio.com\/index.php\/wp-json\/wp\/v2\/posts\/24227\/revisions\/24230"}],"wp:featuredmedia":[{"embeddable":true,"href":"https:\/\/periodiconuevomilenio.com\/index.php\/wp-json\/wp\/v2\/media\/24229"}],"wp:attachment":[{"href":"https:\/\/periodiconuevomilenio.com\/index.php\/wp-json\/wp\/v2\/media?parent=24227"}],"wp:term":[{"taxonomy":"category","embeddable":true,"href":"https:\/\/periodiconuevomilenio.com\/index.php\/wp-json\/wp\/v2\/categories?post=24227"},{"taxonomy":"post_tag","embeddable":true,"href":"https:\/\/periodiconuevomilenio.com\/index.php\/wp-json\/wp\/v2\/tags?post=24227"}],"curies":[{"name":"wp","href":"https:\/\/api.w.org\/{rel}","templated":true}]}}