{"id":24264,"date":"2025-06-12T10:24:54","date_gmt":"2025-06-12T16:24:54","guid":{"rendered":"https:\/\/periodiconuevomilenio.com\/?p=24264"},"modified":"2025-06-12T10:24:57","modified_gmt":"2025-06-12T16:24:57","slug":"preocupa-las-redadas-de-migrantes-en-los-estados-unidos","status":"publish","type":"post","link":"https:\/\/periodiconuevomilenio.com\/index.php\/2025\/06\/12\/preocupa-las-redadas-de-migrantes-en-los-estados-unidos\/","title":{"rendered":"Preocupa las redadas de Migrantes \u00a0en los Estados Unidos"},"content":{"rendered":"\n<p>La situaci\u00f3n con las redadas es preocupante y lo veo como una campa\u00f1a para meter miedo entre la poblaci\u00f3n migrante, desgraciadamente a los migrantes solo nos siguen viendo como emisores de remesas y hay abandono por parte del Gobierno Federal y Estatal. Dijo en entrevista telef\u00f3nica Enoc Ishida Presidente de Alianza de Emigrados Jaralenses \/<\/p>\n\n\n\n<p>Relaciones P\u00fablicas de Casa Guanajuato Dallas.<\/p>\n\n\n\n<p>&nbsp;Resalto que Los Consulados no pueden dar abasto a la atenci\u00f3n, esto siempre se ha recalcado.<\/p>\n\n\n\n<p>Los legisladores migrantes federales si bien est\u00e1n en comunicaci\u00f3n no han tenido resultados efectivos m\u00e1s que de gesti\u00f3n, casos particulares que han sido de su atenci\u00f3n se han resuelto.<\/p>\n\n\n\n<p>A nivel Estatal se ha publicitado las 4 oficinas de atenci\u00f3n que cuenta el Estad, pero igual no es suficiente.<\/p>\n\n\n\n<p>La diputada migrante Yesenia ha estado en el coraz\u00f3n de las redadas, le toc\u00f3 recibir gases lacrim\u00f3geno, empujones, pasaron las balas de goma cerca de Ella y le aplaudimos su gran valor para entrar hasta esa zona donde inici\u00f3 el conflicto del \u00e1rea de Los \u00c1ngeles.<\/p>\n\n\n\n<p>Sin embargo el trabajo legislativo en mi opini\u00f3n ha quedado corto, veo iniciativas mal&nbsp; planeadas, la \u00faltima un Premio Estatal a los Migrantes, no necesitamos premios, necesitamos acciones, un peque\u00f1o ejemplo es el tr\u00e1mite de doble ciudadan\u00eda para los hijos de los deportados.<\/p>\n\n\n\n<p>Te doy el caso de una se\u00f1ora de la comunidad de El Tecolote, le negaron atenci\u00f3n de vacunas en CAISES&nbsp; porque su hijo no ten\u00eda acta mexicana, se tuvo que gestionar para hacerles ver que no pueden hacer eso y recibi\u00f3 la atenci\u00f3n, para ella poder hacer el tr\u00e1mite de la doble ciudadan\u00eda, tiene que tener una apostilla y ese tr\u00e1mite solo se puede hacer en persona en Estados Unidos, aparte traducir el acta con un perito autorizado.<\/p>\n\n\n\n<p>En este caso personalmente me llev\u00e9 su acta y se la acabo de mandar apostillada para que contin\u00fae su tr\u00e1mite, resulta que los legisladores federales ya dispensaron el requisito de la apostilla en la ley federal, pero los Estados tienen hasta el 2027 para homologar la ley, Tlaxcala es el \u00fanico Estado que lo ha hecho y ya no pide apostilla, ah\u00ed est\u00e1 la chamba que deben de hacer los legisladores, meter la iniciativa para homologar esta ley, iniciativas para cambiar reglamentos por ejemplo que la renovaci\u00f3n de licencias de manejo los migrantes la puedan hacer en l\u00ednea, correcciones de actas de nacimiento, acciones que ayudan a los migrantes indocumentados&nbsp; a tener una identidad y evitar una posible deportaci\u00f3n.<\/p>\n\n\n\n<p>Hay una iniciativa para ventanillas digitales&nbsp; donde se pretende realizar estos servicios, pero deber\u00eda de hacerse bien planeada, desde La simplificaci\u00f3n de los tr\u00e1mites hasta cambios en los reglamentos para facilitar el tr\u00e1mite a los migrantes, no necesitamos premios necesitamos acciones.<\/p>\n\n\n\n<p>Les pido a mis paisanos que est\u00e9n preparados para lo peor, que sus hijos tengan la doble ciudadan\u00eda, que haya una carta de custodia para los menores de edad y no los manden a custodia del Estado en caso de deportaci\u00f3n, tengan un plan de contingencia y carguen una tarjeta de derechos en caso de encontrarse con ICE, sobre todo registren a sus hijos para votar, en las elecciones intermedias se le puede quitar el poder absoluto al presidente y frenar esta campa\u00f1a de odio y divisionismo.<\/p>\n\n\n\n<figure class=\"wp-block-image size-full\"><img loading=\"lazy\" decoding=\"async\" width=\"857\" height=\"785\" src=\"https:\/\/periodiconuevomilenio.com\/wp-content\/uploads\/2025\/06\/574f7213-e291-4579-8a9f-14abe7937c67.jpg\" alt=\"\" class=\"wp-image-24265\" srcset=\"https:\/\/periodiconuevomilenio.com\/wp-content\/uploads\/2025\/06\/574f7213-e291-4579-8a9f-14abe7937c67.jpg 857w, https:\/\/periodiconuevomilenio.com\/wp-content\/uploads\/2025\/06\/574f7213-e291-4579-8a9f-14abe7937c67-300x275.jpg 300w, https:\/\/periodiconuevomilenio.com\/wp-content\/uploads\/2025\/06\/574f7213-e291-4579-8a9f-14abe7937c67-768x703.jpg 768w\" sizes=\"auto, (max-width: 857px) 100vw, 857px\" \/><\/figure>\n\n\n","protected":false},"excerpt":{"rendered":"<p>La situaci\u00f3n con las redadas es preocupante y lo veo como una campa\u00f1a para meter miedo entre la<\/p>\n","protected":false},"author":1,"featured_media":24265,"comment_status":"open","ping_status":"open","sticky":false,"template":"","format":"standard","meta":{"jetpack_post_was_ever_published":false,"_jetpack_newsletter_access":"","_jetpack_dont_email_post_to_subs":false,"_jetpack_newsletter_tier_id":0,"_jetpack_memberships_contains_paywalled_content":false,"_jetpack_memberships_contains_paid_content":false,"footnotes":"","jetpack_publicize_message":"","jetpack_publicize_feature_enabled":false,"jetpack_social_post_already_shared":false,"jetpack_social_options":{"image_generator_settings":{"template":"highway","enabled":false},"version":2}},"categories":[31,46,47],"tags":[51],"class_list":["post-24264","post","type-post","status-publish","format-standard","has-post-thumbnail","hentry","category-estado","category-internacional","category-nacional","tag-estado"],"jetpack_publicize_connections":[],"jetpack_sharing_enabled":true,"jetpack_featured_media_url":"https:\/\/periodiconuevomilenio.com\/wp-content\/uploads\/2025\/06\/574f7213-e291-4579-8a9f-14abe7937c67.jpg","_links":{"self":[{"href":"https:\/\/periodiconuevomilenio.com\/index.php\/wp-json\/wp\/v2\/posts\/24264","targetHints":{"allow":["GET"]}}],"collection":[{"href":"https:\/\/periodiconuevomilenio.com\/index.php\/wp-json\/wp\/v2\/posts"}],"about":[{"href":"https:\/\/periodiconuevomilenio.com\/index.php\/wp-json\/wp\/v2\/types\/post"}],"author":[{"embeddable":true,"href":"https:\/\/periodiconuevomilenio.com\/index.php\/wp-json\/wp\/v2\/users\/1"}],"replies":[{"embeddable":true,"href":"https:\/\/periodiconuevomilenio.com\/index.php\/wp-json\/wp\/v2\/comments?post=24264"}],"version-history":[{"count":1,"href":"https:\/\/periodiconuevomilenio.com\/index.php\/wp-json\/wp\/v2\/posts\/24264\/revisions"}],"predecessor-version":[{"id":24266,"href":"https:\/\/periodiconuevomilenio.com\/index.php\/wp-json\/wp\/v2\/posts\/24264\/revisions\/24266"}],"wp:featuredmedia":[{"embeddable":true,"href":"https:\/\/periodiconuevomilenio.com\/index.php\/wp-json\/wp\/v2\/media\/24265"}],"wp:attachment":[{"href":"https:\/\/periodiconuevomilenio.com\/index.php\/wp-json\/wp\/v2\/media?parent=24264"}],"wp:term":[{"taxonomy":"category","embeddable":true,"href":"https:\/\/periodiconuevomilenio.com\/index.php\/wp-json\/wp\/v2\/categories?post=24264"},{"taxonomy":"post_tag","embeddable":true,"href":"https:\/\/periodiconuevomilenio.com\/index.php\/wp-json\/wp\/v2\/tags?post=24264"}],"curies":[{"name":"wp","href":"https:\/\/api.w.org\/{rel}","templated":true}]}}