{"id":24303,"date":"2025-06-12T17:23:08","date_gmt":"2025-06-12T23:23:08","guid":{"rendered":"https:\/\/periodiconuevomilenio.com\/?p=24303"},"modified":"2025-06-12T17:23:10","modified_gmt":"2025-06-12T23:23:10","slug":"capacitan-a-funcionarios-en-materia-de-inclusion","status":"publish","type":"post","link":"https:\/\/periodiconuevomilenio.com\/index.php\/2025\/06\/12\/capacitan-a-funcionarios-en-materia-de-inclusion\/","title":{"rendered":"CAPACITAN A FUNCIONARIOS EN MATERIA DE INCLUSI\u00d3N"},"content":{"rendered":"\n<ul class=\"wp-block-list\">\n<li><strong>Se analiz\u00f3 el marco conceptual para diferenciar la orientaci\u00f3n sexual, identidad y expresi\u00f3n de g\u00e9nero.<\/strong><\/li>\n<\/ul>\n\n\n\n<p><strong>&nbsp;&nbsp;&nbsp;&nbsp;&nbsp;&nbsp;&nbsp;&nbsp;&nbsp;&nbsp;&nbsp; Valle de Santiago, Gto., a 12 de junio 2025<\/strong>.- Funcionarios municipales recibieron capacitaci\u00f3n en materia de gesti\u00f3n administrativa con perspectiva de diversidad sexual y de g\u00e9nero, a trav\u00e9s de la Subsecretar\u00eda de Diversidad Sexual y de G\u00e9nero, de la Secretar\u00eda de Derechos Humanos.<\/p>\n\n\n\n<p>&nbsp;&nbsp;&nbsp;&nbsp;&nbsp;&nbsp;&nbsp;&nbsp;&nbsp;&nbsp;&nbsp; La Unidad de Inclusi\u00f3n gestion\u00f3 dicha capacitaci\u00f3n ante la dependencia estatal, la cual fue dirigido a regidores y directores generales con el objetivo de sensibilizar el quehacer gubernamental en la creaci\u00f3n de pol\u00edticas p\u00fablicas dirigidas a las poblaciones de la diversidad sexual y de g\u00e9nero en el municipio.\u2028<\/p>\n\n\n\n<p>De acuerdo a estad\u00edsticas presentadas por la dependencia estatal, en Valle de Santiago existe un 3.6% de la poblaci\u00f3n total que se autoidentifican con las poblaciones LGBTI+.<\/p>\n\n\n\n<p>&nbsp;&nbsp;&nbsp;&nbsp;&nbsp;&nbsp;&nbsp;&nbsp;&nbsp;&nbsp;&nbsp; Conocieron herramientas que ayudar\u00e1n al Ayuntamiento a trabajar de manera incluyentes en los programas como educaci\u00f3n, seguridad, salud y trabajo as\u00ed elevar la calidad de vida de las poblaciones de la diversidad sexual y de g\u00e9nero.&nbsp;<\/p>\n\n\n\n<p>&nbsp; &nbsp;&nbsp;&nbsp;&nbsp;&nbsp;&nbsp;&nbsp;&nbsp;&nbsp; Adem\u00e1s, durante la capacitaci\u00f3n se dieron a conocer datos hist\u00f3ricos de los movimientos LBGTI+ a lo largo de d\u00e9cadas, as\u00ed como personajes importantes que apoyaron y aportaron ideales en dicho tema.&nbsp; &nbsp;&nbsp;&nbsp;&nbsp;&nbsp;&nbsp;&nbsp; Los servidores p\u00fablicos analizaron el marco conceptual para diferenciar la orientaci\u00f3n sexual, identidad y expresi\u00f3n de g\u00e9nero.<\/p>\n\n\n\n<p>&nbsp;&nbsp;&nbsp;&nbsp;&nbsp;&nbsp;&nbsp;&nbsp;&nbsp;&nbsp;&nbsp; Con estas acciones, la Administraci\u00f3n P\u00fablica Municipal trabaja de manera puntual en la capacitaci\u00f3n y trabajo en pol\u00edticas p\u00fablicas para que las poblaciones de la diversidad sexual y de g\u00e9nero tengan igualdad de oportunidades, con un trabajo gubernamental transversal.<\/p>\n\n\n\n<figure class=\"wp-block-gallery has-nested-images columns-default is-cropped wp-block-gallery-1 is-layout-flex wp-block-gallery-is-layout-flex\">\n<figure class=\"wp-block-image size-large\"><img loading=\"lazy\" decoding=\"async\" width=\"1024\" height=\"420\" data-id=\"24304\" src=\"https:\/\/periodiconuevomilenio.com\/wp-content\/uploads\/2025\/06\/6a322397-79be-47a3-bfa6-376ca0105c22-1024x420.jpg\" alt=\"\" class=\"wp-image-24304\" srcset=\"https:\/\/periodiconuevomilenio.com\/wp-content\/uploads\/2025\/06\/6a322397-79be-47a3-bfa6-376ca0105c22-1024x420.jpg 1024w, https:\/\/periodiconuevomilenio.com\/wp-content\/uploads\/2025\/06\/6a322397-79be-47a3-bfa6-376ca0105c22-300x123.jpg 300w, https:\/\/periodiconuevomilenio.com\/wp-content\/uploads\/2025\/06\/6a322397-79be-47a3-bfa6-376ca0105c22-768x315.jpg 768w, https:\/\/periodiconuevomilenio.com\/wp-content\/uploads\/2025\/06\/6a322397-79be-47a3-bfa6-376ca0105c22.jpg 1280w\" sizes=\"auto, (max-width: 1024px) 100vw, 1024px\" \/><\/figure>\n\n\n\n<figure class=\"wp-block-image size-large\"><img loading=\"lazy\" decoding=\"async\" width=\"1024\" height=\"768\" data-id=\"24307\" src=\"https:\/\/periodiconuevomilenio.com\/wp-content\/uploads\/2025\/06\/2094e839-bb2b-4e14-bd1f-926c1b4fbeb0-1024x768.jpg\" alt=\"\" class=\"wp-image-24307\" srcset=\"https:\/\/periodiconuevomilenio.com\/wp-content\/uploads\/2025\/06\/2094e839-bb2b-4e14-bd1f-926c1b4fbeb0-1024x768.jpg 1024w, https:\/\/periodiconuevomilenio.com\/wp-content\/uploads\/2025\/06\/2094e839-bb2b-4e14-bd1f-926c1b4fbeb0-300x225.jpg 300w, https:\/\/periodiconuevomilenio.com\/wp-content\/uploads\/2025\/06\/2094e839-bb2b-4e14-bd1f-926c1b4fbeb0-768x576.jpg 768w, https:\/\/periodiconuevomilenio.com\/wp-content\/uploads\/2025\/06\/2094e839-bb2b-4e14-bd1f-926c1b4fbeb0.jpg 1280w\" sizes=\"auto, (max-width: 1024px) 100vw, 1024px\" \/><\/figure>\n\n\n\n<figure class=\"wp-block-image size-large\"><img loading=\"lazy\" decoding=\"async\" width=\"1024\" height=\"546\" data-id=\"24305\" src=\"https:\/\/periodiconuevomilenio.com\/wp-content\/uploads\/2025\/06\/a05ac9d1-8d09-49b3-8a52-5f1c97b14c38-1024x546.jpg\" alt=\"\" class=\"wp-image-24305\" srcset=\"https:\/\/periodiconuevomilenio.com\/wp-content\/uploads\/2025\/06\/a05ac9d1-8d09-49b3-8a52-5f1c97b14c38-1024x546.jpg 1024w, https:\/\/periodiconuevomilenio.com\/wp-content\/uploads\/2025\/06\/a05ac9d1-8d09-49b3-8a52-5f1c97b14c38-300x160.jpg 300w, https:\/\/periodiconuevomilenio.com\/wp-content\/uploads\/2025\/06\/a05ac9d1-8d09-49b3-8a52-5f1c97b14c38-768x410.jpg 768w, https:\/\/periodiconuevomilenio.com\/wp-content\/uploads\/2025\/06\/a05ac9d1-8d09-49b3-8a52-5f1c97b14c38.jpg 1280w\" sizes=\"auto, (max-width: 1024px) 100vw, 1024px\" \/><\/figure>\n\n\n\n<figure class=\"wp-block-image size-large\"><img loading=\"lazy\" decoding=\"async\" width=\"1024\" height=\"768\" data-id=\"24306\" src=\"https:\/\/periodiconuevomilenio.com\/wp-content\/uploads\/2025\/06\/c70de7f0-15a7-4efe-ae89-3bb4cb638fbb-1024x768.jpg\" alt=\"\" class=\"wp-image-24306\" srcset=\"https:\/\/periodiconuevomilenio.com\/wp-content\/uploads\/2025\/06\/c70de7f0-15a7-4efe-ae89-3bb4cb638fbb-1024x768.jpg 1024w, https:\/\/periodiconuevomilenio.com\/wp-content\/uploads\/2025\/06\/c70de7f0-15a7-4efe-ae89-3bb4cb638fbb-300x225.jpg 300w, https:\/\/periodiconuevomilenio.com\/wp-content\/uploads\/2025\/06\/c70de7f0-15a7-4efe-ae89-3bb4cb638fbb-768x576.jpg 768w, https:\/\/periodiconuevomilenio.com\/wp-content\/uploads\/2025\/06\/c70de7f0-15a7-4efe-ae89-3bb4cb638fbb.jpg 1280w\" sizes=\"auto, (max-width: 1024px) 100vw, 1024px\" \/><\/figure>\n<\/figure>\n\n\n","protected":false},"excerpt":{"rendered":"<p>&nbsp;&nbsp;&nbsp;&nbsp;&nbsp;&nbsp;&nbsp;&nbsp;&nbsp;&nbsp;&nbsp; Valle de Santiago, Gto., a 12 de junio 2025.- Funcionarios municipales recibieron capacitaci\u00f3n en materia de gesti\u00f3n<\/p>\n","protected":false},"author":1,"featured_media":24306,"comment_status":"open","ping_status":"open","sticky":false,"template":"","format":"standard","meta":{"jetpack_post_was_ever_published":false,"_jetpack_newsletter_access":"","_jetpack_dont_email_post_to_subs":false,"_jetpack_newsletter_tier_id":0,"_jetpack_memberships_contains_paywalled_content":false,"_jetpack_memberships_contains_paid_content":false,"footnotes":"","jetpack_publicize_message":"","jetpack_publicize_feature_enabled":false,"jetpack_social_post_already_shared":false,"jetpack_social_options":{"image_generator_settings":{"template":"highway","enabled":false},"version":2}},"categories":[39],"tags":[22],"class_list":["post-24303","post","type-post","status-publish","format-standard","has-post-thumbnail","hentry","category-valle-de-santiago","tag-valle"],"jetpack_publicize_connections":[],"jetpack_sharing_enabled":true,"jetpack_featured_media_url":"https:\/\/periodiconuevomilenio.com\/wp-content\/uploads\/2025\/06\/c70de7f0-15a7-4efe-ae89-3bb4cb638fbb.jpg","_links":{"self":[{"href":"https:\/\/periodiconuevomilenio.com\/index.php\/wp-json\/wp\/v2\/posts\/24303","targetHints":{"allow":["GET"]}}],"collection":[{"href":"https:\/\/periodiconuevomilenio.com\/index.php\/wp-json\/wp\/v2\/posts"}],"about":[{"href":"https:\/\/periodiconuevomilenio.com\/index.php\/wp-json\/wp\/v2\/types\/post"}],"author":[{"embeddable":true,"href":"https:\/\/periodiconuevomilenio.com\/index.php\/wp-json\/wp\/v2\/users\/1"}],"replies":[{"embeddable":true,"href":"https:\/\/periodiconuevomilenio.com\/index.php\/wp-json\/wp\/v2\/comments?post=24303"}],"version-history":[{"count":1,"href":"https:\/\/periodiconuevomilenio.com\/index.php\/wp-json\/wp\/v2\/posts\/24303\/revisions"}],"predecessor-version":[{"id":24308,"href":"https:\/\/periodiconuevomilenio.com\/index.php\/wp-json\/wp\/v2\/posts\/24303\/revisions\/24308"}],"wp:featuredmedia":[{"embeddable":true,"href":"https:\/\/periodiconuevomilenio.com\/index.php\/wp-json\/wp\/v2\/media\/24306"}],"wp:attachment":[{"href":"https:\/\/periodiconuevomilenio.com\/index.php\/wp-json\/wp\/v2\/media?parent=24303"}],"wp:term":[{"taxonomy":"category","embeddable":true,"href":"https:\/\/periodiconuevomilenio.com\/index.php\/wp-json\/wp\/v2\/categories?post=24303"},{"taxonomy":"post_tag","embeddable":true,"href":"https:\/\/periodiconuevomilenio.com\/index.php\/wp-json\/wp\/v2\/tags?post=24303"}],"curies":[{"name":"wp","href":"https:\/\/api.w.org\/{rel}","templated":true}]}}