{"id":2434,"date":"2023-04-19T21:43:42","date_gmt":"2023-04-20T03:43:42","guid":{"rendered":"https:\/\/periodiconuevomilenio.com\/?p=2434"},"modified":"2023-04-19T21:43:43","modified_gmt":"2023-04-20T03:43:43","slug":"efectivos-de-las-fspe-detienen-en-valle-de-santiago-a-un-hombre-luego-de-ser-senalado-como-presunto-responsable-de-robar-y-herir-con-de-arma-de-fuego-a-otra-persona","status":"publish","type":"post","link":"https:\/\/periodiconuevomilenio.com\/index.php\/2023\/04\/19\/efectivos-de-las-fspe-detienen-en-valle-de-santiago-a-un-hombre-luego-de-ser-senalado-como-presunto-responsable-de-robar-y-herir-con-de-arma-de-fuego-a-otra-persona\/","title":{"rendered":"Efectivos de las FSPE detienen en Valle de Santiago a un hombre, luego de ser se\u00f1alado como presunto responsable de robar y herir con de arma de fuego a otra persona."},"content":{"rendered":"\n<p><strong>Valle de Santiago, Gto., 19 de abril de 2023.-<\/strong> Elementos de las Fuerzas de Seguridad P\u00fablica del Estado (FSPE), lograron asegurar en este municipio, a un sujeto que fue se\u00f1alado por presuntamente lesionar con disparos de arma de fuego a un hombre, adem\u00e1s de despojarlo de dinero en efectivo.<\/p>\n\n\n\n<p>El hecho ocurri\u00f3 mientras personal de las FSPE realizaba labores de vigilancia en las inmediaciones de la comunidad Puerta de San Roque. Ah\u00ed, elementos de la Divisi\u00f3n de la Polic\u00eda de Operaciones, recibieron el llamado de auxilio de varias personas que manten\u00edan cercado a un hombre, quien presuntamente hab\u00eda robado en un negocio de dicha comunidad.<\/p>\n\n\n\n<p>Al hacerse cargo de la situaci\u00f3n los efectivos de las FSPE se entrevistaron con los pobladores, quienes refirieron que el ahora detenido, poco antes hab\u00eda lesionado con disparos de arma de fuego a un hombre para despojarlo de la cantidad de 3 mil 500 pesos de dinero en efectivo.<\/p>\n\n\n\n<p>Dicha persona, al momento de la detenci\u00f3n dijo ser menor de edad pero sin poder acreditarlo en ese sitio. Adem\u00e1s, tripulaba una motocicleta marca Honda, modelo XR150, color negra, sin tablillas de circulaci\u00f3n, la cual al ser verificada en el Sistema Estatal C5i, arroj\u00f3 que presentaba reporte de robo en d\u00edas pasados.<\/p>\n\n\n\n<p>Por tal motivo, el detenido, el arma de fuego y la motocicleta, fueron puestas a disposici\u00f3n de la autoridad competente.<\/p>\n\n\n\n<figure class=\"wp-block-gallery has-nested-images columns-default is-cropped wp-block-gallery-1 is-layout-flex wp-block-gallery-is-layout-flex\">\n<figure class=\"wp-block-image size-large\"><img loading=\"lazy\" decoding=\"async\" width=\"655\" height=\"715\" data-id=\"2437\" src=\"https:\/\/periodiconuevomilenio.com\/wp-content\/uploads\/2023\/04\/VALLENSE-1.png\" alt=\"\" class=\"wp-image-2437\" srcset=\"https:\/\/periodiconuevomilenio.com\/wp-content\/uploads\/2023\/04\/VALLENSE-1.png 655w, https:\/\/periodiconuevomilenio.com\/wp-content\/uploads\/2023\/04\/VALLENSE-1-275x300.png 275w\" sizes=\"auto, (max-width: 655px) 100vw, 655px\" \/><\/figure>\n\n\n\n<figure class=\"wp-block-image size-large\"><img loading=\"lazy\" decoding=\"async\" width=\"904\" height=\"599\" data-id=\"2435\" src=\"https:\/\/periodiconuevomilenio.com\/wp-content\/uploads\/2023\/04\/VALLENSE-2.jpg\" alt=\"\" class=\"wp-image-2435\" srcset=\"https:\/\/periodiconuevomilenio.com\/wp-content\/uploads\/2023\/04\/VALLENSE-2.jpg 904w, https:\/\/periodiconuevomilenio.com\/wp-content\/uploads\/2023\/04\/VALLENSE-2-300x199.jpg 300w, https:\/\/periodiconuevomilenio.com\/wp-content\/uploads\/2023\/04\/VALLENSE-2-768x509.jpg 768w\" sizes=\"auto, (max-width: 904px) 100vw, 904px\" \/><\/figure>\n\n\n\n<figure class=\"wp-block-image size-large\"><img loading=\"lazy\" decoding=\"async\" width=\"865\" height=\"814\" data-id=\"2436\" src=\"https:\/\/periodiconuevomilenio.com\/wp-content\/uploads\/2023\/04\/VALLENSE.jpg\" alt=\"\" class=\"wp-image-2436\" srcset=\"https:\/\/periodiconuevomilenio.com\/wp-content\/uploads\/2023\/04\/VALLENSE.jpg 865w, https:\/\/periodiconuevomilenio.com\/wp-content\/uploads\/2023\/04\/VALLENSE-300x282.jpg 300w, https:\/\/periodiconuevomilenio.com\/wp-content\/uploads\/2023\/04\/VALLENSE-768x723.jpg 768w\" sizes=\"auto, (max-width: 865px) 100vw, 865px\" \/><\/figure>\n<\/figure>\n","protected":false},"excerpt":{"rendered":"<p>Valle de Santiago, Gto., 19 de abril de 2023.- Elementos de las Fuerzas de Seguridad P\u00fablica del Estado<\/p>\n","protected":false},"author":1,"featured_media":2436,"comment_status":"open","ping_status":"open","sticky":false,"template":"","format":"standard","meta":{"jetpack_post_was_ever_published":false,"_jetpack_newsletter_access":"","_jetpack_dont_email_post_to_subs":false,"_jetpack_newsletter_tier_id":0,"_jetpack_memberships_contains_paywalled_content":false,"_jetpack_memberships_contains_paid_content":false,"footnotes":"","jetpack_publicize_message":"","jetpack_publicize_feature_enabled":false,"jetpack_social_post_already_shared":false,"jetpack_social_options":{"image_generator_settings":{"template":"highway","enabled":false},"version":2}},"categories":[48,39],"tags":[22],"class_list":["post-2434","post","type-post","status-publish","format-standard","has-post-thumbnail","hentry","category-policiaca","category-valle-de-santiago","tag-valle"],"jetpack_publicize_connections":[],"jetpack_sharing_enabled":true,"jetpack_featured_media_url":"https:\/\/periodiconuevomilenio.com\/wp-content\/uploads\/2023\/04\/VALLENSE.jpg","_links":{"self":[{"href":"https:\/\/periodiconuevomilenio.com\/index.php\/wp-json\/wp\/v2\/posts\/2434","targetHints":{"allow":["GET"]}}],"collection":[{"href":"https:\/\/periodiconuevomilenio.com\/index.php\/wp-json\/wp\/v2\/posts"}],"about":[{"href":"https:\/\/periodiconuevomilenio.com\/index.php\/wp-json\/wp\/v2\/types\/post"}],"author":[{"embeddable":true,"href":"https:\/\/periodiconuevomilenio.com\/index.php\/wp-json\/wp\/v2\/users\/1"}],"replies":[{"embeddable":true,"href":"https:\/\/periodiconuevomilenio.com\/index.php\/wp-json\/wp\/v2\/comments?post=2434"}],"version-history":[{"count":1,"href":"https:\/\/periodiconuevomilenio.com\/index.php\/wp-json\/wp\/v2\/posts\/2434\/revisions"}],"predecessor-version":[{"id":2438,"href":"https:\/\/periodiconuevomilenio.com\/index.php\/wp-json\/wp\/v2\/posts\/2434\/revisions\/2438"}],"wp:featuredmedia":[{"embeddable":true,"href":"https:\/\/periodiconuevomilenio.com\/index.php\/wp-json\/wp\/v2\/media\/2436"}],"wp:attachment":[{"href":"https:\/\/periodiconuevomilenio.com\/index.php\/wp-json\/wp\/v2\/media?parent=2434"}],"wp:term":[{"taxonomy":"category","embeddable":true,"href":"https:\/\/periodiconuevomilenio.com\/index.php\/wp-json\/wp\/v2\/categories?post=2434"},{"taxonomy":"post_tag","embeddable":true,"href":"https:\/\/periodiconuevomilenio.com\/index.php\/wp-json\/wp\/v2\/tags?post=2434"}],"curies":[{"name":"wp","href":"https:\/\/api.w.org\/{rel}","templated":true}]}}