{"id":2476,"date":"2023-04-20T21:27:59","date_gmt":"2023-04-21T03:27:59","guid":{"rendered":"https:\/\/periodiconuevomilenio.com\/?p=2476"},"modified":"2023-04-20T21:28:01","modified_gmt":"2023-04-21T03:28:01","slug":"delegado-de-la-region-vi-toma-protesta-como-integrante-de-la-comision-municipal-de-prevencion-social","status":"publish","type":"post","link":"https:\/\/periodiconuevomilenio.com\/index.php\/2023\/04\/20\/delegado-de-la-region-vi-toma-protesta-como-integrante-de-la-comision-municipal-de-prevencion-social\/","title":{"rendered":"Delegado de la Regi\u00f3n VI toma protesta como integrante de la Comisi\u00f3n Municipal de Prevenci\u00f3n Social"},"content":{"rendered":"\n<ul class=\"wp-block-list\">\n<li><strong>Se refuerzan las estrategias de prevenci\u00f3n en las escuelas.<\/strong><\/li>\n<\/ul>\n\n\n\n<p><strong>Abasolo, Gto. 20 de abril de 2023.-&nbsp;<\/strong>El Delegado de la Regi\u00f3n VI, Anselmo Conejo Cornejo, tom\u00f3 protesta como integrante de la Comisi\u00f3n de Prevenci\u00f3n Social de este municipio, con lo que a partir de este momento tendr\u00e1 voz y voto dentro de los trabajos y compromisos que se tomen al interior de este \u00f3rgano, en beneficio de la educaci\u00f3n.<\/p>\n\n\n\n<p>En su intervenci\u00f3n, Conejo Cornejo, reafirm\u00f3 el compromiso como representante de la Secretar\u00eda de Educaci\u00f3n del Estado de continuar con ese trabajo coordinado entre la Delegaci\u00f3n Regional VI con las autoridades municipales.<\/p>\n\n\n\n<p>Agreg\u00f3 que para la Secretar\u00eda y en su caso, como delegado, es un fundamental tender esos puentes que promueven los espacios dignos y seguros para que alumnas y alumnos tengan un \u00f3ptimo aprovechamiento acad\u00e9mico, as\u00ed como unas relaciones interpersonales adecuadas.<\/p>\n\n\n\n<p>Por su parte, la presidenta municipal, Roc\u00edo Cervantes Barba, reconoci\u00f3 el apoyo y acompa\u00f1amiento por parte de Gobierno del Estado, tanto por medio de la Delegaci\u00f3n de Educaci\u00f3n como por el Centro Estatal de Prevenci\u00f3n Social.<\/p>\n\n\n\n<p>Posteriormente, la presidenta municipal tom\u00f3 la protesta al Delegado, Anselmo Conejo Cornejo, como integrante de este cuerpo colegiado.<\/p>\n\n\n\n<p>En su intervenci\u00f3n, Jorge Z\u00fa\u00f1iga Urbiola, Director de Prevenci\u00f3n Social de la Direcci\u00f3n Estatal de Prevenci\u00f3n, destac\u00f3 la importancia de que el Delegado forme parte de esta Comisi\u00f3n, para que tenga de manera oportuna las estrategias que se aplican en este municipio para la prevenci\u00f3n social de la violencia y la delincuencia. De esta manera, se pueden reforzar las acciones que de manera transversal se realizan parar llevar mensajes, programas y estrategias de prevenci\u00f3n a los Abasolenses.<\/p>\n\n\n\n<p>Estas acciones forman parte del Pacto Social por la Educaci\u00f3n en su componente transversal para la Convivencia Escolar Pac\u00edfica.<\/p>\n\n\n\n<figure class=\"wp-block-gallery has-nested-images columns-default is-cropped wp-block-gallery-1 is-layout-flex wp-block-gallery-is-layout-flex\">\n<figure class=\"wp-block-image size-large\"><img loading=\"lazy\" decoding=\"async\" width=\"903\" height=\"1024\" data-id=\"2477\" src=\"https:\/\/periodiconuevomilenio.com\/wp-content\/uploads\/2023\/04\/02-8-903x1024.jpg\" alt=\"\" class=\"wp-image-2477\" srcset=\"https:\/\/periodiconuevomilenio.com\/wp-content\/uploads\/2023\/04\/02-8-903x1024.jpg 903w, https:\/\/periodiconuevomilenio.com\/wp-content\/uploads\/2023\/04\/02-8-264x300.jpg 264w, https:\/\/periodiconuevomilenio.com\/wp-content\/uploads\/2023\/04\/02-8-768x871.jpg 768w, https:\/\/periodiconuevomilenio.com\/wp-content\/uploads\/2023\/04\/02-8-1024x1161.jpg 1024w, https:\/\/periodiconuevomilenio.com\/wp-content\/uploads\/2023\/04\/02-8.jpg 1080w\" sizes=\"auto, (max-width: 903px) 100vw, 903px\" \/><\/figure>\n\n\n\n<figure class=\"wp-block-image size-large\"><img loading=\"lazy\" decoding=\"async\" width=\"1024\" height=\"768\" data-id=\"2478\" src=\"https:\/\/periodiconuevomilenio.com\/wp-content\/uploads\/2023\/04\/05-7-scaled-1-1024x768.jpg\" alt=\"\" class=\"wp-image-2478\" srcset=\"https:\/\/periodiconuevomilenio.com\/wp-content\/uploads\/2023\/04\/05-7-scaled-1-1024x768.jpg 1024w, https:\/\/periodiconuevomilenio.com\/wp-content\/uploads\/2023\/04\/05-7-scaled-1-300x225.jpg 300w, https:\/\/periodiconuevomilenio.com\/wp-content\/uploads\/2023\/04\/05-7-scaled-1-768x576.jpg 768w, https:\/\/periodiconuevomilenio.com\/wp-content\/uploads\/2023\/04\/05-7-scaled-1-1536x1152.jpg 1536w, https:\/\/periodiconuevomilenio.com\/wp-content\/uploads\/2023\/04\/05-7-scaled-1-2048x1536.jpg 2048w\" sizes=\"auto, (max-width: 1024px) 100vw, 1024px\" \/><\/figure>\n\n\n\n<figure class=\"wp-block-image size-large\"><img loading=\"lazy\" decoding=\"async\" width=\"1024\" height=\"768\" data-id=\"2479\" src=\"https:\/\/periodiconuevomilenio.com\/wp-content\/uploads\/2023\/04\/04-8-scaled-1-1024x768.jpg\" alt=\"\" class=\"wp-image-2479\" srcset=\"https:\/\/periodiconuevomilenio.com\/wp-content\/uploads\/2023\/04\/04-8-scaled-1-1024x768.jpg 1024w, https:\/\/periodiconuevomilenio.com\/wp-content\/uploads\/2023\/04\/04-8-scaled-1-300x225.jpg 300w, https:\/\/periodiconuevomilenio.com\/wp-content\/uploads\/2023\/04\/04-8-scaled-1-768x576.jpg 768w, https:\/\/periodiconuevomilenio.com\/wp-content\/uploads\/2023\/04\/04-8-scaled-1-1536x1152.jpg 1536w, https:\/\/periodiconuevomilenio.com\/wp-content\/uploads\/2023\/04\/04-8-scaled-1-2048x1536.jpg 2048w\" sizes=\"auto, (max-width: 1024px) 100vw, 1024px\" \/><\/figure>\n<\/figure>\n","protected":false},"excerpt":{"rendered":"<p>Abasolo, Gto. 20 de abril de 2023.-&nbsp;El Delegado de la Regi\u00f3n VI, Anselmo Conejo Cornejo, tom\u00f3 protesta como<\/p>\n","protected":false},"author":1,"featured_media":2477,"comment_status":"open","ping_status":"open","sticky":false,"template":"","format":"standard","meta":{"jetpack_post_was_ever_published":false,"_jetpack_newsletter_access":"","_jetpack_dont_email_post_to_subs":false,"_jetpack_newsletter_tier_id":0,"_jetpack_memberships_contains_paywalled_content":false,"_jetpack_memberships_contains_paid_content":false,"footnotes":"","jetpack_publicize_message":"","jetpack_publicize_feature_enabled":false,"jetpack_social_post_already_shared":false,"jetpack_social_options":{"image_generator_settings":{"template":"highway","enabled":false},"version":2}},"categories":[32],"tags":[25],"class_list":["post-2476","post","type-post","status-publish","format-standard","has-post-thumbnail","hentry","category-abasolo","tag-abasolo"],"jetpack_publicize_connections":[],"jetpack_sharing_enabled":true,"jetpack_featured_media_url":"https:\/\/periodiconuevomilenio.com\/wp-content\/uploads\/2023\/04\/02-8.jpg","_links":{"self":[{"href":"https:\/\/periodiconuevomilenio.com\/index.php\/wp-json\/wp\/v2\/posts\/2476","targetHints":{"allow":["GET"]}}],"collection":[{"href":"https:\/\/periodiconuevomilenio.com\/index.php\/wp-json\/wp\/v2\/posts"}],"about":[{"href":"https:\/\/periodiconuevomilenio.com\/index.php\/wp-json\/wp\/v2\/types\/post"}],"author":[{"embeddable":true,"href":"https:\/\/periodiconuevomilenio.com\/index.php\/wp-json\/wp\/v2\/users\/1"}],"replies":[{"embeddable":true,"href":"https:\/\/periodiconuevomilenio.com\/index.php\/wp-json\/wp\/v2\/comments?post=2476"}],"version-history":[{"count":1,"href":"https:\/\/periodiconuevomilenio.com\/index.php\/wp-json\/wp\/v2\/posts\/2476\/revisions"}],"predecessor-version":[{"id":2480,"href":"https:\/\/periodiconuevomilenio.com\/index.php\/wp-json\/wp\/v2\/posts\/2476\/revisions\/2480"}],"wp:featuredmedia":[{"embeddable":true,"href":"https:\/\/periodiconuevomilenio.com\/index.php\/wp-json\/wp\/v2\/media\/2477"}],"wp:attachment":[{"href":"https:\/\/periodiconuevomilenio.com\/index.php\/wp-json\/wp\/v2\/media?parent=2476"}],"wp:term":[{"taxonomy":"category","embeddable":true,"href":"https:\/\/periodiconuevomilenio.com\/index.php\/wp-json\/wp\/v2\/categories?post=2476"},{"taxonomy":"post_tag","embeddable":true,"href":"https:\/\/periodiconuevomilenio.com\/index.php\/wp-json\/wp\/v2\/tags?post=2476"}],"curies":[{"name":"wp","href":"https:\/\/api.w.org\/{rel}","templated":true}]}}