{"id":24867,"date":"2025-07-11T23:20:01","date_gmt":"2025-07-12T05:20:01","guid":{"rendered":"https:\/\/periodiconuevomilenio.com\/?p=24867"},"modified":"2025-07-11T23:20:03","modified_gmt":"2025-07-12T05:20:03","slug":"accidente-vial-en-la-carretera-estatal-valle-jaral-cobra-la-vida-de-una-persona","status":"publish","type":"post","link":"https:\/\/periodiconuevomilenio.com\/index.php\/2025\/07\/11\/accidente-vial-en-la-carretera-estatal-valle-jaral-cobra-la-vida-de-una-persona\/","title":{"rendered":"Accidente Vial en la Carretera Estatal Valle-Jaral Cobra la Vida de una Persona"},"content":{"rendered":"\n<p>VALLE DE SANTIAG, GTO.- Un tr\u00e1gico accidente vial ocurri\u00f3 esta noche en la carretera estatal Valle-Jaral, a la altura de la KBL , esto fue poco despu\u00e9s de las 9 de la noche donde&nbsp; dos personas que viajaban en moto derraparon y perdieron el control del veh\u00edculo.<\/p>\n\n\n\n<p>Desafortunadamente, una de las personas, de sexo masculino de aproximadamente  50 a\u00f1os de edad , perdi\u00f3 la vida en el lugar del accidente. La otra persona, una mujer, Jessica lizbet  fue trasladada de emergencia en c\u00f3digo amarillo \u00a0al hospital para recibir atenci\u00f3n m\u00e9dica con probable fractura en sus extremidades . ambos originarios de de la  comunidad de Carmelitas chico.<\/p>\n\n\n\n<p> Seg\u00fan los primeros informes, la lluvia y el piso mojado fueron factores que contribuyeron al accidente, junto con la falta de precauci\u00f3n al conducir. Las autoridades est\u00e1n investigando las causas exactas del incidente.<\/p>\n\n\n\n<p>Este accidente es un recordatorio de la importancia de conducir con precauci\u00f3n y respetar las normas de tr\u00e1nsito, especialmente en condiciones clim\u00e1ticas adversas. La comunidad se une en solidaridad con la familia y amigos de la persona fallecida y espera la pronta recuperaci\u00f3n de la mujer que result\u00f3 herida.<\/p>\n\n\n\n<figure class=\"wp-block-image size-large\"><img loading=\"lazy\" decoding=\"async\" width=\"905\" height=\"1024\" src=\"https:\/\/periodiconuevomilenio.com\/wp-content\/uploads\/2025\/07\/IMG_9404-905x1024.jpg\" alt=\"\" class=\"wp-image-24868\" srcset=\"https:\/\/periodiconuevomilenio.com\/wp-content\/uploads\/2025\/07\/IMG_9404-905x1024.jpg 905w, https:\/\/periodiconuevomilenio.com\/wp-content\/uploads\/2025\/07\/IMG_9404-265x300.jpg 265w, https:\/\/periodiconuevomilenio.com\/wp-content\/uploads\/2025\/07\/IMG_9404-768x869.jpg 768w, https:\/\/periodiconuevomilenio.com\/wp-content\/uploads\/2025\/07\/IMG_9404-1357x1536.jpg 1357w, https:\/\/periodiconuevomilenio.com\/wp-content\/uploads\/2025\/07\/IMG_9404-1809x2048.jpg 1809w, https:\/\/periodiconuevomilenio.com\/wp-content\/uploads\/2025\/07\/IMG_9404-1024x1159.jpg 1024w\" sizes=\"auto, (max-width: 905px) 100vw, 905px\" \/><\/figure>\n\n\n","protected":false},"excerpt":{"rendered":"<p>VALLE DE SANTIAG, GTO.- Un tr\u00e1gico accidente vial ocurri\u00f3 esta noche en la carretera estatal Valle-Jaral, a la<\/p>\n","protected":false},"author":1,"featured_media":24868,"comment_status":"open","ping_status":"open","sticky":false,"template":"","format":"standard","meta":{"jetpack_post_was_ever_published":false,"_jetpack_newsletter_access":"","_jetpack_dont_email_post_to_subs":false,"_jetpack_newsletter_tier_id":0,"_jetpack_memberships_contains_paywalled_content":false,"_jetpack_memberships_contains_paid_content":false,"footnotes":"","jetpack_publicize_message":"","jetpack_publicize_feature_enabled":false,"jetpack_social_post_already_shared":false,"jetpack_social_options":{"image_generator_settings":{"template":"highway","enabled":false},"version":2}},"categories":[39],"tags":[22],"class_list":["post-24867","post","type-post","status-publish","format-standard","has-post-thumbnail","hentry","category-valle-de-santiago","tag-valle"],"jetpack_publicize_connections":[],"jetpack_sharing_enabled":true,"jetpack_featured_media_url":"https:\/\/periodiconuevomilenio.com\/wp-content\/uploads\/2025\/07\/IMG_9404-scaled.jpg","_links":{"self":[{"href":"https:\/\/periodiconuevomilenio.com\/index.php\/wp-json\/wp\/v2\/posts\/24867","targetHints":{"allow":["GET"]}}],"collection":[{"href":"https:\/\/periodiconuevomilenio.com\/index.php\/wp-json\/wp\/v2\/posts"}],"about":[{"href":"https:\/\/periodiconuevomilenio.com\/index.php\/wp-json\/wp\/v2\/types\/post"}],"author":[{"embeddable":true,"href":"https:\/\/periodiconuevomilenio.com\/index.php\/wp-json\/wp\/v2\/users\/1"}],"replies":[{"embeddable":true,"href":"https:\/\/periodiconuevomilenio.com\/index.php\/wp-json\/wp\/v2\/comments?post=24867"}],"version-history":[{"count":1,"href":"https:\/\/periodiconuevomilenio.com\/index.php\/wp-json\/wp\/v2\/posts\/24867\/revisions"}],"predecessor-version":[{"id":24869,"href":"https:\/\/periodiconuevomilenio.com\/index.php\/wp-json\/wp\/v2\/posts\/24867\/revisions\/24869"}],"wp:featuredmedia":[{"embeddable":true,"href":"https:\/\/periodiconuevomilenio.com\/index.php\/wp-json\/wp\/v2\/media\/24868"}],"wp:attachment":[{"href":"https:\/\/periodiconuevomilenio.com\/index.php\/wp-json\/wp\/v2\/media?parent=24867"}],"wp:term":[{"taxonomy":"category","embeddable":true,"href":"https:\/\/periodiconuevomilenio.com\/index.php\/wp-json\/wp\/v2\/categories?post=24867"},{"taxonomy":"post_tag","embeddable":true,"href":"https:\/\/periodiconuevomilenio.com\/index.php\/wp-json\/wp\/v2\/tags?post=24867"}],"curies":[{"name":"wp","href":"https:\/\/api.w.org\/{rel}","templated":true}]}}