{"id":2489,"date":"2023-04-21T01:05:20","date_gmt":"2023-04-21T07:05:20","guid":{"rendered":"https:\/\/periodiconuevomilenio.com\/?p=2489"},"modified":"2023-04-21T01:05:22","modified_gmt":"2023-04-21T07:05:22","slug":"entrega-nuevo-sistema-de-agua-potable","status":"publish","type":"post","link":"https:\/\/periodiconuevomilenio.com\/index.php\/2023\/04\/21\/entrega-nuevo-sistema-de-agua-potable\/","title":{"rendered":"Entrega Nuevo sistema de Agua Potable"},"content":{"rendered":"\n<p>VALLE DE SANTIAGO, GTO.-El alcalde Alejandro Alan\u00eds entreg\u00f3 de manera oficial el nuevo sistema de agua potable en la Comunidad de San Carlos, en compa\u00f1\u00eda de integrantes del ayuntamiento y la presidenta del Sistema DIF, Valeria Alan\u00eds Araiza.<\/p>\n\n\n\n<p>Este proyecto es una muestra del compromiso de nuestra administraci\u00f3n con el bienestar de todas las comunidades del municipio.<\/p>\n\n\n\n<p>El sistema de agua potable en San Carlos es un logro importante para mejorar la calidad de vida de los habitantes de esta comunidad, quienes ahora contar\u00e1n con un servicio de agua potable seguro y confiable. Este proyecto fue posible gracias al trabajo en equipo y la colaboraci\u00f3n de todos los involucrados, quienes trabajaron arduamente para hacerlo realidad.<\/p>\n\n\n\n<p>Durante la ceremonia de entrega, el alcalde y la presidenta del Sistema DIF compartieron un mensaje de agradecimiento a la comunidad de San Carlos por su paciencia y colaboraci\u00f3n durante la realizaci\u00f3n de este proyecto, y destacaron la importancia de seguir trabajando juntos para mejorar la calidad de vida de todas las personas del municipio.<\/p>\n\n\n\n<p>En nuestro compromiso de seguir mejorando la calidad de vida de todas las comunidades, estamos trabajando en proyectos que mejorar\u00e1n las condiciones de vida de todos los habitantes del municipio. Agradecemos a todos los involucrados por su colaboraci\u00f3n y compromiso para hacer posible este proyecto, y esperamos seguir trabajando juntos para mejorar a\u00fan m\u00e1s la calidad de vida de todas las personas del municipio.<\/p>\n\n\n\n<figure class=\"wp-block-gallery has-nested-images columns-default is-cropped wp-block-gallery-1 is-layout-flex wp-block-gallery-is-layout-flex\">\n<figure class=\"wp-block-image size-large\"><img loading=\"lazy\" decoding=\"async\" width=\"1024\" height=\"683\" data-id=\"2491\" src=\"https:\/\/periodiconuevomilenio.com\/wp-content\/uploads\/2023\/04\/342363642_632442598702491_7389073838989004428_n-1024x683.jpg\" alt=\"\" class=\"wp-image-2491\" srcset=\"https:\/\/periodiconuevomilenio.com\/wp-content\/uploads\/2023\/04\/342363642_632442598702491_7389073838989004428_n-1024x683.jpg 1024w, https:\/\/periodiconuevomilenio.com\/wp-content\/uploads\/2023\/04\/342363642_632442598702491_7389073838989004428_n-300x200.jpg 300w, https:\/\/periodiconuevomilenio.com\/wp-content\/uploads\/2023\/04\/342363642_632442598702491_7389073838989004428_n-768x512.jpg 768w, https:\/\/periodiconuevomilenio.com\/wp-content\/uploads\/2023\/04\/342363642_632442598702491_7389073838989004428_n-1536x1024.jpg 1536w, https:\/\/periodiconuevomilenio.com\/wp-content\/uploads\/2023\/04\/342363642_632442598702491_7389073838989004428_n.jpg 2048w\" sizes=\"auto, (max-width: 1024px) 100vw, 1024px\" \/><\/figure>\n\n\n\n<figure class=\"wp-block-image size-large\"><img loading=\"lazy\" decoding=\"async\" width=\"1024\" height=\"683\" data-id=\"2492\" src=\"https:\/\/periodiconuevomilenio.com\/wp-content\/uploads\/2023\/04\/341689322_183943197800267_1196935956985619854_n-1024x683.jpg\" alt=\"\" class=\"wp-image-2492\" srcset=\"https:\/\/periodiconuevomilenio.com\/wp-content\/uploads\/2023\/04\/341689322_183943197800267_1196935956985619854_n-1024x683.jpg 1024w, https:\/\/periodiconuevomilenio.com\/wp-content\/uploads\/2023\/04\/341689322_183943197800267_1196935956985619854_n-300x200.jpg 300w, https:\/\/periodiconuevomilenio.com\/wp-content\/uploads\/2023\/04\/341689322_183943197800267_1196935956985619854_n-768x512.jpg 768w, https:\/\/periodiconuevomilenio.com\/wp-content\/uploads\/2023\/04\/341689322_183943197800267_1196935956985619854_n-1536x1024.jpg 1536w, https:\/\/periodiconuevomilenio.com\/wp-content\/uploads\/2023\/04\/341689322_183943197800267_1196935956985619854_n.jpg 2048w\" sizes=\"auto, (max-width: 1024px) 100vw, 1024px\" \/><\/figure>\n\n\n\n<figure class=\"wp-block-image size-large\"><img loading=\"lazy\" decoding=\"async\" width=\"1024\" height=\"683\" data-id=\"2490\" src=\"https:\/\/periodiconuevomilenio.com\/wp-content\/uploads\/2023\/04\/342222158_522155830132257_7307218422906333551_n-1024x683.jpg\" alt=\"\" class=\"wp-image-2490\" srcset=\"https:\/\/periodiconuevomilenio.com\/wp-content\/uploads\/2023\/04\/342222158_522155830132257_7307218422906333551_n-1024x683.jpg 1024w, https:\/\/periodiconuevomilenio.com\/wp-content\/uploads\/2023\/04\/342222158_522155830132257_7307218422906333551_n-300x200.jpg 300w, https:\/\/periodiconuevomilenio.com\/wp-content\/uploads\/2023\/04\/342222158_522155830132257_7307218422906333551_n-768x512.jpg 768w, https:\/\/periodiconuevomilenio.com\/wp-content\/uploads\/2023\/04\/342222158_522155830132257_7307218422906333551_n-1536x1024.jpg 1536w, https:\/\/periodiconuevomilenio.com\/wp-content\/uploads\/2023\/04\/342222158_522155830132257_7307218422906333551_n.jpg 2048w\" sizes=\"auto, (max-width: 1024px) 100vw, 1024px\" \/><\/figure>\n<\/figure>\n","protected":false},"excerpt":{"rendered":"<p>VALLE DE SANTIAGO, GTO.-El alcalde Alejandro Alan\u00eds entreg\u00f3 de manera oficial el nuevo sistema de agua potable en<\/p>\n","protected":false},"author":1,"featured_media":2495,"comment_status":"open","ping_status":"open","sticky":false,"template":"","format":"standard","meta":{"jetpack_post_was_ever_published":false,"_jetpack_newsletter_access":"","_jetpack_dont_email_post_to_subs":false,"_jetpack_newsletter_tier_id":0,"_jetpack_memberships_contains_paywalled_content":false,"_jetpack_memberships_contains_paid_content":false,"footnotes":"","jetpack_publicize_message":"","jetpack_publicize_feature_enabled":false,"jetpack_social_post_already_shared":false,"jetpack_social_options":{"image_generator_settings":{"template":"highway","enabled":false},"version":2}},"categories":[39],"tags":[22],"class_list":["post-2489","post","type-post","status-publish","format-standard","has-post-thumbnail","hentry","category-valle-de-santiago","tag-valle"],"jetpack_publicize_connections":[],"jetpack_sharing_enabled":true,"jetpack_featured_media_url":"https:\/\/periodiconuevomilenio.com\/wp-content\/uploads\/2023\/04\/342025904_787339532507099_8860252266766470474_n.jpg","_links":{"self":[{"href":"https:\/\/periodiconuevomilenio.com\/index.php\/wp-json\/wp\/v2\/posts\/2489","targetHints":{"allow":["GET"]}}],"collection":[{"href":"https:\/\/periodiconuevomilenio.com\/index.php\/wp-json\/wp\/v2\/posts"}],"about":[{"href":"https:\/\/periodiconuevomilenio.com\/index.php\/wp-json\/wp\/v2\/types\/post"}],"author":[{"embeddable":true,"href":"https:\/\/periodiconuevomilenio.com\/index.php\/wp-json\/wp\/v2\/users\/1"}],"replies":[{"embeddable":true,"href":"https:\/\/periodiconuevomilenio.com\/index.php\/wp-json\/wp\/v2\/comments?post=2489"}],"version-history":[{"count":1,"href":"https:\/\/periodiconuevomilenio.com\/index.php\/wp-json\/wp\/v2\/posts\/2489\/revisions"}],"predecessor-version":[{"id":2496,"href":"https:\/\/periodiconuevomilenio.com\/index.php\/wp-json\/wp\/v2\/posts\/2489\/revisions\/2496"}],"wp:featuredmedia":[{"embeddable":true,"href":"https:\/\/periodiconuevomilenio.com\/index.php\/wp-json\/wp\/v2\/media\/2495"}],"wp:attachment":[{"href":"https:\/\/periodiconuevomilenio.com\/index.php\/wp-json\/wp\/v2\/media?parent=2489"}],"wp:term":[{"taxonomy":"category","embeddable":true,"href":"https:\/\/periodiconuevomilenio.com\/index.php\/wp-json\/wp\/v2\/categories?post=2489"},{"taxonomy":"post_tag","embeddable":true,"href":"https:\/\/periodiconuevomilenio.com\/index.php\/wp-json\/wp\/v2\/tags?post=2489"}],"curies":[{"name":"wp","href":"https:\/\/api.w.org\/{rel}","templated":true}]}}