{"id":25375,"date":"2025-08-03T23:26:05","date_gmt":"2025-08-04T05:26:05","guid":{"rendered":"https:\/\/periodiconuevomilenio.com\/?p=25375"},"modified":"2025-08-03T23:26:07","modified_gmt":"2025-08-04T05:26:07","slug":"hombre-resulta-gravemente-herido-tras-rina-en-calles-de-la-ciudad","status":"publish","type":"post","link":"https:\/\/periodiconuevomilenio.com\/index.php\/2025\/08\/03\/hombre-resulta-gravemente-herido-tras-rina-en-calles-de-la-ciudad\/","title":{"rendered":"Hombre resulta gravemente herido tras ri\u00f1a en calles de la ciudad"},"content":{"rendered":"\n<p>Valle de Santiago, Gto. \u2013 La noche de este domingo 3 de agosto, un hombre identificado como Jos\u00e9 \u00c1ngel \u00abN\u00bb, de 35 a\u00f1os de edad, result\u00f3 con lesiones graves tras una presunta ri\u00f1a ocurrida en la v\u00eda p\u00fablica.<\/p>\n\n\n\n<p>El incidente se registr\u00f3 alrededor de las 21:35 horas, en la calle Jos\u00e9 Mar\u00eda Y\u00e1\u00f1ez, entre Lucas Flores y 14 de Septiembre, donde vecinos alertaron a los servicios de emergencia al ver a un joven herido en plena v\u00eda.<\/p>\n\n\n\n<p>De acuerdo con los primeros reportes, Jos\u00e9 \u00c1ngel recibi\u00f3 m\u00faltiples heridas de arma blanca, principalmente en el t\u00f3rax, por lo que fue necesario su traslado urgente a un hospital para recibir atenci\u00f3n m\u00e9dica especializada.<\/p>\n\n\n\n<p>Param\u00e9dicos acudieron al lugar y brindaron los primeros auxilios antes de llevar al lesionado al centro hospitalario. Su estado de salud se reporta como delicado.<\/p>\n\n\n\n<figure class=\"wp-block-image size-large\"><img loading=\"lazy\" decoding=\"async\" width=\"875\" height=\"1024\" src=\"https:\/\/periodiconuevomilenio.com\/wp-content\/uploads\/2025\/08\/img_9413-875x1024.jpg\" alt=\"\" class=\"wp-image-25376\" srcset=\"https:\/\/periodiconuevomilenio.com\/wp-content\/uploads\/2025\/08\/img_9413-875x1024.jpg 875w, https:\/\/periodiconuevomilenio.com\/wp-content\/uploads\/2025\/08\/img_9413-256x300.jpg 256w, https:\/\/periodiconuevomilenio.com\/wp-content\/uploads\/2025\/08\/img_9413-768x898.jpg 768w, https:\/\/periodiconuevomilenio.com\/wp-content\/uploads\/2025\/08\/img_9413-1313x1536.jpg 1313w, https:\/\/periodiconuevomilenio.com\/wp-content\/uploads\/2025\/08\/img_9413-1751x2048.jpg 1751w, https:\/\/periodiconuevomilenio.com\/wp-content\/uploads\/2025\/08\/img_9413-1024x1198.jpg 1024w\" sizes=\"auto, (max-width: 875px) 100vw, 875px\" \/><\/figure>\n","protected":false},"excerpt":{"rendered":"<p>Valle de Santiago, Gto. \u2013 La noche de este domingo 3 de agosto, un hombre identificado como Jos\u00e9<\/p>\n","protected":false},"author":1,"featured_media":25376,"comment_status":"open","ping_status":"open","sticky":false,"template":"","format":"standard","meta":{"jetpack_post_was_ever_published":false,"_jetpack_newsletter_access":"","_jetpack_dont_email_post_to_subs":false,"_jetpack_newsletter_tier_id":0,"_jetpack_memberships_contains_paywalled_content":false,"_jetpack_memberships_contains_paid_content":false,"footnotes":"","jetpack_publicize_message":"","jetpack_publicize_feature_enabled":false,"jetpack_social_post_already_shared":false,"jetpack_social_options":{"image_generator_settings":{"template":"highway","enabled":false},"version":2}},"categories":[48,39],"tags":[22],"class_list":["post-25375","post","type-post","status-publish","format-standard","has-post-thumbnail","hentry","category-policiaca","category-valle-de-santiago","tag-valle"],"jetpack_publicize_connections":[],"jetpack_sharing_enabled":true,"jetpack_featured_media_url":"https:\/\/periodiconuevomilenio.com\/wp-content\/uploads\/2025\/08\/img_9413-scaled.jpg","_links":{"self":[{"href":"https:\/\/periodiconuevomilenio.com\/index.php\/wp-json\/wp\/v2\/posts\/25375","targetHints":{"allow":["GET"]}}],"collection":[{"href":"https:\/\/periodiconuevomilenio.com\/index.php\/wp-json\/wp\/v2\/posts"}],"about":[{"href":"https:\/\/periodiconuevomilenio.com\/index.php\/wp-json\/wp\/v2\/types\/post"}],"author":[{"embeddable":true,"href":"https:\/\/periodiconuevomilenio.com\/index.php\/wp-json\/wp\/v2\/users\/1"}],"replies":[{"embeddable":true,"href":"https:\/\/periodiconuevomilenio.com\/index.php\/wp-json\/wp\/v2\/comments?post=25375"}],"version-history":[{"count":1,"href":"https:\/\/periodiconuevomilenio.com\/index.php\/wp-json\/wp\/v2\/posts\/25375\/revisions"}],"predecessor-version":[{"id":25377,"href":"https:\/\/periodiconuevomilenio.com\/index.php\/wp-json\/wp\/v2\/posts\/25375\/revisions\/25377"}],"wp:featuredmedia":[{"embeddable":true,"href":"https:\/\/periodiconuevomilenio.com\/index.php\/wp-json\/wp\/v2\/media\/25376"}],"wp:attachment":[{"href":"https:\/\/periodiconuevomilenio.com\/index.php\/wp-json\/wp\/v2\/media?parent=25375"}],"wp:term":[{"taxonomy":"category","embeddable":true,"href":"https:\/\/periodiconuevomilenio.com\/index.php\/wp-json\/wp\/v2\/categories?post=25375"},{"taxonomy":"post_tag","embeddable":true,"href":"https:\/\/periodiconuevomilenio.com\/index.php\/wp-json\/wp\/v2\/tags?post=25375"}],"curies":[{"name":"wp","href":"https:\/\/api.w.org\/{rel}","templated":true}]}}