{"id":25385,"date":"2025-08-04T10:40:58","date_gmt":"2025-08-04T16:40:58","guid":{"rendered":"https:\/\/periodiconuevomilenio.com\/?p=25385"},"modified":"2025-08-04T10:41:00","modified_gmt":"2025-08-04T16:41:00","slug":"le-quitan-la-vida-a-hombre-joven-familiares-descartan-rina","status":"publish","type":"post","link":"https:\/\/periodiconuevomilenio.com\/index.php\/2025\/08\/04\/le-quitan-la-vida-a-hombre-joven-familiares-descartan-rina\/","title":{"rendered":"Le Quitan la vida a Hombre joven; familiares descartan ri\u00f1a"},"content":{"rendered":"\n<p>Valle de Santiago, Gto. \u2013 La noche del domingo 3 de agosto, un hombre identificado como Jos\u00e9 \u00c1ngel \u201cN\u201d, de 35 a\u00f1os de edad, fue @sesinad0 con arma blanca en la v\u00eda p\u00fablica. Aunque en un principio se especul\u00f3 sobre una posible ri\u00f1a, familiares confirmaron en redes sociales que se trat\u00f3 de un ataque directo.<\/p>\n\n\n\n<p>\ud83d\udccd Lugar y hora del ataque<\/p>\n\n\n\n<p>El incidente ocurri\u00f3 alrededor de las 21:35 horas, en la calle Jos\u00e9 Mar\u00eda Y\u00e1\u00f1ez, entre Lucas Flores y 14 de Septiembre, donde vecinos alertaron a los servicios de emergencia tras ver al hombre gravemente herido.<\/p>\n\n\n\n<p>\ud83d\ude91 Atenci\u00f3n m\u00e9dica y fallecimiento<\/p>\n\n\n\n<p>Jos\u00e9 \u00c1ngel \u201cN\u201d presentaba m\u00faltiples heridas de arma blanca, principalmente en el t\u00f3rax. Param\u00e9dicos acudieron al lugar y le brindaron primeros auxilios antes de trasladarlo de urgencia al hospital. Falleci\u00f3 mientras recib\u00eda atenci\u00f3n m\u00e9dica, debido a la gravedad de las lesiones.<\/p>\n\n\n\n<p>\ud83d\udd75\ufe0f Investigaci\u00f3n en curso<\/p>\n\n\n\n<p>Las autoridades locales han iniciado una carpeta de investigaci\u00f3n para esclarecer los hechos y dar con los responsables. Hasta el momento, no se han reportado detenciones.<\/p>\n\n\n\n<figure class=\"wp-block-image size-full\"><img loading=\"lazy\" decoding=\"async\" width=\"270\" height=\"295\" src=\"https:\/\/periodiconuevomilenio.com\/wp-content\/uploads\/2025\/08\/527398733_1149855653837894_3371286574244356460_n.jpg\" alt=\"\" class=\"wp-image-25386\"\/><\/figure>\n\n\n","protected":false},"excerpt":{"rendered":"<p>Valle de Santiago, Gto. \u2013 La noche del domingo 3 de agosto, un hombre identificado como Jos\u00e9 \u00c1ngel<\/p>\n","protected":false},"author":1,"featured_media":25386,"comment_status":"open","ping_status":"open","sticky":false,"template":"","format":"standard","meta":{"jetpack_post_was_ever_published":false,"_jetpack_newsletter_access":"","_jetpack_dont_email_post_to_subs":false,"_jetpack_newsletter_tier_id":0,"_jetpack_memberships_contains_paywalled_content":false,"_jetpack_memberships_contains_paid_content":false,"footnotes":"","jetpack_publicize_message":"","jetpack_publicize_feature_enabled":false,"jetpack_social_post_already_shared":false,"jetpack_social_options":{"image_generator_settings":{"template":"highway","enabled":false},"version":2}},"categories":[48,39],"tags":[22],"class_list":["post-25385","post","type-post","status-publish","format-standard","has-post-thumbnail","hentry","category-policiaca","category-valle-de-santiago","tag-valle"],"jetpack_publicize_connections":[],"jetpack_sharing_enabled":true,"jetpack_featured_media_url":"https:\/\/periodiconuevomilenio.com\/wp-content\/uploads\/2025\/08\/527398733_1149855653837894_3371286574244356460_n.jpg","_links":{"self":[{"href":"https:\/\/periodiconuevomilenio.com\/index.php\/wp-json\/wp\/v2\/posts\/25385","targetHints":{"allow":["GET"]}}],"collection":[{"href":"https:\/\/periodiconuevomilenio.com\/index.php\/wp-json\/wp\/v2\/posts"}],"about":[{"href":"https:\/\/periodiconuevomilenio.com\/index.php\/wp-json\/wp\/v2\/types\/post"}],"author":[{"embeddable":true,"href":"https:\/\/periodiconuevomilenio.com\/index.php\/wp-json\/wp\/v2\/users\/1"}],"replies":[{"embeddable":true,"href":"https:\/\/periodiconuevomilenio.com\/index.php\/wp-json\/wp\/v2\/comments?post=25385"}],"version-history":[{"count":1,"href":"https:\/\/periodiconuevomilenio.com\/index.php\/wp-json\/wp\/v2\/posts\/25385\/revisions"}],"predecessor-version":[{"id":25387,"href":"https:\/\/periodiconuevomilenio.com\/index.php\/wp-json\/wp\/v2\/posts\/25385\/revisions\/25387"}],"wp:featuredmedia":[{"embeddable":true,"href":"https:\/\/periodiconuevomilenio.com\/index.php\/wp-json\/wp\/v2\/media\/25386"}],"wp:attachment":[{"href":"https:\/\/periodiconuevomilenio.com\/index.php\/wp-json\/wp\/v2\/media?parent=25385"}],"wp:term":[{"taxonomy":"category","embeddable":true,"href":"https:\/\/periodiconuevomilenio.com\/index.php\/wp-json\/wp\/v2\/categories?post=25385"},{"taxonomy":"post_tag","embeddable":true,"href":"https:\/\/periodiconuevomilenio.com\/index.php\/wp-json\/wp\/v2\/tags?post=25385"}],"curies":[{"name":"wp","href":"https:\/\/api.w.org\/{rel}","templated":true}]}}