{"id":25413,"date":"2025-08-05T01:00:50","date_gmt":"2025-08-05T07:00:50","guid":{"rendered":"https:\/\/periodiconuevomilenio.com\/?p=25413"},"modified":"2025-08-05T01:00:52","modified_gmt":"2025-08-05T07:00:52","slug":"charlas-de-cafe-celebra-5-anos-como-espacio-de-opinion-y-cultura","status":"publish","type":"post","link":"https:\/\/periodiconuevomilenio.com\/index.php\/2025\/08\/05\/charlas-de-cafe-celebra-5-anos-como-espacio-de-opinion-y-cultura\/","title":{"rendered":"Charlas de Caf\u00e9 celebra 5 a\u00f1os como espacio de opini\u00f3n y cultura"},"content":{"rendered":"\n<p>Valle de Santiago, Gto Este a\u00f1o &nbsp;celebramos un hito importante: cinco a\u00f1os desde el nacimiento de Charlas de Caf\u00e9, un espacio que ha sido bien recibido por el p\u00fablico en general y que contin\u00faa creciendo gracias al apoyo de nuestros lectores y seguidores.<\/p>\n\n\n\n<p>Desde su inicio, Charlas de Caf\u00e9 se ha consolidado como una plataforma de expresi\u00f3n y difusi\u00f3n, abordando temas diversos que van desde lo cultural, deportivo y art\u00edstico, hasta lo social y pol\u00edtico. Nos enorgullece haber mantenido la preferencia y confianza de quienes nos siguen a trav\u00e9s de nuestras plataformas digitales.<\/p>\n\n\n\n<p>\ud83d\ude4c Agradecimientos especiales<\/p>\n\n\n\n<p>Queremos expresar nuestro agradecimiento a Irene Borja Pimentel, madrina de este proyecto, quien nos acompa\u00f1\u00f3 en el lanzamiento y ha sido parte fundamental de nuestro camino.<\/p>\n\n\n\n<p>Tambi\u00e9n agradecemos profundamente a Dios y a cada uno de ustedes, por permitirnos crecer y alcanzar una comunidad de m\u00e1s de 140 mil seguidores. Su apoyo constante ha sido el motor que impulsa este espacio.<\/p>\n\n\n\n<p>&#8212;<\/p>\n\n\n\n<p>\ud83c\udf89 \u00a1Gracias por ser parte de Charlas de Caf\u00e9!&nbsp; Seguimos adelante, con m\u00e1s ideas, m\u00e1s voces y m\u00e1s historias por compartir.<\/p>\n\n\n\n<figure class=\"wp-block-image size-large\"><img loading=\"lazy\" decoding=\"async\" width=\"1024\" height=\"768\" src=\"https:\/\/periodiconuevomilenio.com\/wp-content\/uploads\/2025\/08\/img_1324-1-1024x768.jpg\" alt=\"\" class=\"wp-image-25414\" srcset=\"https:\/\/periodiconuevomilenio.com\/wp-content\/uploads\/2025\/08\/img_1324-1-1024x768.jpg 1024w, https:\/\/periodiconuevomilenio.com\/wp-content\/uploads\/2025\/08\/img_1324-1-300x225.jpg 300w, https:\/\/periodiconuevomilenio.com\/wp-content\/uploads\/2025\/08\/img_1324-1-768x576.jpg 768w, https:\/\/periodiconuevomilenio.com\/wp-content\/uploads\/2025\/08\/img_1324-1-1536x1152.jpg 1536w, https:\/\/periodiconuevomilenio.com\/wp-content\/uploads\/2025\/08\/img_1324-1.jpg 2048w\" sizes=\"auto, (max-width: 1024px) 100vw, 1024px\" \/><\/figure>\n","protected":false},"excerpt":{"rendered":"<p>Valle de Santiago, Gto Este a\u00f1o &nbsp;celebramos un hito importante: cinco a\u00f1os desde el nacimiento de Charlas de<\/p>\n","protected":false},"author":1,"featured_media":25414,"comment_status":"open","ping_status":"open","sticky":false,"template":"","format":"standard","meta":{"jetpack_post_was_ever_published":false,"_jetpack_newsletter_access":"","_jetpack_dont_email_post_to_subs":false,"_jetpack_newsletter_tier_id":0,"_jetpack_memberships_contains_paywalled_content":false,"_jetpack_memberships_contains_paid_content":false,"footnotes":"","jetpack_publicize_message":"","jetpack_publicize_feature_enabled":false,"jetpack_social_post_already_shared":false,"jetpack_social_options":{"image_generator_settings":{"template":"highway","enabled":false},"version":2}},"categories":[31,47,39],"tags":[51,50,22],"class_list":["post-25413","post","type-post","status-publish","format-standard","has-post-thumbnail","hentry","category-estado","category-nacional","category-valle-de-santiago","tag-estado","tag-nacional","tag-valle"],"jetpack_publicize_connections":[],"jetpack_sharing_enabled":true,"jetpack_featured_media_url":"https:\/\/periodiconuevomilenio.com\/wp-content\/uploads\/2025\/08\/img_1324-1.jpg","_links":{"self":[{"href":"https:\/\/periodiconuevomilenio.com\/index.php\/wp-json\/wp\/v2\/posts\/25413","targetHints":{"allow":["GET"]}}],"collection":[{"href":"https:\/\/periodiconuevomilenio.com\/index.php\/wp-json\/wp\/v2\/posts"}],"about":[{"href":"https:\/\/periodiconuevomilenio.com\/index.php\/wp-json\/wp\/v2\/types\/post"}],"author":[{"embeddable":true,"href":"https:\/\/periodiconuevomilenio.com\/index.php\/wp-json\/wp\/v2\/users\/1"}],"replies":[{"embeddable":true,"href":"https:\/\/periodiconuevomilenio.com\/index.php\/wp-json\/wp\/v2\/comments?post=25413"}],"version-history":[{"count":1,"href":"https:\/\/periodiconuevomilenio.com\/index.php\/wp-json\/wp\/v2\/posts\/25413\/revisions"}],"predecessor-version":[{"id":25415,"href":"https:\/\/periodiconuevomilenio.com\/index.php\/wp-json\/wp\/v2\/posts\/25413\/revisions\/25415"}],"wp:featuredmedia":[{"embeddable":true,"href":"https:\/\/periodiconuevomilenio.com\/index.php\/wp-json\/wp\/v2\/media\/25414"}],"wp:attachment":[{"href":"https:\/\/periodiconuevomilenio.com\/index.php\/wp-json\/wp\/v2\/media?parent=25413"}],"wp:term":[{"taxonomy":"category","embeddable":true,"href":"https:\/\/periodiconuevomilenio.com\/index.php\/wp-json\/wp\/v2\/categories?post=25413"},{"taxonomy":"post_tag","embeddable":true,"href":"https:\/\/periodiconuevomilenio.com\/index.php\/wp-json\/wp\/v2\/tags?post=25413"}],"curies":[{"name":"wp","href":"https:\/\/api.w.org\/{rel}","templated":true}]}}