{"id":2561,"date":"2023-04-23T22:36:10","date_gmt":"2023-04-24T04:36:10","guid":{"rendered":"https:\/\/periodiconuevomilenio.com\/?p=2561"},"modified":"2023-04-23T22:36:11","modified_gmt":"2023-04-24T04:36:11","slug":"ejecutan-al-chore-en-la-insurgentes","status":"publish","type":"post","link":"https:\/\/periodiconuevomilenio.com\/index.php\/2023\/04\/23\/ejecutan-al-chore-en-la-insurgentes\/","title":{"rendered":"Ejecutan al Chore en la Insurgentes"},"content":{"rendered":"\n<p>VALLE DE SANTIAGO, GTO.- La tarde de este domingo 23 de abril se registr\u00f3 un ataque a balazos en la colonia del Socorro en la calle Insurgentes entre Leona Vicario y privada 7 de Agosto, dejando a una persona gravemente herida y un muerto al que dijeron era el Chore, sin que se tengan mayores datos.<\/p>\n\n\n\n<p>De acuerdo a los informes preliminares, fue a eso de las 4:30 de la tarde cuando al sistema de emergencia 911 lleg\u00f3 el reporte en el sentido de que en la calle Insurgente se hab\u00edan escuchado detonaciones de arma de fuego y aparentemente hab\u00eda dos personas heridas.<\/p>\n\n\n\n<p>Cuando los preventivos llegaron al lugar les indicaron que a un costado de una camioneta , marca Ford color rojo localizaron una persona que estaba sin camisa y boca abajo con bastante sangre, por lo que solicitaron la presencia de param\u00e9dicos, quienes llegaron al lugar solo para confirmar que esta persona de aproximadamente unos 23 a\u00f1os de edad y que le apodaban el Chore, se encontraba sin vida.<\/p>\n\n\n\n<p>Metros m\u00e1s adelante tambi\u00e9n hab\u00eda otra persona lesionada por impactos de arma de fuego, el cual tras ser estabilizado lo canalizaron al hospital para su atenci\u00f3n m\u00e9dica.<\/p>\n\n\n\n<p>Los elementos preventivos procedieron a acordonar el \u00e1rea para preservar la zona y evitar se borren las evidencias, d\u00f3nde m\u00e1s tarde agentes de investigaci\u00f3n criminal recabaron toda la informaci\u00f3n y abrieron una capeta de investigaci\u00f3n para primero conocer plenamente la identidad de la persona y la mec\u00e1nica de los hechos.<\/p>\n\n\n\n<figure class=\"wp-block-image size-large\"><img loading=\"lazy\" decoding=\"async\" width=\"1024\" height=\"683\" src=\"https:\/\/periodiconuevomilenio.com\/wp-content\/uploads\/2023\/04\/img_0085-1024x683.jpg\" alt=\"\" class=\"wp-image-2562\" srcset=\"https:\/\/periodiconuevomilenio.com\/wp-content\/uploads\/2023\/04\/img_0085-1024x683.jpg 1024w, https:\/\/periodiconuevomilenio.com\/wp-content\/uploads\/2023\/04\/img_0085-300x200.jpg 300w, https:\/\/periodiconuevomilenio.com\/wp-content\/uploads\/2023\/04\/img_0085-768x512.jpg 768w, https:\/\/periodiconuevomilenio.com\/wp-content\/uploads\/2023\/04\/img_0085-1536x1024.jpg 1536w, https:\/\/periodiconuevomilenio.com\/wp-content\/uploads\/2023\/04\/img_0085-2048x1365.jpg 2048w\" sizes=\"auto, (max-width: 1024px) 100vw, 1024px\" \/><\/figure>\n\n\n\n<p>Se dijo que aparentemente  la otra persona herida es hermano del qui\u00e9n perdi\u00f3 la vida y que solo dijeron se apodaban el Chore, \u00a0sin que se tenga hasta ahora mayor informaci\u00f3n. Su cuerpo ya fue traslado al servicio m\u00e9dico Forense para la pr\u00e1ctica de necropsia de ley.<\/p>\n\n\n\n<figure class=\"wp-block-gallery has-nested-images columns-default is-cropped wp-block-gallery-1 is-layout-flex wp-block-gallery-is-layout-flex\">\n<figure class=\"wp-block-image size-large\"><img loading=\"lazy\" decoding=\"async\" width=\"1024\" height=\"683\" data-id=\"2563\" src=\"https:\/\/periodiconuevomilenio.com\/wp-content\/uploads\/2023\/04\/img_0067-1024x683.jpg\" alt=\"\" class=\"wp-image-2563\" srcset=\"https:\/\/periodiconuevomilenio.com\/wp-content\/uploads\/2023\/04\/img_0067-1024x683.jpg 1024w, https:\/\/periodiconuevomilenio.com\/wp-content\/uploads\/2023\/04\/img_0067-300x200.jpg 300w, https:\/\/periodiconuevomilenio.com\/wp-content\/uploads\/2023\/04\/img_0067-768x512.jpg 768w, https:\/\/periodiconuevomilenio.com\/wp-content\/uploads\/2023\/04\/img_0067-1536x1024.jpg 1536w, https:\/\/periodiconuevomilenio.com\/wp-content\/uploads\/2023\/04\/img_0067-2048x1365.jpg 2048w\" sizes=\"auto, (max-width: 1024px) 100vw, 1024px\" \/><\/figure>\n<\/figure>\n","protected":false},"excerpt":{"rendered":"<p>VALLE DE SANTIAGO, GTO.- La tarde de este domingo 23 de abril se registr\u00f3 un ataque a balazos<\/p>\n","protected":false},"author":1,"featured_media":2563,"comment_status":"open","ping_status":"open","sticky":false,"template":"","format":"standard","meta":{"jetpack_post_was_ever_published":false,"_jetpack_newsletter_access":"","_jetpack_dont_email_post_to_subs":false,"_jetpack_newsletter_tier_id":0,"_jetpack_memberships_contains_paywalled_content":false,"_jetpack_memberships_contains_paid_content":false,"footnotes":"","jetpack_publicize_message":"","jetpack_publicize_feature_enabled":false,"jetpack_social_post_already_shared":false,"jetpack_social_options":{"image_generator_settings":{"template":"highway","enabled":false},"version":2}},"categories":[48,39],"tags":[22],"class_list":["post-2561","post","type-post","status-publish","format-standard","has-post-thumbnail","hentry","category-policiaca","category-valle-de-santiago","tag-valle"],"jetpack_publicize_connections":[],"jetpack_sharing_enabled":true,"jetpack_featured_media_url":"https:\/\/periodiconuevomilenio.com\/wp-content\/uploads\/2023\/04\/img_0067-scaled.jpg","_links":{"self":[{"href":"https:\/\/periodiconuevomilenio.com\/index.php\/wp-json\/wp\/v2\/posts\/2561","targetHints":{"allow":["GET"]}}],"collection":[{"href":"https:\/\/periodiconuevomilenio.com\/index.php\/wp-json\/wp\/v2\/posts"}],"about":[{"href":"https:\/\/periodiconuevomilenio.com\/index.php\/wp-json\/wp\/v2\/types\/post"}],"author":[{"embeddable":true,"href":"https:\/\/periodiconuevomilenio.com\/index.php\/wp-json\/wp\/v2\/users\/1"}],"replies":[{"embeddable":true,"href":"https:\/\/periodiconuevomilenio.com\/index.php\/wp-json\/wp\/v2\/comments?post=2561"}],"version-history":[{"count":1,"href":"https:\/\/periodiconuevomilenio.com\/index.php\/wp-json\/wp\/v2\/posts\/2561\/revisions"}],"predecessor-version":[{"id":2564,"href":"https:\/\/periodiconuevomilenio.com\/index.php\/wp-json\/wp\/v2\/posts\/2561\/revisions\/2564"}],"wp:featuredmedia":[{"embeddable":true,"href":"https:\/\/periodiconuevomilenio.com\/index.php\/wp-json\/wp\/v2\/media\/2563"}],"wp:attachment":[{"href":"https:\/\/periodiconuevomilenio.com\/index.php\/wp-json\/wp\/v2\/media?parent=2561"}],"wp:term":[{"taxonomy":"category","embeddable":true,"href":"https:\/\/periodiconuevomilenio.com\/index.php\/wp-json\/wp\/v2\/categories?post=2561"},{"taxonomy":"post_tag","embeddable":true,"href":"https:\/\/periodiconuevomilenio.com\/index.php\/wp-json\/wp\/v2\/tags?post=2561"}],"curies":[{"name":"wp","href":"https:\/\/api.w.org\/{rel}","templated":true}]}}