{"id":2565,"date":"2023-04-24T15:57:30","date_gmt":"2023-04-24T21:57:30","guid":{"rendered":"https:\/\/periodiconuevomilenio.com\/?p=2565"},"modified":"2023-04-24T15:57:32","modified_gmt":"2023-04-24T21:57:32","slug":"incendio-en-gruas-vargas","status":"publish","type":"post","link":"https:\/\/periodiconuevomilenio.com\/index.php\/2023\/04\/24\/incendio-en-gruas-vargas\/","title":{"rendered":"Incendio en Gr\u00faas Vargas"},"content":{"rendered":"\n<p>YURIRIA, GTO.- Tremendo incendio registran esta tarde en \u201cGr\u00faas Vargas\u201d, las llamas&nbsp; aparentemente comenzaron con la quema de maleza a la orilla de la carretera&nbsp; que alcanzo el dep\u00f3sito de veh\u00edculos, muchos de ellos entre ellos una pipa que permanece en llamas y que el humo se observa&nbsp; a kil\u00f3metros de distancia.<\/p>\n\n\n\n<p>El Incendio se registr\u00f3 a un costado de la carretera federal&nbsp;&nbsp; que conduce de Yuriria a Salvatierra en el kil\u00f3metro 22 a la altura de Santiaguillo, bomberos y protecci\u00f3n civil trabajan arduamente&nbsp; para controlar el fuego y evitar se quemen m\u00e1s veh\u00edculos.<\/p>\n\n\n\n<p>Justo en la pensi\u00f3n&nbsp; de Gr\u00faas Vargas, en donde se est\u00e1n quemando veh\u00edculos, incendio que comenz\u00f3 poco despu\u00e9s de la una de la tarde, cuando al sistema de emergencias se report\u00f3 que se hab\u00edan presentado llamas en el dep\u00f3sito de veh\u00edculos de Gr\u00faas Vargas.<\/p>\n\n\n\n<p>Hasta ahora no se registran p\u00e9rdidas humanas, m\u00e1s si perdidas econ\u00f3micas que superan miles de pesos, ya que varios veh\u00edculos presentan pedidas totales.<\/p>\n\n\n\n<figure class=\"wp-block-gallery has-nested-images columns-default is-cropped wp-block-gallery-1 is-layout-flex wp-block-gallery-is-layout-flex\">\n<figure class=\"wp-block-image size-large\"><img loading=\"lazy\" decoding=\"async\" width=\"1024\" height=\"616\" data-id=\"2566\" src=\"https:\/\/periodiconuevomilenio.com\/wp-content\/uploads\/2023\/04\/Screenshot_2023-04-24-13-52-42-280_com.facebook.katana-1024x616.jpg\" alt=\"\" class=\"wp-image-2566\" srcset=\"https:\/\/periodiconuevomilenio.com\/wp-content\/uploads\/2023\/04\/Screenshot_2023-04-24-13-52-42-280_com.facebook.katana-1024x616.jpg 1024w, https:\/\/periodiconuevomilenio.com\/wp-content\/uploads\/2023\/04\/Screenshot_2023-04-24-13-52-42-280_com.facebook.katana-300x180.jpg 300w, https:\/\/periodiconuevomilenio.com\/wp-content\/uploads\/2023\/04\/Screenshot_2023-04-24-13-52-42-280_com.facebook.katana-768x462.jpg 768w, https:\/\/periodiconuevomilenio.com\/wp-content\/uploads\/2023\/04\/Screenshot_2023-04-24-13-52-42-280_com.facebook.katana.jpg 1454w\" sizes=\"auto, (max-width: 1024px) 100vw, 1024px\" \/><\/figure>\n\n\n\n<figure class=\"wp-block-image size-large\"><img loading=\"lazy\" decoding=\"async\" width=\"1024\" height=\"558\" data-id=\"2567\" src=\"https:\/\/periodiconuevomilenio.com\/wp-content\/uploads\/2023\/04\/Screenshot_2023-04-24-14-10-18-320_com.facebook.katana-1024x558.jpg\" alt=\"\" class=\"wp-image-2567\" srcset=\"https:\/\/periodiconuevomilenio.com\/wp-content\/uploads\/2023\/04\/Screenshot_2023-04-24-14-10-18-320_com.facebook.katana-1024x558.jpg 1024w, https:\/\/periodiconuevomilenio.com\/wp-content\/uploads\/2023\/04\/Screenshot_2023-04-24-14-10-18-320_com.facebook.katana-300x164.jpg 300w, https:\/\/periodiconuevomilenio.com\/wp-content\/uploads\/2023\/04\/Screenshot_2023-04-24-14-10-18-320_com.facebook.katana-768x419.jpg 768w, https:\/\/periodiconuevomilenio.com\/wp-content\/uploads\/2023\/04\/Screenshot_2023-04-24-14-10-18-320_com.facebook.katana.jpg 1414w\" sizes=\"auto, (max-width: 1024px) 100vw, 1024px\" \/><\/figure>\n<\/figure>\n\n\n\n<figure class=\"wp-block-gallery has-nested-images columns-default is-cropped wp-block-gallery-2 is-layout-flex wp-block-gallery-is-layout-flex\"><\/figure>\n","protected":false},"excerpt":{"rendered":"<p>YURIRIA, GTO.- Tremendo incendio registran esta tarde en \u201cGr\u00faas Vargas\u201d, las llamas&nbsp; aparentemente comenzaron con la quema de<\/p>\n","protected":false},"author":1,"featured_media":2567,"comment_status":"open","ping_status":"open","sticky":false,"template":"","format":"standard","meta":{"jetpack_post_was_ever_published":false,"_jetpack_newsletter_access":"","_jetpack_dont_email_post_to_subs":false,"_jetpack_newsletter_tier_id":0,"_jetpack_memberships_contains_paywalled_content":false,"_jetpack_memberships_contains_paid_content":false,"footnotes":"","jetpack_publicize_message":"","jetpack_publicize_feature_enabled":false,"jetpack_social_post_already_shared":false,"jetpack_social_options":{"image_generator_settings":{"template":"highway","enabled":false},"version":2}},"categories":[48,40],"tags":[30],"class_list":["post-2565","post","type-post","status-publish","format-standard","has-post-thumbnail","hentry","category-policiaca","category-yuriria","tag-yuriria"],"jetpack_publicize_connections":[],"jetpack_sharing_enabled":true,"jetpack_featured_media_url":"https:\/\/periodiconuevomilenio.com\/wp-content\/uploads\/2023\/04\/Screenshot_2023-04-24-14-10-18-320_com.facebook.katana.jpg","_links":{"self":[{"href":"https:\/\/periodiconuevomilenio.com\/index.php\/wp-json\/wp\/v2\/posts\/2565","targetHints":{"allow":["GET"]}}],"collection":[{"href":"https:\/\/periodiconuevomilenio.com\/index.php\/wp-json\/wp\/v2\/posts"}],"about":[{"href":"https:\/\/periodiconuevomilenio.com\/index.php\/wp-json\/wp\/v2\/types\/post"}],"author":[{"embeddable":true,"href":"https:\/\/periodiconuevomilenio.com\/index.php\/wp-json\/wp\/v2\/users\/1"}],"replies":[{"embeddable":true,"href":"https:\/\/periodiconuevomilenio.com\/index.php\/wp-json\/wp\/v2\/comments?post=2565"}],"version-history":[{"count":1,"href":"https:\/\/periodiconuevomilenio.com\/index.php\/wp-json\/wp\/v2\/posts\/2565\/revisions"}],"predecessor-version":[{"id":2568,"href":"https:\/\/periodiconuevomilenio.com\/index.php\/wp-json\/wp\/v2\/posts\/2565\/revisions\/2568"}],"wp:featuredmedia":[{"embeddable":true,"href":"https:\/\/periodiconuevomilenio.com\/index.php\/wp-json\/wp\/v2\/media\/2567"}],"wp:attachment":[{"href":"https:\/\/periodiconuevomilenio.com\/index.php\/wp-json\/wp\/v2\/media?parent=2565"}],"wp:term":[{"taxonomy":"category","embeddable":true,"href":"https:\/\/periodiconuevomilenio.com\/index.php\/wp-json\/wp\/v2\/categories?post=2565"},{"taxonomy":"post_tag","embeddable":true,"href":"https:\/\/periodiconuevomilenio.com\/index.php\/wp-json\/wp\/v2\/tags?post=2565"}],"curies":[{"name":"wp","href":"https:\/\/api.w.org\/{rel}","templated":true}]}}