{"id":25677,"date":"2025-08-13T11:46:24","date_gmt":"2025-08-13T17:46:24","guid":{"rendered":"https:\/\/periodiconuevomilenio.com\/?p=25677"},"modified":"2025-08-13T13:26:39","modified_gmt":"2025-08-13T19:26:39","slug":"ya-hay-fecha-para-el-primer-informe-de-gobierno-del-alcalde-daniel-cimental-barron","status":"publish","type":"post","link":"https:\/\/periodiconuevomilenio.com\/index.php\/2025\/08\/13\/ya-hay-fecha-para-el-primer-informe-de-gobierno-del-alcalde-daniel-cimental-barron\/","title":{"rendered":"Ya hay fecha para el Primer Informe de Gobierno del alcalde Daniel Cimental Barr\u00f3n"},"content":{"rendered":"\n<p>Jaral del Progreso, Gto. \u2014 El presidente municipal, Ing. Daniel Cimental Barr\u00f3n, presentar\u00e1 su Primer Informe de Gobierno el pr\u00f3ximo 26 de septiembre a las 2:00 de la tarde, en la emblem\u00e1tica Plaza Anselmo Ram\u00edrez.<\/p>\n\n\n\n<p>Durante este evento, el alcalde dar\u00e1 a conocer las obras y acciones m\u00e1s relevantes realizadas en su primer a\u00f1o de gesti\u00f3n, destacando avances en infraestructura, servicios p\u00fablicos, desarrollo social y proyectos estrat\u00e9gicos que han marcado el rumbo del municipio.<\/p>\n\n\n\n<p>Se espera la asistencia de ciudadanos, representantes de distintos sectores, autoridades locales y medios de comunicaci\u00f3n, en lo que ser\u00e1 una jornada de rendici\u00f3n de cuentas y di\u00e1logo abierto con la comunidad.<\/p>\n\n\n\n<p>El informe busca reflejar el compromiso de la administraci\u00f3n municipal con la transparencia, el trabajo cercano a la gente y el impulso al progreso de Jaral del Progreso.<\/p>\n\n\n\n<figure class=\"wp-block-image size-full\"><img loading=\"lazy\" decoding=\"async\" width=\"642\" height=\"720\" src=\"https:\/\/periodiconuevomilenio.com\/wp-content\/uploads\/2025\/08\/fb_img_1740546340102.jpg\" alt=\"\" class=\"wp-image-25678\" srcset=\"https:\/\/periodiconuevomilenio.com\/wp-content\/uploads\/2025\/08\/fb_img_1740546340102.jpg 642w, https:\/\/periodiconuevomilenio.com\/wp-content\/uploads\/2025\/08\/fb_img_1740546340102-268x300.jpg 268w\" sizes=\"auto, (max-width: 642px) 100vw, 642px\" \/><\/figure>\n\n\n","protected":false},"excerpt":{"rendered":"<p>Jaral del Progreso, Gto. \u2014 El presidente municipal, Ing. Daniel Cimental Barr\u00f3n, presentar\u00e1 su Primer Informe de Gobierno<\/p>\n","protected":false},"author":1,"featured_media":25678,"comment_status":"open","ping_status":"open","sticky":false,"template":"","format":"standard","meta":{"jetpack_post_was_ever_published":false,"_jetpack_newsletter_access":"","_jetpack_dont_email_post_to_subs":false,"_jetpack_newsletter_tier_id":0,"_jetpack_memberships_contains_paywalled_content":false,"_jetpack_memberships_contains_paid_content":false,"footnotes":"","jetpack_publicize_message":"","jetpack_publicize_feature_enabled":false,"jetpack_social_post_already_shared":false,"jetpack_social_options":{"image_generator_settings":{"template":"highway","enabled":false},"version":2}},"categories":[34],"tags":[23],"class_list":["post-25677","post","type-post","status-publish","format-standard","has-post-thumbnail","hentry","category-jaral-del-progreso","tag-jaral"],"jetpack_publicize_connections":[],"jetpack_sharing_enabled":true,"jetpack_featured_media_url":"https:\/\/periodiconuevomilenio.com\/wp-content\/uploads\/2025\/08\/fb_img_1740546340102.jpg","_links":{"self":[{"href":"https:\/\/periodiconuevomilenio.com\/index.php\/wp-json\/wp\/v2\/posts\/25677","targetHints":{"allow":["GET"]}}],"collection":[{"href":"https:\/\/periodiconuevomilenio.com\/index.php\/wp-json\/wp\/v2\/posts"}],"about":[{"href":"https:\/\/periodiconuevomilenio.com\/index.php\/wp-json\/wp\/v2\/types\/post"}],"author":[{"embeddable":true,"href":"https:\/\/periodiconuevomilenio.com\/index.php\/wp-json\/wp\/v2\/users\/1"}],"replies":[{"embeddable":true,"href":"https:\/\/periodiconuevomilenio.com\/index.php\/wp-json\/wp\/v2\/comments?post=25677"}],"version-history":[{"count":2,"href":"https:\/\/periodiconuevomilenio.com\/index.php\/wp-json\/wp\/v2\/posts\/25677\/revisions"}],"predecessor-version":[{"id":25681,"href":"https:\/\/periodiconuevomilenio.com\/index.php\/wp-json\/wp\/v2\/posts\/25677\/revisions\/25681"}],"wp:featuredmedia":[{"embeddable":true,"href":"https:\/\/periodiconuevomilenio.com\/index.php\/wp-json\/wp\/v2\/media\/25678"}],"wp:attachment":[{"href":"https:\/\/periodiconuevomilenio.com\/index.php\/wp-json\/wp\/v2\/media?parent=25677"}],"wp:term":[{"taxonomy":"category","embeddable":true,"href":"https:\/\/periodiconuevomilenio.com\/index.php\/wp-json\/wp\/v2\/categories?post=25677"},{"taxonomy":"post_tag","embeddable":true,"href":"https:\/\/periodiconuevomilenio.com\/index.php\/wp-json\/wp\/v2\/tags?post=25677"}],"curies":[{"name":"wp","href":"https:\/\/api.w.org\/{rel}","templated":true}]}}