{"id":25687,"date":"2025-08-13T23:50:39","date_gmt":"2025-08-14T05:50:39","guid":{"rendered":"https:\/\/periodiconuevomilenio.com\/?p=25687"},"modified":"2025-08-13T23:50:41","modified_gmt":"2025-08-14T05:50:41","slug":"jornada-nacional-de-lucha-contra-el-dengue-2025","status":"publish","type":"post","link":"https:\/\/periodiconuevomilenio.com\/index.php\/2025\/08\/13\/jornada-nacional-de-lucha-contra-el-dengue-2025\/","title":{"rendered":"Jornada Nacional de Lucha contra el Dengue 2025"},"content":{"rendered":"\n<p><strong>\u201cPor Tu Bienestar Unidos Contra El Dengue\u201d<\/strong><\/p>\n\n\n\n<p><strong>1. Antecedentes<\/strong><\/p>\n\n\n\n<p>La implementaci\u00f3n de las Jornadas Nacionales de Lucha contra las Arbovirosis ahora llamadas Estrategias Nacionales, han demostrado que las acciones de promoci\u00f3n de la salud, acciones simult\u00e1neas de control integral del vector, participaci\u00f3n ciudadana y corresponsabilidad municipal, acompa\u00f1ada de procesos de comunicaci\u00f3n efectiva para alertar a la poblaci\u00f3n sobre los riesgos a la salud por infecci\u00f3n de este padecimiento, no s\u00f3lo es posible, sino necesario ya que tiene un impacto positivo en la disminuci\u00f3n de la incidencia de la enfermedad.<\/p>\n\n\n\n<p>Hoy m\u00e1s que nunca, se requiere la participaci\u00f3n activa y organizada de la infraestructura que integran los municipios, en el contexto del cambio clim\u00e1tico, los servicios b\u00e1sicos municipales, tales como la red de agua potable, el alcantarillado, la recolecci\u00f3n de desechos s\u00f3lidos, su disposici\u00f3n final y el saneamiento de \u00e1reas p\u00fablicas, entre otros, se han visto profundamente afectados, comprometiendo el bienestar de las comunidades urbanas y rurales. La crisis h\u00eddrica que enfrenta M\u00e9xico se ha intensificado como consecuencia de fen\u00f3menos clim\u00e1ticos extremos, como sequ\u00edas severas y lluvias torrenciales, lo que ha provocado un desequilibrio en el suministro de agua potable y el adecuado manejo de los recursos h\u00eddricos.<\/p>\n\n\n\n<p>El cambio clim\u00e1tico, al alterar los patrones clim\u00e1ticos tradicionales, ha incrementado el riesgo de escasez de agua en muchas regiones del pa\u00eds, lo que afecta directamente la eficiencia de los sistemas de alcantarillado y saneamiento. Las fluctuaciones en la disponibilidad de agua potable generan condiciones propicias para la proliferaci\u00f3n de vectores, especialmente los mosquitos transmisores del dengue, cuyas larvas encuentran en los recipientes con agua acumulada y estancada un h\u00e1bitat ideal para su reproducci\u00f3n.<\/p>\n\n\n\n<p><strong>2. Panorama epidemiol\u00f3gico<\/strong><\/p>\n\n\n\n<p>El a\u00f1o 2024 ha sido uno de los a\u00f1os que marc\u00f3 la historia del Dengue rompiendo record de casos sospechosos en todo el mundo y M\u00e9xico no fue la excepci\u00f3n, poniendo a prueba la capacidad de los estados para hacer frente no solo con la atenci\u00f3n m\u00e9dica de los pacientes sino con todas las actividades propias del programa de vectores y promoci\u00f3n de la salud.<\/p>\n\n\n\n<p>En el 2024, M\u00e9xico fue el tercer pa\u00eds con m\u00e1s casos sospechosos a Dengue notificados a la OPS, de todo el continente americano. Se confirmaron 125 mil 160 casos con una tasa de incidencia de 90.6 casos por cada 100 mil habitantes, el a\u00f1o con mayor registro de casos en el pa\u00eds hab\u00eda sido en 2013, con poco m\u00e1s de 63 mil casos confirmados.<\/p>\n\n\n\n<p>En el estado de Guanajuato, el mayor n\u00famero de casos se registr\u00f3 en el 2017 donde fuimos el primer estado en casos a nivel nacional. Desde entonces, se ha mantenido una fuerte inversi\u00f3n estatal en la plantilla de brigadistas, que visitan todos los d\u00edas, casa por casa a nuestra poblaci\u00f3n con acciones de prevenci\u00f3n como control de criaderos, descacharrizaci\u00f3n, educaci\u00f3n a la poblaci\u00f3n mediante la estrategia de Lava, Tapa, Voltea y Tira, uso de repelentes, entre muchas otras acciones de control y prevenci\u00f3n.<\/p>\n\n\n\n<p>Con esto logramos en el 2024, reducir la carga espec\u00edfica de casos de dengue a nivel nacional con 3,905 (lugar 14 por n\u00famero de casos confirmados) y una tasa de incidencia de 60.7 casos por cada 100 mil habitantes (lugar 21 por incidencia).<\/p>\n\n\n\n<p><strong>3. Acciones en Guanajuato para la prevenci\u00f3n<\/strong><\/p>\n\n\n\n<p>Prevenci\u00f3n<\/p>\n\n\n\n<p>Mantenemos la inversi\u00f3n estatal para la contrataci\u00f3n de los brigadistas con mil elementos que todos los d\u00edas visitan casa por casa con una meta de 2, 266,924 de acciones para la prevenci\u00f3n y control del Dengue. Mantenemos la vigilancia de alertas tempranas como la ovitrampas, vigilancia entomovirol\u00f3gica, acciones de rociado a casa de casos probables, acciones de prevenci\u00f3n y promoci\u00f3n a la salud, descacharrizaci\u00f3n, fomento del patio limpio, cuidado y almacenado correcto del agua y acciones como nebulizaci\u00f3n espacial y termonebulizaci\u00f3n para control del mosco adulto.<\/p>\n\n\n\n<p>Mantenemos la capacitaci\u00f3n constante del personal para la sospecha del Dengue, toma de muestra adecuada, diagn\u00f3stico oportuno y manejo del paciente hospitalizado con Dengue, a trav\u00e9s de la Red Estatal de L\u00edderes Cl\u00ednicos para al manejo del paciente con Dengue. Mantenemos la difusi\u00f3n de las medidas preventivas, uso de repelentes, manga larga, uso de mosquiteros en puertas y ventanas, evitar criaderos, no automedicarse y solicitar atenci\u00f3n m\u00e9dica oportuna, as\u00ed como la identificaci\u00f3n temprana de datos de alarma para Dengue.<\/p>\n\n\n\n<p><strong>EVENTO ESTATAL<\/strong><\/p>\n\n\n\n<p>La implementaci\u00f3n de las Jornadas Nacionales de Lucha contra el Dengue en nuestro pa\u00eds y estado, han demostrado la importancia de trabajar juntas y juntos para prevenir y controlar la propagaci\u00f3n de la enfermedad, dado que se trata de un padecimiento considerado como amenaza para la salud p\u00fablica, para enfrentarlo eficazmente se requiere trabajar de manera integral, unir esfuerzos y voluntades que permitan trabajar en coordinaci\u00f3n con instituciones gubernamentales, empresas, organismos p\u00fablicos y privados y con la poblaci\u00f3n en general.<\/p>\n\n\n\n<p><strong>L\u00cdMITES DE TIEMPO <u><\/u><\/strong><\/p>\n\n\n\n<p>11 al 17 de Agosto del 2025<\/p>\n\n\n\n<p><strong>UNIVERSO DE TRABAJO<\/strong><\/p>\n\n\n\n<p>Las 8 Jurisdicciones Sanitarias y 8 localidades de riesgo: Guanajuato, San Miguel de Allende, Celaya, Ac\u00e1mbaro, Salamanca, Irapuato, Le\u00f3n y Silao.<\/p>\n\n\n\n<p>Planteles educativos del nivel preescolar, b\u00e1sico, medio superior y superior de las localidades prioritarias.<\/p>\n\n\n\n<p>Unidades m\u00e9dicas de primer y segundo nivel de atenci\u00f3n, sitios de concentraci\u00f3n poblacional de las localidades prioritarias.<\/p>\n\n\n\n<p><strong>HORARIO DEL EVENTO<\/strong><\/p>\n\n\n\n<p>De 15:00 a 16:30 hrs<\/p>\n\n\n\n<p><strong>HORARIO DE ACTO PROTOCOLARIO<\/strong><\/p>\n\n\n\n<p>15:00 horas.<\/p>\n\n\n\n<figure class=\"wp-block-table\"><table class=\"has-fixed-layout\"><tbody><tr><td><strong>Pres\u00eddium<\/strong><\/td><td><strong><\/strong>Mtra. Libia Denisse Garc\u00eda Mu\u00f1oz Ledo. Gobernadora del Estado de Guanajuato.<strong><\/strong>Dr. Gabriel Alfredo Cort\u00e9s Alcal\u00e1. Secretario de Salud del Estado de Guanajuato.<strong><\/strong>Lic. Israel Mosqueda Gasca, Presidente municipal de Valle de Santiago. <strong><\/strong>Dr. Jos\u00e9 Felipe Carranco Escalona, Coordinador General de Salud P\u00fablica<strong><\/strong>Dra. Saira Villag\u00f3mez Rodr\u00edguez, Jefa de la Jurisdicci\u00f3n Sanitaria V. <strong>&nbsp;<\/strong><\/td><\/tr><\/tbody><\/table><\/figure>\n\n\n\n<p><strong>ACTO PROTOCOLARIO<\/strong><\/p>\n\n\n\n<figure class=\"wp-block-table\"><table class=\"has-fixed-layout\"><tbody><tr><td colspan=\"2\"><strong>Orden del D\u00eda<\/strong><strong><u><\/u><\/strong><\/td><\/tr><tr><td><strong>15:00 Hrs<\/strong><\/td><td><strong><u>Presentaci\u00f3n de las autoridades del Pres\u00eddium<\/u><\/strong> Maestro de Ceremonias<\/td><\/tr><tr><td><strong>&nbsp;<\/strong> <strong>15:15 Hrs.<\/strong><\/td><td><strong><u>Mensaje de bienvenida<\/u><\/strong> Lic. Israel Mosqueda Gasca Alcalde de Valle de Santiago<\/td><\/tr><tr><td><strong>15:30 Hrs.<\/strong><\/td><td><strong><u>Encuadre del evento<\/u><\/strong> Dr. Jos\u00e9 Felipe Carranco Escalona Coordinador General de Salud P\u00fablica<\/td><\/tr><tr><td><strong>15:45 Hrs<\/strong><\/td><td><strong>Testimoniales<\/strong> Personal promoci\u00f3n de la salud Jurisdicci\u00f3n Sanitaria V<\/td><\/tr><tr><td><strong>16:15 Hrs<\/strong><\/td><td><strong>Palabras del Secretario de Salud<\/strong> Dr. Gabriel Alfredo Cort\u00e9s Alcal\u00e1<\/td><\/tr><tr><td><strong>16:30 Hrs<\/strong><\/td><td><strong><u>Arranque Estatal<\/u><\/strong> <strong><u>\u201cEstrategia Nacional contra el Dengue y otras Arbovirosis 2025\u201d<\/u><\/strong> Mtra. Libia Denisse Garc\u00eda Mu\u00f1oz Ledo. Gobernadora del Estado de Guanajuato. Todos los participantes<\/td><\/tr><\/tbody><\/table><\/figure>\n\n\n\n<p><strong>IMPACTO SOCIAL:<\/strong><\/p>\n\n\n\n<p>El Dengue es una de las enfermedades de mayor relevancia en salud p\u00fablica debido a su magnitud y las implicaciones del trabajo en conjunto de sociedad y gobierno para su control.<strong><\/strong><\/p>\n\n\n\n<p><strong>INVITADOS ESPECIALES<\/strong><\/p>\n\n\n\n<p>Dr. Marco Antonio Hern\u00e1ndez Carrillo<\/p>\n\n\n\n<p>Delegado Estatal del IMSS<\/p>\n\n\n\n<p>Dr. Sergio Javier Madrigal Arana<\/p>\n\n\n\n<p>Director del Hospital General Regional de PEMEX<\/p>\n\n\n\n<p>Dr. Sahuri Fuentes Fuentes Duarte<\/p>\n\n\n\n<p>Subdelegaci\u00f3n del ISSSTE en Guanajuato<\/p>\n\n\n\n<p>Comandante General de Brigada de E.M. Vicente P\u00e9rez L\u00f3pez<\/p>\n\n\n\n<p>Director de Hospital Regional SEDENA&nbsp;&nbsp;&nbsp;&nbsp;&nbsp;&nbsp;&nbsp;&nbsp;&nbsp;&nbsp;<\/p>\n\n\n\n<p>Dr. Luis Ignacio S\u00e1nchez G\u00f3mez<\/p>\n\n\n\n<p>Secretario de Educaci\u00f3n de Guanajuato&nbsp;&nbsp;&nbsp;&nbsp;&nbsp;&nbsp;&nbsp;<\/p>\n\n\n\n<p>Lic. Israel Mosqueda Gasca<\/p>\n\n\n\n<p>Presidente Municipal de Valle de Santiago y Representante de la Red de Municipios por la Salud<\/p>\n\n\n\n<p>MDO. Jos\u00e9 Martin Cano Mart\u00ednez<\/p>\n\n\n\n<p>Secretario General del Sindicato Nacional de Trabajadores de la Secretaria de Salud<\/p>\n\n\n\n<p>Secci\u00f3n 37<\/p>\n\n\n\n<p>Lic. Fernando Reynoso M\u00e1rquez<\/p>\n\n\n\n<p>Coordinador General de Administraci\u00f3n y Finanzas<\/p>\n\n\n\n<p>Dr. Jos\u00e9 Felipe Carranco Escalona<\/p>\n\n\n\n<p>Coordinador General de Salud P\u00fablica<\/p>\n\n\n\n<p>Lic. Luis Alberto Villase\u00f1or Garay<\/p>\n\n\n\n<p>Direcci\u00f3n General de Administraci\u00f3n<\/p>\n\n\n\n<p>Dra. Silvia Ibarra S\u00e1nchez<\/p>\n\n\n\n<p>Directora General de Prevenci\u00f3n y Promoci\u00f3n de la Salud<\/p>\n\n\n\n<p>Dr. Luis Carlos Z\u00fa\u00f1iga Dur\u00e1n<\/p>\n\n\n\n<p>Director General de Protecci\u00f3n Contra Riesgos Sanitarias<\/p>\n\n\n\n<p>Dra. Leticia Zamora Ramos<\/p>\n\n\n\n<p>Directora General de Atenci\u00f3n M\u00e9dica&nbsp;&nbsp;&nbsp;&nbsp;&nbsp;&nbsp;&nbsp;&nbsp;<\/p>\n\n\n\n<p>Dra. Ma. Del Rosario S\u00e1nchez Navarro<\/p>\n\n\n\n<p>Directora del Laboratorio Estatal de Salud P\u00fablica<\/p>\n\n\n\n<p>Dr. Joel Villanueva Dom\u00ednguez<\/p>\n\n\n\n<p>Encargado de Despacho de la Direcci\u00f3n de Vigilancia Epidemiol\u00f3gica, Enfermedades Emergentes y Reemergentes.<\/p>\n\n\n\n<p>Dra. Miriam Guadalupe Huaste Guti\u00e9rrez<\/p>\n\n\n\n<p>Encargada de Despacho de la Direcci\u00f3n de Control de Enfermedades Y Promoci\u00f3n para la Salud.<\/p>\n\n\n\n<p>Dra. Sara Garc\u00eda Salinas<\/p>\n\n\n\n<p>Encargada de Despacho de la Direcci\u00f3n de Atenci\u00f3n a la Infancia, Adolescencia y Salud Reproductiva y Equidad de G\u00e9nero.<\/p>\n\n\n\n<p>Dr. Juan Carlos Gonz\u00e1lez Araiza<\/p>\n\n\n\n<p>Encargado de Despacho de la Direcci\u00f3n de Atenci\u00f3n M\u00e9dica 2do y 3er nivel&nbsp;&nbsp;&nbsp;&nbsp;<\/p>\n\n\n\n<p>Dra. Alma Rosa Mota \u00c1valos<\/p>\n\n\n\n<p>Encargada de Despacho de la Direcci\u00f3n de Atenci\u00f3n M\u00e9dica primer nivel Y Extensi\u00f3n de Cobertura<\/p>\n\n\n\n<p>Lic. Soledad Leyva Reynoso<\/p>\n\n\n\n<p>Jefe del Departamento Estatal de Promoci\u00f3n a la Salud<\/p>\n\n\n\n<p>Dr. Gerardo Ortega Mart\u00ednez<\/p>\n\n\n\n<p>Jefe de la Jurisdicci\u00f3n Sanitaria No. I<\/p>\n\n\n\n<p>Dr. Jorge Vidargas Rojas<\/p>\n\n\n\n<p>Jefe de la Jurisdicci\u00f3n Sanitaria No. II<\/p>\n\n\n\n<p>Dr. Juan Jes\u00fas Mart\u00ednez Garc\u00eda<\/p>\n\n\n\n<p>Jefe de la Jurisdicci\u00f3n Sanitaria No. III<\/p>\n\n\n\n<p>Dr. Uver Mart\u00ednez Camacho<\/p>\n\n\n\n<p>Jefe de la Jurisdicci\u00f3n Sanitaria No. IV<\/p>\n\n\n\n<p>Dra. Saira Villag\u00f3mez Rodr\u00edguez<\/p>\n\n\n\n<p>Jefa de la Jurisdicci\u00f3n Sanitaria No. V<\/p>\n\n\n\n<p>Dra. Deborah Mar\u00eda Due\u00f1as Aguado<\/p>\n\n\n\n<p>Jefe de la Jurisdicci\u00f3n Sanitaria No. VI<\/p>\n\n\n\n<p>Dra. Ligia Gricelda Arce Padilla<\/p>\n\n\n\n<p>Jefa de la Jurisdicci\u00f3n Sanitaria No. VII<\/p>\n\n\n\n<p>Dr. Jos\u00e9 Javier Ayala Torres<\/p>\n\n\n\n<p>Jefe de la Jurisdicci\u00f3n Sanitaria No. VIII<\/p>\n\n\n\n<figure class=\"wp-block-image size-large\"><img loading=\"lazy\" decoding=\"async\" width=\"1024\" height=\"768\" src=\"https:\/\/periodiconuevomilenio.com\/wp-content\/uploads\/2025\/08\/img20250813153648-1024x768.jpg\" alt=\"\" class=\"wp-image-25690\" srcset=\"https:\/\/periodiconuevomilenio.com\/wp-content\/uploads\/2025\/08\/img20250813153648-1024x768.jpg 1024w, https:\/\/periodiconuevomilenio.com\/wp-content\/uploads\/2025\/08\/img20250813153648-300x225.jpg 300w, https:\/\/periodiconuevomilenio.com\/wp-content\/uploads\/2025\/08\/img20250813153648-768x576.jpg 768w, https:\/\/periodiconuevomilenio.com\/wp-content\/uploads\/2025\/08\/img20250813153648-1536x1152.jpg 1536w, https:\/\/periodiconuevomilenio.com\/wp-content\/uploads\/2025\/08\/img20250813153648-2048x1536.jpg 2048w\" sizes=\"auto, (max-width: 1024px) 100vw, 1024px\" \/><\/figure>\n\n\n\n<figure class=\"wp-block-gallery has-nested-images columns-default is-cropped wp-block-gallery-1 is-layout-flex wp-block-gallery-is-layout-flex\">\n<figure class=\"wp-block-image size-large\"><img loading=\"lazy\" decoding=\"async\" width=\"1024\" height=\"768\" data-id=\"25689\" src=\"https:\/\/periodiconuevomilenio.com\/wp-content\/uploads\/2025\/08\/img20250813151633-1024x768.jpg\" alt=\"\" class=\"wp-image-25689\" srcset=\"https:\/\/periodiconuevomilenio.com\/wp-content\/uploads\/2025\/08\/img20250813151633-1024x768.jpg 1024w, https:\/\/periodiconuevomilenio.com\/wp-content\/uploads\/2025\/08\/img20250813151633-300x225.jpg 300w, https:\/\/periodiconuevomilenio.com\/wp-content\/uploads\/2025\/08\/img20250813151633-768x576.jpg 768w, https:\/\/periodiconuevomilenio.com\/wp-content\/uploads\/2025\/08\/img20250813151633-1536x1152.jpg 1536w, https:\/\/periodiconuevomilenio.com\/wp-content\/uploads\/2025\/08\/img20250813151633-2048x1536.jpg 2048w\" sizes=\"auto, (max-width: 1024px) 100vw, 1024px\" \/><\/figure>\n\n\n\n<figure class=\"wp-block-image size-large\"><img loading=\"lazy\" decoding=\"async\" width=\"1024\" height=\"768\" data-id=\"25688\" src=\"https:\/\/periodiconuevomilenio.com\/wp-content\/uploads\/2025\/08\/img20250813153823-1024x768.jpg\" alt=\"\" class=\"wp-image-25688\" srcset=\"https:\/\/periodiconuevomilenio.com\/wp-content\/uploads\/2025\/08\/img20250813153823-1024x768.jpg 1024w, https:\/\/periodiconuevomilenio.com\/wp-content\/uploads\/2025\/08\/img20250813153823-300x225.jpg 300w, https:\/\/periodiconuevomilenio.com\/wp-content\/uploads\/2025\/08\/img20250813153823-768x576.jpg 768w, https:\/\/periodiconuevomilenio.com\/wp-content\/uploads\/2025\/08\/img20250813153823-1536x1152.jpg 1536w, https:\/\/periodiconuevomilenio.com\/wp-content\/uploads\/2025\/08\/img20250813153823-2048x1536.jpg 2048w\" sizes=\"auto, (max-width: 1024px) 100vw, 1024px\" \/><\/figure>\n<\/figure>\n\n\n","protected":false},"excerpt":{"rendered":"<p>\u201cPor Tu Bienestar Unidos Contra El Dengue\u201d 1. Antecedentes La implementaci\u00f3n de las Jornadas Nacionales de Lucha contra<\/p>\n","protected":false},"author":1,"featured_media":25688,"comment_status":"open","ping_status":"open","sticky":false,"template":"","format":"standard","meta":{"jetpack_post_was_ever_published":false,"_jetpack_newsletter_access":"","_jetpack_dont_email_post_to_subs":false,"_jetpack_newsletter_tier_id":0,"_jetpack_memberships_contains_paywalled_content":false,"_jetpack_memberships_contains_paid_content":false,"footnotes":"","jetpack_publicize_message":"","jetpack_publicize_feature_enabled":false,"jetpack_social_post_already_shared":false,"jetpack_social_options":{"image_generator_settings":{"template":"highway","enabled":false},"version":2}},"categories":[31,39],"tags":[51,22],"class_list":["post-25687","post","type-post","status-publish","format-standard","has-post-thumbnail","hentry","category-estado","category-valle-de-santiago","tag-estado","tag-valle"],"jetpack_publicize_connections":[],"jetpack_sharing_enabled":true,"jetpack_featured_media_url":"https:\/\/periodiconuevomilenio.com\/wp-content\/uploads\/2025\/08\/img20250813153823-scaled.jpg","_links":{"self":[{"href":"https:\/\/periodiconuevomilenio.com\/index.php\/wp-json\/wp\/v2\/posts\/25687","targetHints":{"allow":["GET"]}}],"collection":[{"href":"https:\/\/periodiconuevomilenio.com\/index.php\/wp-json\/wp\/v2\/posts"}],"about":[{"href":"https:\/\/periodiconuevomilenio.com\/index.php\/wp-json\/wp\/v2\/types\/post"}],"author":[{"embeddable":true,"href":"https:\/\/periodiconuevomilenio.com\/index.php\/wp-json\/wp\/v2\/users\/1"}],"replies":[{"embeddable":true,"href":"https:\/\/periodiconuevomilenio.com\/index.php\/wp-json\/wp\/v2\/comments?post=25687"}],"version-history":[{"count":1,"href":"https:\/\/periodiconuevomilenio.com\/index.php\/wp-json\/wp\/v2\/posts\/25687\/revisions"}],"predecessor-version":[{"id":25691,"href":"https:\/\/periodiconuevomilenio.com\/index.php\/wp-json\/wp\/v2\/posts\/25687\/revisions\/25691"}],"wp:featuredmedia":[{"embeddable":true,"href":"https:\/\/periodiconuevomilenio.com\/index.php\/wp-json\/wp\/v2\/media\/25688"}],"wp:attachment":[{"href":"https:\/\/periodiconuevomilenio.com\/index.php\/wp-json\/wp\/v2\/media?parent=25687"}],"wp:term":[{"taxonomy":"category","embeddable":true,"href":"https:\/\/periodiconuevomilenio.com\/index.php\/wp-json\/wp\/v2\/categories?post=25687"},{"taxonomy":"post_tag","embeddable":true,"href":"https:\/\/periodiconuevomilenio.com\/index.php\/wp-json\/wp\/v2\/tags?post=25687"}],"curies":[{"name":"wp","href":"https:\/\/api.w.org\/{rel}","templated":true}]}}