{"id":2590,"date":"2023-04-24T21:20:10","date_gmt":"2023-04-25T03:20:10","guid":{"rendered":"https:\/\/periodiconuevomilenio.com\/?p=2590"},"modified":"2023-04-24T21:20:12","modified_gmt":"2023-04-25T03:20:12","slug":"primaria-rodolfo-r-ramirez-realiza-su-1ra-feria-de-la-cultura-y-la-ciencia","status":"publish","type":"post","link":"https:\/\/periodiconuevomilenio.com\/index.php\/2023\/04\/24\/primaria-rodolfo-r-ramirez-realiza-su-1ra-feria-de-la-cultura-y-la-ciencia\/","title":{"rendered":"Primaria Rodolfo R. Ram\u00edrez realiza Su 1ra. Feria de la Cultura y la Ciencia"},"content":{"rendered":"\n<ul class=\"wp-block-list\">\n<li><strong>Forma parte de los festejos del D\u00eda del Ni\u00f1o y la Ni\u00f1a.<\/strong><\/li>\n<\/ul>\n\n\n\n<p><strong>Valle de Santiago, Gto. 24 de abril de 2023<\/strong>.- La Escuela Primaria Rodolfo R. Ram\u00edrez llev\u00f3 a cabo su Primera Feria de la Cultura y la Ciencia, sumando a la mejora del aprendizaje contemplado en el Pacto Social por la Educaci\u00f3n.<\/p>\n\n\n\n<p>Como parte del programa, ni\u00f1as y ni\u00f1os de los diferentes grados acad\u00e9micos impulsados por sus maestros, montaron una variada exhibici\u00f3n de las actividades que han realizado durante el presente ciclo escolar, el cual les ha permitido aplicar, de manera pr\u00e1ctica, la informaci\u00f3n te\u00f3rica que han recibido dentro de las aulas.<\/p>\n\n\n\n<p>El Delegado de la Regi\u00f3n VI, Anselmo Conejo Cornejo, reconoci\u00f3 la labor de maestras y maestros de esta instituci\u00f3n, a los cuales invit\u00f3 a continuar con estas din\u00e1micas que ayudan a sus estudiantes a expandir horizontes y a adentrarse a\u00fan m\u00e1s en sus asignaturas.<\/p>\n\n\n\n<p>Aprovech\u00f3 la ocasi\u00f3n para felicitarlos por el pr\u00f3ximo d\u00eda del ni\u00f1o, \u201cdisfruten mucho su ni\u00f1ez, aprovechen a sus maestros, a sus amigas y amigos. La ni\u00f1ez es un gran tesoro, en donde se forjan los sue\u00f1os y se empiezan a perseguir nuestros anhelos\u201d.<\/p>\n\n\n\n<p>La maestra Yolanda Hern\u00e1ndez Silva, directora del plantel, agradeci\u00f3 la asistencia de las autoridades educativas y coment\u00f3 que est\u00e1 1ra. Feria de la Cultura y la Ciencia, inicia la semana de actividades por los festejos del D\u00eda del ni\u00f1o y la ni\u00f1a que se tienen programados en esta primaria.<\/p>\n\n\n\n<p>El alumno Manuel, de sexto grado dirigi\u00f3 un mensaje a los visitantes, donde destac\u00f3 la labor de los docentes, \u201cun buen maestro puede crear esperanza, encender la imaginaci\u00f3n y fomentar el amor por el aprendizaje\u201d.&nbsp;<\/p>\n\n\n\n<p>En las exposiciones, los alumnos de sexto realizaron experimentos que permiten el desarrollo de habilidades, como la capacidad de trabajar en equipo, compartir informaci\u00f3n y colaborar, centrarse en una actividad y conseguir resultados con base en hechos probados.<\/p>\n\n\n\n<p>Los alumnos de quinto realizaron circuitos el\u00e9ctricos, lo que les permiti\u00f3 reflexionar, analizar, crear, ordenar y proyectar sus aprendizajes seg\u00fan leyes y principios fundamentales de la electricidad.<\/p>\n\n\n\n<p>Por su parte, los grupos de cuarto efectuaron actividades que aplican estrategias de pensamiento matem\u00e1tico, lo que les permite resolver problemas provenientes de diversos contextos, ya sea de la vida cotidiana, en las ciencias o en la asignatura como tal.<\/p>\n\n\n\n<p>Las alumnas y alumnos de tercero plasmaron una muestra de arte esgrafiado (es una manera de hacer dibujos, raspando la superficie para que quede al descubierto el color que hay debajo), el cual permite poner en pr\u00e1ctica diferentes habilidades en las artes.<\/p>\n\n\n\n<p>El n\u00famero musical corri\u00f3 a cargo de segundo grado, quienes interpretaron \u201cQue Canten los Ni\u00f1os y Color Esperanza\u201d.<\/p>\n\n\n\n<p>Finalmente, los peque\u00f1os de primer grado recrearon una loter\u00eda de s\u00edlabas y el uso de tangram, que favorece la creaci\u00f3n de im\u00e1genes a trav\u00e9s de la creatividad.<\/p>\n\n\n\n<div class=\"wp-block-columns is-layout-flex wp-container-core-columns-is-layout-1 wp-block-columns-is-layout-flex\">\n<div class=\"wp-block-column is-layout-flow wp-block-column-is-layout-flow\" style=\"flex-basis:100%\">\n<figure class=\"wp-block-gallery has-nested-images columns-default is-cropped wp-block-gallery-1 is-layout-flex wp-block-gallery-is-layout-flex\">\n<figure class=\"wp-block-image size-large\"><img loading=\"lazy\" decoding=\"async\" width=\"1024\" height=\"829\" src=\"https:\/\/periodiconuevomilenio.com\/wp-content\/uploads\/2023\/04\/04-12-1024x829.jpg\" alt=\"\" class=\"wp-image-2592\" srcset=\"https:\/\/periodiconuevomilenio.com\/wp-content\/uploads\/2023\/04\/04-12-1024x829.jpg 1024w, https:\/\/periodiconuevomilenio.com\/wp-content\/uploads\/2023\/04\/04-12-300x243.jpg 300w, https:\/\/periodiconuevomilenio.com\/wp-content\/uploads\/2023\/04\/04-12-768x621.jpg 768w, https:\/\/periodiconuevomilenio.com\/wp-content\/uploads\/2023\/04\/04-12.jpg 1200w\" sizes=\"auto, (max-width: 1024px) 100vw, 1024px\" \/><\/figure>\n\n\n\n<figure class=\"wp-block-image size-large\"><img loading=\"lazy\" decoding=\"async\" width=\"1024\" height=\"713\" src=\"https:\/\/periodiconuevomilenio.com\/wp-content\/uploads\/2023\/04\/06-6-1024x713.jpg\" alt=\"\" class=\"wp-image-2593\" srcset=\"https:\/\/periodiconuevomilenio.com\/wp-content\/uploads\/2023\/04\/06-6-1024x713.jpg 1024w, https:\/\/periodiconuevomilenio.com\/wp-content\/uploads\/2023\/04\/06-6-300x209.jpg 300w, https:\/\/periodiconuevomilenio.com\/wp-content\/uploads\/2023\/04\/06-6-768x535.jpg 768w, https:\/\/periodiconuevomilenio.com\/wp-content\/uploads\/2023\/04\/06-6.jpg 1200w\" sizes=\"auto, (max-width: 1024px) 100vw, 1024px\" \/><\/figure>\n\n\n\n<figure class=\"wp-block-image size-large\"><img loading=\"lazy\" decoding=\"async\" width=\"960\" height=\"658\" src=\"https:\/\/periodiconuevomilenio.com\/wp-content\/uploads\/2023\/04\/07-5.jpg\" alt=\"\" class=\"wp-image-2591\" srcset=\"https:\/\/periodiconuevomilenio.com\/wp-content\/uploads\/2023\/04\/07-5.jpg 960w, https:\/\/periodiconuevomilenio.com\/wp-content\/uploads\/2023\/04\/07-5-300x206.jpg 300w, https:\/\/periodiconuevomilenio.com\/wp-content\/uploads\/2023\/04\/07-5-768x526.jpg 768w\" sizes=\"auto, (max-width: 960px) 100vw, 960px\" \/><\/figure>\n\n\n\n<figure class=\"wp-block-image size-large\"><img loading=\"lazy\" decoding=\"async\" width=\"1024\" height=\"768\" src=\"https:\/\/periodiconuevomilenio.com\/wp-content\/uploads\/2023\/04\/02-13-1024x768.jpg\" alt=\"\" class=\"wp-image-2595\" srcset=\"https:\/\/periodiconuevomilenio.com\/wp-content\/uploads\/2023\/04\/02-13-1024x768.jpg 1024w, https:\/\/periodiconuevomilenio.com\/wp-content\/uploads\/2023\/04\/02-13-300x225.jpg 300w, https:\/\/periodiconuevomilenio.com\/wp-content\/uploads\/2023\/04\/02-13-768x576.jpg 768w, https:\/\/periodiconuevomilenio.com\/wp-content\/uploads\/2023\/04\/02-13-1536x1152.jpg 1536w, https:\/\/periodiconuevomilenio.com\/wp-content\/uploads\/2023\/04\/02-13.jpg 1600w\" sizes=\"auto, (max-width: 1024px) 100vw, 1024px\" \/><\/figure>\n\n\n\n<figure class=\"wp-block-image size-large\"><img loading=\"lazy\" decoding=\"async\" width=\"886\" height=\"572\" src=\"https:\/\/periodiconuevomilenio.com\/wp-content\/uploads\/2023\/04\/01-14.jpg\" alt=\"\" class=\"wp-image-2594\" srcset=\"https:\/\/periodiconuevomilenio.com\/wp-content\/uploads\/2023\/04\/01-14.jpg 886w, https:\/\/periodiconuevomilenio.com\/wp-content\/uploads\/2023\/04\/01-14-300x194.jpg 300w, https:\/\/periodiconuevomilenio.com\/wp-content\/uploads\/2023\/04\/01-14-768x496.jpg 768w\" sizes=\"auto, (max-width: 886px) 100vw, 886px\" \/><\/figure>\n<\/figure>\n\n\n<\/div>\n<\/div>\n","protected":false},"excerpt":{"rendered":"<p>Valle de Santiago, Gto. 24 de abril de 2023.- La Escuela Primaria Rodolfo R. Ram\u00edrez llev\u00f3 a cabo<\/p>\n","protected":false},"author":1,"featured_media":2593,"comment_status":"open","ping_status":"open","sticky":false,"template":"","format":"standard","meta":{"jetpack_post_was_ever_published":false,"_jetpack_newsletter_access":"","_jetpack_dont_email_post_to_subs":false,"_jetpack_newsletter_tier_id":0,"_jetpack_memberships_contains_paywalled_content":false,"_jetpack_memberships_contains_paid_content":false,"footnotes":"","jetpack_publicize_message":"","jetpack_publicize_feature_enabled":false,"jetpack_social_post_already_shared":false,"jetpack_social_options":{"image_generator_settings":{"template":"highway","enabled":false},"version":2}},"categories":[39],"tags":[22],"class_list":["post-2590","post","type-post","status-publish","format-standard","has-post-thumbnail","hentry","category-valle-de-santiago","tag-valle"],"jetpack_publicize_connections":[],"jetpack_sharing_enabled":true,"jetpack_featured_media_url":"https:\/\/periodiconuevomilenio.com\/wp-content\/uploads\/2023\/04\/06-6.jpg","_links":{"self":[{"href":"https:\/\/periodiconuevomilenio.com\/index.php\/wp-json\/wp\/v2\/posts\/2590","targetHints":{"allow":["GET"]}}],"collection":[{"href":"https:\/\/periodiconuevomilenio.com\/index.php\/wp-json\/wp\/v2\/posts"}],"about":[{"href":"https:\/\/periodiconuevomilenio.com\/index.php\/wp-json\/wp\/v2\/types\/post"}],"author":[{"embeddable":true,"href":"https:\/\/periodiconuevomilenio.com\/index.php\/wp-json\/wp\/v2\/users\/1"}],"replies":[{"embeddable":true,"href":"https:\/\/periodiconuevomilenio.com\/index.php\/wp-json\/wp\/v2\/comments?post=2590"}],"version-history":[{"count":1,"href":"https:\/\/periodiconuevomilenio.com\/index.php\/wp-json\/wp\/v2\/posts\/2590\/revisions"}],"predecessor-version":[{"id":2596,"href":"https:\/\/periodiconuevomilenio.com\/index.php\/wp-json\/wp\/v2\/posts\/2590\/revisions\/2596"}],"wp:featuredmedia":[{"embeddable":true,"href":"https:\/\/periodiconuevomilenio.com\/index.php\/wp-json\/wp\/v2\/media\/2593"}],"wp:attachment":[{"href":"https:\/\/periodiconuevomilenio.com\/index.php\/wp-json\/wp\/v2\/media?parent=2590"}],"wp:term":[{"taxonomy":"category","embeddable":true,"href":"https:\/\/periodiconuevomilenio.com\/index.php\/wp-json\/wp\/v2\/categories?post=2590"},{"taxonomy":"post_tag","embeddable":true,"href":"https:\/\/periodiconuevomilenio.com\/index.php\/wp-json\/wp\/v2\/tags?post=2590"}],"curies":[{"name":"wp","href":"https:\/\/api.w.org\/{rel}","templated":true}]}}