{"id":2617,"date":"2023-04-25T01:04:03","date_gmt":"2023-04-25T07:04:03","guid":{"rendered":"https:\/\/periodiconuevomilenio.com\/?p=2617"},"modified":"2023-04-25T01:04:05","modified_gmt":"2023-04-25T07:04:05","slug":"panel-de-egresados-del-cetis-no-149","status":"publish","type":"post","link":"https:\/\/periodiconuevomilenio.com\/index.php\/2023\/04\/25\/panel-de-egresados-del-cetis-no-149\/","title":{"rendered":"\u00a0 Panel de Egresados del Cetis No. 149"},"content":{"rendered":"\n<p>VALLE DE SANTIAGO, GTO.-&nbsp; Dentro del marco de la Semana de Vinculaci\u00f3n del CETis No. 149 se llev\u00f3 a cabo un panel de egresados, en los que participaron&nbsp; 5 personas consideradas como exitosas, entre ellas una Licenciada en Enfermer\u00eda, un Ingeniero Industrial, una&nbsp; jovencita que est\u00e1 a punto de culminar&nbsp; su carrera&nbsp; en licenciatura, un Odont\u00f3logo y un Periodista.<\/p>\n\n\n\n<p>El Ingeniero Adri\u00e1n Bravo Guadarrama, jefe de vinculaci\u00f3n, fue el encargado de realizar las respectivas invitaciones y la directora, la maestra Patricia Rico, dio la bienvenida&nbsp; a los panelistas, quienes expusieron y platicaron con los alumnos&nbsp; sus experiencias&nbsp; como egresados de este plantel educativo del nivel medio superior.<\/p>\n\n\n\n<p>Entre los integrantes del Panel de egresados de sus distintas generaciones estuvieron el Ing. Juan Arroyo que fue de la primera generaci\u00f3n de este plantel educativo en la especialidad de Electromec\u00e1nica, Salvador Valades Gonz\u00e1lez, periodistas y egresado de este plantel de la segunda generaci\u00f3n 1985-1988&nbsp; del bachillerato f\u00edsico matem\u00e1tico con especialidad de producci\u00f3n.<\/p>\n\n\n\n<p>Una de las m\u00e1s j\u00f3venes, pero con mucha&nbsp; experiencia, Judit Navarro Silva,&nbsp; quien apenas hace 5 a\u00f1os culmin\u00f3 su instrucci\u00f3n media superior y actualmente est\u00e1 estudiando su carrera de&nbsp; licenciatura gesti\u00f3n empresarial, el odont\u00f3logo Ram\u00f3n Sinhue Mosqueda Cedillo generaci\u00f3n 1999-2002- y&nbsp; la Lic. Lupita Hern\u00e1ndez God\u00ednez en enfermer\u00eda, quien es actualmente&nbsp; docente de esta instituci\u00f3n.<\/p>\n\n\n\n<p>&nbsp;Una hora aproximadamente fue lo que duro el panel d\u00f3nde los invitados comentaron sobre sus vivencias y an\u00e9cdotas a lo largo de tres a\u00f1os en esta instituci\u00f3n, as\u00ed mismo de manos de la&nbsp; directora, la maestra Paty Rico hizo entrega de reconocimientos por su aportaci\u00f3n&nbsp; en este primer panel de egresados.<\/p>\n\n\n\n<figure class=\"wp-block-gallery has-nested-images columns-default is-cropped wp-block-gallery-1 is-layout-flex wp-block-gallery-is-layout-flex\">\n<figure class=\"wp-block-image size-large\"><img loading=\"lazy\" decoding=\"async\" width=\"1024\" height=\"473\" data-id=\"2619\" src=\"https:\/\/periodiconuevomilenio.com\/wp-content\/uploads\/2023\/04\/IMG_20230420_134904-1024x473.jpg\" alt=\"\" class=\"wp-image-2619\" srcset=\"https:\/\/periodiconuevomilenio.com\/wp-content\/uploads\/2023\/04\/IMG_20230420_134904-1024x473.jpg 1024w, https:\/\/periodiconuevomilenio.com\/wp-content\/uploads\/2023\/04\/IMG_20230420_134904-300x139.jpg 300w, https:\/\/periodiconuevomilenio.com\/wp-content\/uploads\/2023\/04\/IMG_20230420_134904-768x355.jpg 768w, https:\/\/periodiconuevomilenio.com\/wp-content\/uploads\/2023\/04\/IMG_20230420_134904-1536x709.jpg 1536w, https:\/\/periodiconuevomilenio.com\/wp-content\/uploads\/2023\/04\/IMG_20230420_134904-2048x946.jpg 2048w\" sizes=\"auto, (max-width: 1024px) 100vw, 1024px\" \/><\/figure>\n\n\n\n<figure class=\"wp-block-image size-large\"><img loading=\"lazy\" decoding=\"async\" width=\"1024\" height=\"683\" data-id=\"2620\" src=\"https:\/\/periodiconuevomilenio.com\/wp-content\/uploads\/2023\/04\/IMG_9097-1024x683.jpg\" alt=\"\" class=\"wp-image-2620\" srcset=\"https:\/\/periodiconuevomilenio.com\/wp-content\/uploads\/2023\/04\/IMG_9097-1024x683.jpg 1024w, https:\/\/periodiconuevomilenio.com\/wp-content\/uploads\/2023\/04\/IMG_9097-300x200.jpg 300w, https:\/\/periodiconuevomilenio.com\/wp-content\/uploads\/2023\/04\/IMG_9097-768x512.jpg 768w, https:\/\/periodiconuevomilenio.com\/wp-content\/uploads\/2023\/04\/IMG_9097-1536x1024.jpg 1536w, https:\/\/periodiconuevomilenio.com\/wp-content\/uploads\/2023\/04\/IMG_9097-2048x1365.jpg 2048w\" sizes=\"auto, (max-width: 1024px) 100vw, 1024px\" \/><\/figure>\n\n\n\n<figure class=\"wp-block-image size-large\"><img loading=\"lazy\" decoding=\"async\" width=\"1024\" height=\"683\" data-id=\"2621\" src=\"https:\/\/periodiconuevomilenio.com\/wp-content\/uploads\/2023\/04\/IMG_9096-1024x683.jpg\" alt=\"\" class=\"wp-image-2621\" srcset=\"https:\/\/periodiconuevomilenio.com\/wp-content\/uploads\/2023\/04\/IMG_9096-1024x683.jpg 1024w, https:\/\/periodiconuevomilenio.com\/wp-content\/uploads\/2023\/04\/IMG_9096-300x200.jpg 300w, https:\/\/periodiconuevomilenio.com\/wp-content\/uploads\/2023\/04\/IMG_9096-768x512.jpg 768w, https:\/\/periodiconuevomilenio.com\/wp-content\/uploads\/2023\/04\/IMG_9096-1536x1024.jpg 1536w, https:\/\/periodiconuevomilenio.com\/wp-content\/uploads\/2023\/04\/IMG_9096-2048x1365.jpg 2048w\" sizes=\"auto, (max-width: 1024px) 100vw, 1024px\" \/><\/figure>\n\n\n\n<figure class=\"wp-block-image size-large\"><img loading=\"lazy\" decoding=\"async\" width=\"1024\" height=\"473\" data-id=\"2618\" src=\"https:\/\/periodiconuevomilenio.com\/wp-content\/uploads\/2023\/04\/IMG_20230420_134901-1024x473.jpg\" alt=\"\" class=\"wp-image-2618\" srcset=\"https:\/\/periodiconuevomilenio.com\/wp-content\/uploads\/2023\/04\/IMG_20230420_134901-1024x473.jpg 1024w, https:\/\/periodiconuevomilenio.com\/wp-content\/uploads\/2023\/04\/IMG_20230420_134901-300x139.jpg 300w, https:\/\/periodiconuevomilenio.com\/wp-content\/uploads\/2023\/04\/IMG_20230420_134901-768x355.jpg 768w, https:\/\/periodiconuevomilenio.com\/wp-content\/uploads\/2023\/04\/IMG_20230420_134901-1536x709.jpg 1536w, https:\/\/periodiconuevomilenio.com\/wp-content\/uploads\/2023\/04\/IMG_20230420_134901-2048x946.jpg 2048w\" sizes=\"auto, (max-width: 1024px) 100vw, 1024px\" \/><\/figure>\n\n\n\n<figure class=\"wp-block-image size-large\"><img loading=\"lazy\" decoding=\"async\" width=\"1024\" height=\"683\" data-id=\"2622\" src=\"https:\/\/periodiconuevomilenio.com\/wp-content\/uploads\/2023\/04\/23-1024x683.jpg\" alt=\"\" class=\"wp-image-2622\" srcset=\"https:\/\/periodiconuevomilenio.com\/wp-content\/uploads\/2023\/04\/23-1024x683.jpg 1024w, https:\/\/periodiconuevomilenio.com\/wp-content\/uploads\/2023\/04\/23-300x200.jpg 300w, https:\/\/periodiconuevomilenio.com\/wp-content\/uploads\/2023\/04\/23-768x512.jpg 768w, https:\/\/periodiconuevomilenio.com\/wp-content\/uploads\/2023\/04\/23-1536x1024.jpg 1536w, https:\/\/periodiconuevomilenio.com\/wp-content\/uploads\/2023\/04\/23-2048x1365.jpg 2048w\" sizes=\"auto, (max-width: 1024px) 100vw, 1024px\" \/><\/figure>\n<\/figure>\n\n\n\n<figure class=\"wp-block-image size-large\"><img loading=\"lazy\" decoding=\"async\" width=\"1024\" height=\"683\" src=\"https:\/\/periodiconuevomilenio.com\/wp-content\/uploads\/2023\/04\/IMG_9059-1024x683.jpg\" alt=\"\" class=\"wp-image-2623\" srcset=\"https:\/\/periodiconuevomilenio.com\/wp-content\/uploads\/2023\/04\/IMG_9059-1024x683.jpg 1024w, https:\/\/periodiconuevomilenio.com\/wp-content\/uploads\/2023\/04\/IMG_9059-300x200.jpg 300w, https:\/\/periodiconuevomilenio.com\/wp-content\/uploads\/2023\/04\/IMG_9059-768x512.jpg 768w, https:\/\/periodiconuevomilenio.com\/wp-content\/uploads\/2023\/04\/IMG_9059-1536x1024.jpg 1536w, https:\/\/periodiconuevomilenio.com\/wp-content\/uploads\/2023\/04\/IMG_9059-2048x1365.jpg 2048w\" sizes=\"auto, (max-width: 1024px) 100vw, 1024px\" \/><\/figure>\n","protected":false},"excerpt":{"rendered":"<p>VALLE DE SANTIAGO, GTO.-&nbsp; Dentro del marco de la Semana de Vinculaci\u00f3n del CETis No. 149 se llev\u00f3<\/p>\n","protected":false},"author":1,"featured_media":2618,"comment_status":"open","ping_status":"open","sticky":false,"template":"","format":"standard","meta":{"jetpack_post_was_ever_published":false,"_jetpack_newsletter_access":"","_jetpack_dont_email_post_to_subs":false,"_jetpack_newsletter_tier_id":0,"_jetpack_memberships_contains_paywalled_content":false,"_jetpack_memberships_contains_paid_content":false,"footnotes":"","jetpack_publicize_message":"","jetpack_publicize_feature_enabled":false,"jetpack_social_post_already_shared":false,"jetpack_social_options":{"image_generator_settings":{"template":"highway","enabled":false},"version":2}},"categories":[39],"tags":[22],"class_list":["post-2617","post","type-post","status-publish","format-standard","has-post-thumbnail","hentry","category-valle-de-santiago","tag-valle"],"jetpack_publicize_connections":[],"jetpack_sharing_enabled":true,"jetpack_featured_media_url":"https:\/\/periodiconuevomilenio.com\/wp-content\/uploads\/2023\/04\/IMG_20230420_134901-scaled.jpg","_links":{"self":[{"href":"https:\/\/periodiconuevomilenio.com\/index.php\/wp-json\/wp\/v2\/posts\/2617","targetHints":{"allow":["GET"]}}],"collection":[{"href":"https:\/\/periodiconuevomilenio.com\/index.php\/wp-json\/wp\/v2\/posts"}],"about":[{"href":"https:\/\/periodiconuevomilenio.com\/index.php\/wp-json\/wp\/v2\/types\/post"}],"author":[{"embeddable":true,"href":"https:\/\/periodiconuevomilenio.com\/index.php\/wp-json\/wp\/v2\/users\/1"}],"replies":[{"embeddable":true,"href":"https:\/\/periodiconuevomilenio.com\/index.php\/wp-json\/wp\/v2\/comments?post=2617"}],"version-history":[{"count":1,"href":"https:\/\/periodiconuevomilenio.com\/index.php\/wp-json\/wp\/v2\/posts\/2617\/revisions"}],"predecessor-version":[{"id":2624,"href":"https:\/\/periodiconuevomilenio.com\/index.php\/wp-json\/wp\/v2\/posts\/2617\/revisions\/2624"}],"wp:featuredmedia":[{"embeddable":true,"href":"https:\/\/periodiconuevomilenio.com\/index.php\/wp-json\/wp\/v2\/media\/2618"}],"wp:attachment":[{"href":"https:\/\/periodiconuevomilenio.com\/index.php\/wp-json\/wp\/v2\/media?parent=2617"}],"wp:term":[{"taxonomy":"category","embeddable":true,"href":"https:\/\/periodiconuevomilenio.com\/index.php\/wp-json\/wp\/v2\/categories?post=2617"},{"taxonomy":"post_tag","embeddable":true,"href":"https:\/\/periodiconuevomilenio.com\/index.php\/wp-json\/wp\/v2\/tags?post=2617"}],"curies":[{"name":"wp","href":"https:\/\/api.w.org\/{rel}","templated":true}]}}