{"id":26268,"date":"2025-09-10T09:57:29","date_gmt":"2025-09-10T15:57:29","guid":{"rendered":"https:\/\/periodiconuevomilenio.com\/?p=26268"},"modified":"2025-09-10T09:57:32","modified_gmt":"2025-09-10T15:57:32","slug":"agentes-de-investigacion-criminal-rescatan-a-victima-de-secuestro-y-desarticulan-celula-criminal","status":"publish","type":"post","link":"https:\/\/periodiconuevomilenio.com\/index.php\/2025\/09\/10\/agentes-de-investigacion-criminal-rescatan-a-victima-de-secuestro-y-desarticulan-celula-criminal\/","title":{"rendered":"Agentes de investigaci\u00f3n criminal rescatan a v\u00edctima de secuestro y desarticulan c\u00e9lula criminal"},"content":{"rendered":"\n<p>\u00a0En una operaci\u00f3n contundente, la Fiscal\u00eda General del Estado de Guanajuato (FGE), a trav\u00e9s de la Unidad Especializada en Combate al Secuestro (UECS), logr\u00f3 rescatar a una v\u00edctima de secuestro y detener a los presuntos responsables. <\/p>\n\n\n\n<p>En la acci\u00f3n, los agentes rescataron sana y salva a la v\u00edctima, sin que su familia tuviera que entregar el dinero exigido por los presuntos delincuentes. Adem\u00e1s, se logr\u00f3 la captura de MAR\u00cdA \u201cN\u201d, OCTAVIO \u201cN\u201d, IGNACIO \u201cN\u201d y JOS\u00c9 ANTONIO \u201cN\u201d y el aseguramiento de un arma de fuego, un veh\u00edculo y un inmueble en el municipio de Salamanca. <\/p>\n\n\n\n<p>El pasado 26 de agosto de 2025, en la comunidad de San Antonio de Mogotes, municipio de Valle de Santiago, una v\u00edctima de 37 a\u00f1os, desapareci\u00f3 luego de salir de su negocio. Horas m\u00e1s tarde, su familia comenz\u00f3 a recibir llamadas de personas que lo ten\u00edan privado de su libertad, exigi\u00e9ndoles fuertes sumas de dinero para dejarlo libre. <\/p>\n\n\n\n<p>Adem\u00e1s de las llamadas, los delincuentes mandaron audios, videos y fotograf\u00edas, donde se ve\u00eda al ofendido sometido y lastimado. De inmediato, la familia denunci\u00f3 el hecho y la Fiscal\u00eda de Guanajuato, a trav\u00e9s de la Fiscal\u00eda Especializada en Investigaci\u00f3n de Delitos de Alto Impacto, inici\u00f3 las indagatorias para ubicar el lugar, liberar a la v\u00edctima y detener a los presuntos secuestradores.<\/p>\n\n\n\n<p> Un grupo de agentes trabaj\u00f3 en la investigaci\u00f3n, con apoyo de en equipo de manejo de crisis, quienes guiaron a la familia durante el proceso. Gracias a la informaci\u00f3n recabada, se logr\u00f3 ubicar un inmueble en la colonia San Jos\u00e9 de los Naranjos, en Salamanca, donde se ten\u00eda informaci\u00f3n que ah\u00ed manten\u00edan personas privadas de la libertad. <\/p>\n\n\n\n<p>Al ingresar, los agentes detuvieron a varias personas, una de ellas con un arma de fuego, adem\u00e1s del rescate con vida de la v\u00edctima, quien confirm\u00f3 que sus captores ped\u00edan dinero a cambio de su libertad y lo hab\u00edan lesionado en la mano derecha. <\/p>\n\n\n\n<p>En audiencia, los detenidos quedaron vinculados a proceso penal por el delito de secuestro agravado, y ser\u00e1 conforme al avance del debido proceso que se determine su responsabilidad y las sanciones que establece la ley. <\/p>\n\n\n\n<p>La FGE refrenda su compromiso de trabajar con eficacia y firmeza en el combate al secuestro, protegiendo la vida de las personas y llevando a los responsables ante la justicia.<\/p>\n\n\n\n<figure class=\"wp-block-image size-large\"><img loading=\"lazy\" decoding=\"async\" width=\"1024\" height=\"721\" src=\"https:\/\/periodiconuevomilenio.com\/wp-content\/uploads\/2025\/09\/f273dab6-1d0f-497b-8854-f248d3ecc6ca-1024x721.jpg\" alt=\"\" class=\"wp-image-26269\" srcset=\"https:\/\/periodiconuevomilenio.com\/wp-content\/uploads\/2025\/09\/f273dab6-1d0f-497b-8854-f248d3ecc6ca-1024x721.jpg 1024w, https:\/\/periodiconuevomilenio.com\/wp-content\/uploads\/2025\/09\/f273dab6-1d0f-497b-8854-f248d3ecc6ca-300x211.jpg 300w, https:\/\/periodiconuevomilenio.com\/wp-content\/uploads\/2025\/09\/f273dab6-1d0f-497b-8854-f248d3ecc6ca-768x541.jpg 768w, https:\/\/periodiconuevomilenio.com\/wp-content\/uploads\/2025\/09\/f273dab6-1d0f-497b-8854-f248d3ecc6ca.jpg 1280w\" sizes=\"auto, (max-width: 1024px) 100vw, 1024px\" \/><\/figure>\n\n\n","protected":false},"excerpt":{"rendered":"<p>\u00a0En una operaci\u00f3n contundente, la Fiscal\u00eda General del Estado de Guanajuato (FGE), a trav\u00e9s de la Unidad Especializada<\/p>\n","protected":false},"author":1,"featured_media":26269,"comment_status":"open","ping_status":"open","sticky":false,"template":"","format":"standard","meta":{"jetpack_post_was_ever_published":false,"_jetpack_newsletter_access":"","_jetpack_dont_email_post_to_subs":false,"_jetpack_newsletter_tier_id":0,"_jetpack_memberships_contains_paywalled_content":false,"_jetpack_memberships_contains_paid_content":false,"footnotes":"","jetpack_publicize_message":"","jetpack_publicize_feature_enabled":false,"jetpack_social_post_already_shared":false,"jetpack_social_options":{"image_generator_settings":{"template":"highway","enabled":false},"version":2}},"categories":[31,39],"tags":[51,22],"class_list":["post-26268","post","type-post","status-publish","format-standard","has-post-thumbnail","hentry","category-estado","category-valle-de-santiago","tag-estado","tag-valle"],"jetpack_publicize_connections":[],"jetpack_sharing_enabled":true,"jetpack_featured_media_url":"https:\/\/periodiconuevomilenio.com\/wp-content\/uploads\/2025\/09\/f273dab6-1d0f-497b-8854-f248d3ecc6ca.jpg","_links":{"self":[{"href":"https:\/\/periodiconuevomilenio.com\/index.php\/wp-json\/wp\/v2\/posts\/26268","targetHints":{"allow":["GET"]}}],"collection":[{"href":"https:\/\/periodiconuevomilenio.com\/index.php\/wp-json\/wp\/v2\/posts"}],"about":[{"href":"https:\/\/periodiconuevomilenio.com\/index.php\/wp-json\/wp\/v2\/types\/post"}],"author":[{"embeddable":true,"href":"https:\/\/periodiconuevomilenio.com\/index.php\/wp-json\/wp\/v2\/users\/1"}],"replies":[{"embeddable":true,"href":"https:\/\/periodiconuevomilenio.com\/index.php\/wp-json\/wp\/v2\/comments?post=26268"}],"version-history":[{"count":1,"href":"https:\/\/periodiconuevomilenio.com\/index.php\/wp-json\/wp\/v2\/posts\/26268\/revisions"}],"predecessor-version":[{"id":26270,"href":"https:\/\/periodiconuevomilenio.com\/index.php\/wp-json\/wp\/v2\/posts\/26268\/revisions\/26270"}],"wp:featuredmedia":[{"embeddable":true,"href":"https:\/\/periodiconuevomilenio.com\/index.php\/wp-json\/wp\/v2\/media\/26269"}],"wp:attachment":[{"href":"https:\/\/periodiconuevomilenio.com\/index.php\/wp-json\/wp\/v2\/media?parent=26268"}],"wp:term":[{"taxonomy":"category","embeddable":true,"href":"https:\/\/periodiconuevomilenio.com\/index.php\/wp-json\/wp\/v2\/categories?post=26268"},{"taxonomy":"post_tag","embeddable":true,"href":"https:\/\/periodiconuevomilenio.com\/index.php\/wp-json\/wp\/v2\/tags?post=26268"}],"curies":[{"name":"wp","href":"https:\/\/api.w.org\/{rel}","templated":true}]}}