{"id":26272,"date":"2025-09-10T22:27:11","date_gmt":"2025-09-11T04:27:11","guid":{"rendered":"https:\/\/periodiconuevomilenio.com\/?p=26272"},"modified":"2025-09-10T22:27:13","modified_gmt":"2025-09-11T04:27:13","slug":"lamentable-hecho-en-valle","status":"publish","type":"post","link":"https:\/\/periodiconuevomilenio.com\/index.php\/2025\/09\/10\/lamentable-hecho-en-valle\/","title":{"rendered":"\u00a0Lamentable hecho En Valle"},"content":{"rendered":"\n<p>e Valle de Santiago, Gto.- Esta tarde, un joven fue asesinado a balazos en la calle Privada 14 de Septiembre. Seg\u00fan reportes preliminares, el ataque ocurri\u00f3 poco despu\u00e9s de las 6:00 p.m., cuando vecinos alertaron al 911 sobre detonaciones de arma de fuego y solicitaron apoyo de polic\u00edas y param\u00e9dicos.<\/p>\n\n\n\n<p>La v\u00edctima, identificada en el lugar como \u201cEl Chon\u201d. Al llegar, los param\u00e9dicos de Bomberos confirmaron que ya no presentaba signos vitales.<\/p>\n\n\n\n<p>Se trataba de un hombre de entre 30 y 35 a\u00f1os, quien vest\u00eda camisa gris, pantal\u00f3n de mezclilla y tenis negros. Amigos y familiares acudieron al sitio y lo reconocieron.<\/p>\n\n\n\n<p>\ud83d\udd0d Las autoridades realizaron labores en la zona durante varias horas. El cuerpo fue trasladado al Servicio M\u00e9dico Forense, donde se continuar\u00e1 con las investigaciones para esclarecer este tr\u00e1gico suceso.<\/p>\n\n\n\n<figure class=\"wp-block-image size-large\"><img loading=\"lazy\" decoding=\"async\" width=\"1024\" height=\"683\" src=\"https:\/\/periodiconuevomilenio.com\/wp-content\/uploads\/2025\/09\/img_6969-1024x683.jpg\" alt=\"\" class=\"wp-image-26273\" srcset=\"https:\/\/periodiconuevomilenio.com\/wp-content\/uploads\/2025\/09\/img_6969-1024x683.jpg 1024w, https:\/\/periodiconuevomilenio.com\/wp-content\/uploads\/2025\/09\/img_6969-300x200.jpg 300w, https:\/\/periodiconuevomilenio.com\/wp-content\/uploads\/2025\/09\/img_6969-768x512.jpg 768w, https:\/\/periodiconuevomilenio.com\/wp-content\/uploads\/2025\/09\/img_6969-1536x1024.jpg 1536w, https:\/\/periodiconuevomilenio.com\/wp-content\/uploads\/2025\/09\/img_6969-2048x1365.jpg 2048w\" sizes=\"auto, (max-width: 1024px) 100vw, 1024px\" \/><\/figure>\n","protected":false},"excerpt":{"rendered":"<p>e Valle de Santiago, Gto.- Esta tarde, un joven fue asesinado a balazos en la calle Privada 14<\/p>\n","protected":false},"author":1,"featured_media":26273,"comment_status":"open","ping_status":"open","sticky":false,"template":"","format":"standard","meta":{"jetpack_post_was_ever_published":false,"_jetpack_newsletter_access":"","_jetpack_dont_email_post_to_subs":false,"_jetpack_newsletter_tier_id":0,"_jetpack_memberships_contains_paywalled_content":false,"_jetpack_memberships_contains_paid_content":false,"footnotes":"","jetpack_publicize_message":"","jetpack_publicize_feature_enabled":false,"jetpack_social_post_already_shared":false,"jetpack_social_options":{"image_generator_settings":{"template":"highway","enabled":false},"version":2}},"categories":[31,48,39],"tags":[51,22],"class_list":["post-26272","post","type-post","status-publish","format-standard","has-post-thumbnail","hentry","category-estado","category-policiaca","category-valle-de-santiago","tag-estado","tag-valle"],"jetpack_publicize_connections":[],"jetpack_sharing_enabled":true,"jetpack_featured_media_url":"https:\/\/periodiconuevomilenio.com\/wp-content\/uploads\/2025\/09\/img_6969-scaled.jpg","_links":{"self":[{"href":"https:\/\/periodiconuevomilenio.com\/index.php\/wp-json\/wp\/v2\/posts\/26272","targetHints":{"allow":["GET"]}}],"collection":[{"href":"https:\/\/periodiconuevomilenio.com\/index.php\/wp-json\/wp\/v2\/posts"}],"about":[{"href":"https:\/\/periodiconuevomilenio.com\/index.php\/wp-json\/wp\/v2\/types\/post"}],"author":[{"embeddable":true,"href":"https:\/\/periodiconuevomilenio.com\/index.php\/wp-json\/wp\/v2\/users\/1"}],"replies":[{"embeddable":true,"href":"https:\/\/periodiconuevomilenio.com\/index.php\/wp-json\/wp\/v2\/comments?post=26272"}],"version-history":[{"count":1,"href":"https:\/\/periodiconuevomilenio.com\/index.php\/wp-json\/wp\/v2\/posts\/26272\/revisions"}],"predecessor-version":[{"id":26274,"href":"https:\/\/periodiconuevomilenio.com\/index.php\/wp-json\/wp\/v2\/posts\/26272\/revisions\/26274"}],"wp:featuredmedia":[{"embeddable":true,"href":"https:\/\/periodiconuevomilenio.com\/index.php\/wp-json\/wp\/v2\/media\/26273"}],"wp:attachment":[{"href":"https:\/\/periodiconuevomilenio.com\/index.php\/wp-json\/wp\/v2\/media?parent=26272"}],"wp:term":[{"taxonomy":"category","embeddable":true,"href":"https:\/\/periodiconuevomilenio.com\/index.php\/wp-json\/wp\/v2\/categories?post=26272"},{"taxonomy":"post_tag","embeddable":true,"href":"https:\/\/periodiconuevomilenio.com\/index.php\/wp-json\/wp\/v2\/tags?post=26272"}],"curies":[{"name":"wp","href":"https:\/\/api.w.org\/{rel}","templated":true}]}}