{"id":2642,"date":"2023-04-25T23:46:14","date_gmt":"2023-04-26T05:46:14","guid":{"rendered":"https:\/\/periodiconuevomilenio.com\/?p=2642"},"modified":"2023-04-25T23:48:42","modified_gmt":"2023-04-26T05:48:42","slug":"se-queda-sin-frenos-y-se-impacta-contra-una-vivienda","status":"publish","type":"post","link":"https:\/\/periodiconuevomilenio.com\/index.php\/2023\/04\/25\/se-queda-sin-frenos-y-se-impacta-contra-una-vivienda\/","title":{"rendered":"Se queda sin frenos y s\u00e9 Impacta contra una vivienda"},"content":{"rendered":"\n<p><\/p>\n\n\n\n<p><\/p>\n\n\n\n<p>JARAL DEL PROGRESO, GTO.-Terrible accidente se registr\u00f3 este martes 25 de abril, aparentemente un cami\u00f3n cargado con tarimas se qued\u00f3 sin frenos y termin\u00f3 impact\u00e1ndose contra&nbsp; una vivienda, ocasionando graves da\u00f1os al port\u00f3n y a la barda.<\/p>\n\n\n\n<p>&nbsp;Fue cerca del mediod\u00eda cuando se avis\u00f3 mediante el sistema de emergencia 911 que se requer\u00eda de la presencia de elementos de protecci\u00f3n civil y bomberos, ya que se hab\u00eda registrado un accidente, donde un cami\u00f3n cargado con tarimas de madera se hab\u00eda impactado contra una vivienda y se desconoc\u00eda si hab\u00eda heridos.<\/p>\n\n\n\n<p>Aparentemente, la unidad se qued\u00f3 sin frenos y sin control alguno que termin\u00f3 literalmente al interior&nbsp; de la casa&nbsp; de la calle Calixto de la colonia Emiliano Zapata.<\/p>\n\n\n\n<p>Por fortuna&nbsp; no se registraron heridos,&nbsp; reporto protecci\u00f3n civil, donde solo hicieron acto de presencia para hacer valoraci\u00f3n del conductor como a la vivienda, solo qued\u00f3 en da\u00f1os materiales y hacer la recomendaci\u00f3n de&nbsp; siempre checar el estado mec\u00e1nico de los veh\u00edculos&nbsp; y&nbsp;&nbsp; manejar con precauci\u00f3n.<\/p>\n\n\n\n<figure class=\"wp-block-gallery has-nested-images columns-default is-cropped wp-block-gallery-1 is-layout-flex wp-block-gallery-is-layout-flex\">\n<figure class=\"wp-block-image size-large\"><img loading=\"lazy\" decoding=\"async\" width=\"1024\" height=\"582\" data-id=\"2643\" src=\"https:\/\/periodiconuevomilenio.com\/wp-content\/uploads\/2023\/04\/db7ec5bc-8170-4b7c-a7ec-072f2c10f5aa-1024x582.jpg\" alt=\"\" class=\"wp-image-2643\" srcset=\"https:\/\/periodiconuevomilenio.com\/wp-content\/uploads\/2023\/04\/db7ec5bc-8170-4b7c-a7ec-072f2c10f5aa-1024x582.jpg 1024w, https:\/\/periodiconuevomilenio.com\/wp-content\/uploads\/2023\/04\/db7ec5bc-8170-4b7c-a7ec-072f2c10f5aa-300x171.jpg 300w, https:\/\/periodiconuevomilenio.com\/wp-content\/uploads\/2023\/04\/db7ec5bc-8170-4b7c-a7ec-072f2c10f5aa-768x437.jpg 768w, https:\/\/periodiconuevomilenio.com\/wp-content\/uploads\/2023\/04\/db7ec5bc-8170-4b7c-a7ec-072f2c10f5aa.jpg 1280w\" sizes=\"auto, (max-width: 1024px) 100vw, 1024px\" \/><\/figure>\n\n\n\n<figure class=\"wp-block-image size-large\"><img loading=\"lazy\" decoding=\"async\" width=\"1024\" height=\"617\" data-id=\"2644\" src=\"https:\/\/periodiconuevomilenio.com\/wp-content\/uploads\/2023\/04\/41c4641d-9852-4c84-9d51-415e01e0f541-1024x617.jpg\" alt=\"\" class=\"wp-image-2644\" srcset=\"https:\/\/periodiconuevomilenio.com\/wp-content\/uploads\/2023\/04\/41c4641d-9852-4c84-9d51-415e01e0f541-1024x617.jpg 1024w, https:\/\/periodiconuevomilenio.com\/wp-content\/uploads\/2023\/04\/41c4641d-9852-4c84-9d51-415e01e0f541-300x181.jpg 300w, https:\/\/periodiconuevomilenio.com\/wp-content\/uploads\/2023\/04\/41c4641d-9852-4c84-9d51-415e01e0f541-768x462.jpg 768w, https:\/\/periodiconuevomilenio.com\/wp-content\/uploads\/2023\/04\/41c4641d-9852-4c84-9d51-415e01e0f541.jpg 1116w\" sizes=\"auto, (max-width: 1024px) 100vw, 1024px\" \/><\/figure>\n<\/figure>\n","protected":false},"excerpt":{"rendered":"<p>JARAL DEL PROGRESO, GTO.-Terrible accidente se registr\u00f3 este martes 25 de abril, aparentemente un cami\u00f3n cargado con tarimas<\/p>\n","protected":false},"author":1,"featured_media":2644,"comment_status":"open","ping_status":"open","sticky":false,"template":"","format":"standard","meta":{"jetpack_post_was_ever_published":false,"_jetpack_newsletter_access":"","_jetpack_dont_email_post_to_subs":false,"_jetpack_newsletter_tier_id":0,"_jetpack_memberships_contains_paywalled_content":false,"_jetpack_memberships_contains_paid_content":false,"footnotes":"","jetpack_publicize_message":"","jetpack_publicize_feature_enabled":false,"jetpack_social_post_already_shared":false,"jetpack_social_options":{"image_generator_settings":{"template":"highway","enabled":false},"version":2}},"categories":[34,48],"tags":[23],"class_list":["post-2642","post","type-post","status-publish","format-standard","has-post-thumbnail","hentry","category-jaral-del-progreso","category-policiaca","tag-jaral"],"jetpack_publicize_connections":[],"jetpack_sharing_enabled":true,"jetpack_featured_media_url":"https:\/\/periodiconuevomilenio.com\/wp-content\/uploads\/2023\/04\/41c4641d-9852-4c84-9d51-415e01e0f541.jpg","_links":{"self":[{"href":"https:\/\/periodiconuevomilenio.com\/index.php\/wp-json\/wp\/v2\/posts\/2642","targetHints":{"allow":["GET"]}}],"collection":[{"href":"https:\/\/periodiconuevomilenio.com\/index.php\/wp-json\/wp\/v2\/posts"}],"about":[{"href":"https:\/\/periodiconuevomilenio.com\/index.php\/wp-json\/wp\/v2\/types\/post"}],"author":[{"embeddable":true,"href":"https:\/\/periodiconuevomilenio.com\/index.php\/wp-json\/wp\/v2\/users\/1"}],"replies":[{"embeddable":true,"href":"https:\/\/periodiconuevomilenio.com\/index.php\/wp-json\/wp\/v2\/comments?post=2642"}],"version-history":[{"count":1,"href":"https:\/\/periodiconuevomilenio.com\/index.php\/wp-json\/wp\/v2\/posts\/2642\/revisions"}],"predecessor-version":[{"id":2645,"href":"https:\/\/periodiconuevomilenio.com\/index.php\/wp-json\/wp\/v2\/posts\/2642\/revisions\/2645"}],"wp:featuredmedia":[{"embeddable":true,"href":"https:\/\/periodiconuevomilenio.com\/index.php\/wp-json\/wp\/v2\/media\/2644"}],"wp:attachment":[{"href":"https:\/\/periodiconuevomilenio.com\/index.php\/wp-json\/wp\/v2\/media?parent=2642"}],"wp:term":[{"taxonomy":"category","embeddable":true,"href":"https:\/\/periodiconuevomilenio.com\/index.php\/wp-json\/wp\/v2\/categories?post=2642"},{"taxonomy":"post_tag","embeddable":true,"href":"https:\/\/periodiconuevomilenio.com\/index.php\/wp-json\/wp\/v2\/tags?post=2642"}],"curies":[{"name":"wp","href":"https:\/\/api.w.org\/{rel}","templated":true}]}}