{"id":2652,"date":"2023-04-26T00:03:32","date_gmt":"2023-04-26T06:03:32","guid":{"rendered":"https:\/\/periodiconuevomilenio.com\/?p=2652"},"modified":"2023-04-26T00:03:34","modified_gmt":"2023-04-26T06:03:34","slug":"la-delegacion-vi-recibe-insignia-planet-youth","status":"publish","type":"post","link":"https:\/\/periodiconuevomilenio.com\/index.php\/2023\/04\/26\/la-delegacion-vi-recibe-insignia-planet-youth\/","title":{"rendered":"La Delegaci\u00f3n VI recibe insignia Planet Youth"},"content":{"rendered":"\n<ul class=\"wp-block-list\">\n<li><strong>Se refuerza el compromiso de generar entornos protectores y saludables<\/strong>.<\/li>\n<\/ul>\n\n\n\n<p><strong>Abasolo, Gto. 25 de abril de 2023.<\/strong>\u2013 La Delegaci\u00f3n de Educaci\u00f3n en la Regi\u00f3n VI de la SEG recibi\u00f3 la insignia plata Planet Youth por parte de la Secretar\u00eda de Salud, con lo que se refuerza el trabajo por el fortalecimiento de factores de protecci\u00f3n, mitigaci\u00f3n de factores de riesgo y la creaci\u00f3n de entornos comunitarios saludables para ni\u00f1as, ni\u00f1os y adolescentes.<\/p>\n\n\n\n<p>El Delegado de la Regi\u00f3n VI, Anselmo Conejo Cornejo, se\u00f1al\u00f3 que esta insignia no es una meta, sino que es un paso m\u00e1s en el camino correcto, en el cumplimiento de los compromisos adquiridos. \u201cEstamos comprometidos en generar entornos protectores para prevenir y alejar a los menores del consumo de alcohol, tabaco y otras formas que da\u00f1an su salud y su desarrollo\u201d.<\/p>\n\n\n\n<p>Agreg\u00f3 que el sector educativo es un brazo fundamental para sacar adelante esta estrategia en coordinaci\u00f3n con salud y seguridad.<\/p>\n\n\n\n<p>Agradeci\u00f3 el acompa\u00f1amiento de la Jurisdicci\u00f3n Sanitaria VI y a su titular Dr. Jos\u00e9 Luis Mart\u00ednez Cendejas por ese trabajo conjunto que se realiza entre ambas instancias, como temas psicol\u00f3gicos, nutricionales, capacitaciones, as\u00ed como tambi\u00e9n el apoyo y el trabajo de las autoridades municipales.<\/p>\n\n\n\n<p>La presidenta municipal, Roc\u00edo Cervantes Barba, reiter\u00f3 el compromiso de trabajar con la Secretar\u00eda de Educaci\u00f3n a trav\u00e9s de la Delegaci\u00f3n Regional y con las autoridades de salud.<\/p>\n\n\n\n<p>\u201cHay muchas acciones que se han realizado en conjunto para fortalecer la educaci\u00f3n de nuestras ni\u00f1as, ni\u00f1os y adolescentes\u201d.<\/p>\n\n\n\n<p>Por su parte, el Dr. Jos\u00e9 Luis Mart\u00ednez Cendejas, Jefe de la Jurisdicci\u00f3n Sanitaria VI, puntualiz\u00f3, dijo \u201cestamos todos enfocados bajo una tarea, en generar un entorno favorable para nuestras ni\u00f1as, ni\u00f1os y adolescentes, lo que involucra a las autoridades educativas, pues ustedes conviven con ellos en todos sus niveles educativos\u201d.<\/p>\n\n\n\n<p>\u201cAlgo que tenemos que recordar y tenemos que cuidar como adultos, es brindar tiempo de calidad como padres y madres de familia, no esperemos que alguien m\u00e1s s\u00e9 los d\u00e9, finaliz\u00f3.<\/p>\n\n\n\n<figure class=\"wp-block-gallery has-nested-images columns-default is-cropped wp-block-gallery-1 is-layout-flex wp-block-gallery-is-layout-flex\">\n<figure class=\"wp-block-image size-large\"><img loading=\"lazy\" decoding=\"async\" width=\"1024\" height=\"760\" data-id=\"2654\" src=\"https:\/\/periodiconuevomilenio.com\/wp-content\/uploads\/2023\/04\/05-13-1024x760.jpg\" alt=\"\" class=\"wp-image-2654\" srcset=\"https:\/\/periodiconuevomilenio.com\/wp-content\/uploads\/2023\/04\/05-13-1024x760.jpg 1024w, https:\/\/periodiconuevomilenio.com\/wp-content\/uploads\/2023\/04\/05-13-300x223.jpg 300w, https:\/\/periodiconuevomilenio.com\/wp-content\/uploads\/2023\/04\/05-13-768x570.jpg 768w, https:\/\/periodiconuevomilenio.com\/wp-content\/uploads\/2023\/04\/05-13.jpg 1280w\" sizes=\"auto, (max-width: 1024px) 100vw, 1024px\" \/><\/figure>\n\n\n\n<figure class=\"wp-block-image size-large\"><img loading=\"lazy\" decoding=\"async\" width=\"1024\" height=\"693\" data-id=\"2655\" src=\"https:\/\/periodiconuevomilenio.com\/wp-content\/uploads\/2023\/04\/06-8-1024x693.jpg\" alt=\"\" class=\"wp-image-2655\" srcset=\"https:\/\/periodiconuevomilenio.com\/wp-content\/uploads\/2023\/04\/06-8-1024x693.jpg 1024w, https:\/\/periodiconuevomilenio.com\/wp-content\/uploads\/2023\/04\/06-8-300x203.jpg 300w, https:\/\/periodiconuevomilenio.com\/wp-content\/uploads\/2023\/04\/06-8-768x520.jpg 768w, https:\/\/periodiconuevomilenio.com\/wp-content\/uploads\/2023\/04\/06-8.jpg 1280w\" sizes=\"auto, (max-width: 1024px) 100vw, 1024px\" \/><\/figure>\n\n\n\n<figure class=\"wp-block-image size-large\"><img loading=\"lazy\" decoding=\"async\" width=\"1024\" height=\"423\" data-id=\"2653\" src=\"https:\/\/periodiconuevomilenio.com\/wp-content\/uploads\/2023\/04\/01-copia-1024x423.jpg\" alt=\"\" class=\"wp-image-2653\" srcset=\"https:\/\/periodiconuevomilenio.com\/wp-content\/uploads\/2023\/04\/01-copia-1024x423.jpg 1024w, https:\/\/periodiconuevomilenio.com\/wp-content\/uploads\/2023\/04\/01-copia-300x124.jpg 300w, https:\/\/periodiconuevomilenio.com\/wp-content\/uploads\/2023\/04\/01-copia-768x317.jpg 768w, https:\/\/periodiconuevomilenio.com\/wp-content\/uploads\/2023\/04\/01-copia.jpg 1053w\" sizes=\"auto, (max-width: 1024px) 100vw, 1024px\" \/><\/figure>\n\n\n\n<figure class=\"wp-block-image size-large\"><img loading=\"lazy\" decoding=\"async\" width=\"1024\" height=\"720\" data-id=\"2656\" src=\"https:\/\/periodiconuevomilenio.com\/wp-content\/uploads\/2023\/04\/02-copia-1024x720.jpg\" alt=\"\" class=\"wp-image-2656\" srcset=\"https:\/\/periodiconuevomilenio.com\/wp-content\/uploads\/2023\/04\/02-copia-1024x720.jpg 1024w, https:\/\/periodiconuevomilenio.com\/wp-content\/uploads\/2023\/04\/02-copia-300x211.jpg 300w, https:\/\/periodiconuevomilenio.com\/wp-content\/uploads\/2023\/04\/02-copia-768x540.jpg 768w, https:\/\/periodiconuevomilenio.com\/wp-content\/uploads\/2023\/04\/02-copia.jpg 1280w\" sizes=\"auto, (max-width: 1024px) 100vw, 1024px\" \/><\/figure>\n<\/figure>\n","protected":false},"excerpt":{"rendered":"<p>Abasolo, Gto. 25 de abril de 2023.\u2013 La Delegaci\u00f3n de Educaci\u00f3n en la Regi\u00f3n VI de la SEG<\/p>\n","protected":false},"author":1,"featured_media":2654,"comment_status":"open","ping_status":"open","sticky":false,"template":"","format":"standard","meta":{"jetpack_post_was_ever_published":false,"_jetpack_newsletter_access":"","_jetpack_dont_email_post_to_subs":false,"_jetpack_newsletter_tier_id":0,"_jetpack_memberships_contains_paywalled_content":false,"_jetpack_memberships_contains_paid_content":false,"footnotes":"","jetpack_publicize_message":"","jetpack_publicize_feature_enabled":false,"jetpack_social_post_already_shared":false,"jetpack_social_options":{"image_generator_settings":{"template":"highway","enabled":false},"version":2}},"categories":[32],"tags":[25],"class_list":["post-2652","post","type-post","status-publish","format-standard","has-post-thumbnail","hentry","category-abasolo","tag-abasolo"],"jetpack_publicize_connections":[],"jetpack_sharing_enabled":true,"jetpack_featured_media_url":"https:\/\/periodiconuevomilenio.com\/wp-content\/uploads\/2023\/04\/05-13.jpg","_links":{"self":[{"href":"https:\/\/periodiconuevomilenio.com\/index.php\/wp-json\/wp\/v2\/posts\/2652","targetHints":{"allow":["GET"]}}],"collection":[{"href":"https:\/\/periodiconuevomilenio.com\/index.php\/wp-json\/wp\/v2\/posts"}],"about":[{"href":"https:\/\/periodiconuevomilenio.com\/index.php\/wp-json\/wp\/v2\/types\/post"}],"author":[{"embeddable":true,"href":"https:\/\/periodiconuevomilenio.com\/index.php\/wp-json\/wp\/v2\/users\/1"}],"replies":[{"embeddable":true,"href":"https:\/\/periodiconuevomilenio.com\/index.php\/wp-json\/wp\/v2\/comments?post=2652"}],"version-history":[{"count":1,"href":"https:\/\/periodiconuevomilenio.com\/index.php\/wp-json\/wp\/v2\/posts\/2652\/revisions"}],"predecessor-version":[{"id":2657,"href":"https:\/\/periodiconuevomilenio.com\/index.php\/wp-json\/wp\/v2\/posts\/2652\/revisions\/2657"}],"wp:featuredmedia":[{"embeddable":true,"href":"https:\/\/periodiconuevomilenio.com\/index.php\/wp-json\/wp\/v2\/media\/2654"}],"wp:attachment":[{"href":"https:\/\/periodiconuevomilenio.com\/index.php\/wp-json\/wp\/v2\/media?parent=2652"}],"wp:term":[{"taxonomy":"category","embeddable":true,"href":"https:\/\/periodiconuevomilenio.com\/index.php\/wp-json\/wp\/v2\/categories?post=2652"},{"taxonomy":"post_tag","embeddable":true,"href":"https:\/\/periodiconuevomilenio.com\/index.php\/wp-json\/wp\/v2\/tags?post=2652"}],"curies":[{"name":"wp","href":"https:\/\/api.w.org\/{rel}","templated":true}]}}